{"id":21667,"date":"2026-09-04T14:27:54","date_gmt":"2026-09-04T18:27:54","guid":{"rendered":"https:\/\/jornalregionalms.com.br\/?p=21667"},"modified":"2026-09-04T14:27:54","modified_gmt":"2026-09-04T18:27:54","slug":"sao-luis-celebra-414-anos-com-shows-gratuitos-durante-o-mes-todo","status":"publish","type":"post","link":"https:\/\/jornalregionalms.com.br\/?p=21667","title":{"rendered":"S\u00e3o Lu\u00eds celebra 414 anos com shows gratuitos durante o m\u00eas todo"},"content":{"rendered":"<p>Em todo o pa\u00eds tem gente preparada para aproveitar o feriado da Independ\u00eancia, n\u00e3o \u00e9?<img decoding=\"async\" src=\"https:\/\/agenciabrasil.ebc.com.br\/ebc.png?id=1701536&#038;o=rss\"><img decoding=\"async\" src=\"https:\/\/agenciabrasil.ebc.com.br\/ebc.gif?id=1701536&#038;o=rss\"><\/p>\n<p>Mas na cidade de S\u00e3o Lu\u00eds, no Maranh\u00e3o, esse feriad\u00e3o ter\u00e1 um dia a mais.<\/p>\n<p>\u00c9 que a capital maranhense tamb\u00e9m comemora, dia 8 de setembro, seus 414 anos de funda\u00e7\u00e3o.<\/p>\n<p>Para celebrar a data, foi preparada uma programa\u00e7\u00e3o que se estende ao longo de todo o m\u00eas de setembro.<\/p>\n<p>Todas as apresenta\u00e7\u00f5es, abertas ao p\u00fablico, acontecem na Cidade da Alegria, no centro hist\u00f3rico, ao lado do Terminal da Praia Grande.<\/p>\n<p>Para come\u00e7ar, <strong>S\u00e3o Lu\u00eds, tamb\u00e9m conhecida como &#8220;Jamaica Brasileira&#8221;, abre as festas no s\u00e1bado (5) com a &#8220;Noite do Reggae&#8221;<\/strong>.<\/p>\n<p>A abertura oficial celebra o Dia Municipal do Reggueiro e a influ\u00eancia do ritmo jamaicano com shows de Alpha Blondy e C\u00e9lia Sampaio.<\/p>\n<p>No dia seguinte, quem se apresenta na &#8220;Noite do Pop Nacional&#8221; s\u00e3o os cantores F\u00e1bio Jr., Maria Rita e Hungria.<\/p>\n<p>No dia 7, feriado da Independ\u00eancia, a noite \u00e9 dedicada ao sertanejo, com apresenta\u00e7\u00f5es de Simone Mendes, Maiara &#038; Maraisa e Matheus Fernandes.<\/p>\n<p>E no anivers\u00e1rio da cidade, dia 8 de setembro, muito samba e MPB com a maranhense Alcione, Thiaguinho e Carlinhos Veloz.<\/p>\n<p>Mas a festa n\u00e3o acaba, porque a sexta-feira seguinte, dia 11, ser\u00e1 de m\u00fasica gospel, com Gabriela Rocha e Felipe Rodrigues.<\/p>\n<p>No s\u00e1bado, \u00e9 dia de rock nacional, com as bandas Dado Villa-Lobos, Jota Quest e Capital Inicial.<\/p>\n<p>E no domingo, o arrocha de Pablo e Neto Britto.<\/p>\n<p>Acha que acabou? Ainda n\u00e3o.<\/p>\n<p><strong>Nos dias 17 e 18, ainda acontecem os shows da banda Calypso, Pabllo Vittar, Iza e Lu\u00edsa Sonza<\/strong>.<\/p>\n<p><strong>O feriad\u00e3o da Independ\u00eancia e o anivers\u00e1rio de S\u00e3o Lu\u00eds t\u00eam s\u00f3 quatro dias, mas a festa \u00e9 o m\u00eas de setembro inteiro<\/strong>.<\/p>\n<p><em>*Com sonoplastia de Jailton Sodr\u00e9<\/em><\/p>\n<p>  <span class=\"hms hms-format-m-ss\">1:52<\/span><\/p>\n","protected":false},"excerpt":{"rendered":"<p>Em todo o pa\u00eds tem gente preparada para aproveitar o feriado da Independ\u00eancia, n\u00e3o \u00e9? Mas na cidade de S\u00e3o Lu\u00eds, no Maranh\u00e3o, esse feriad\u00e3o ter\u00e1 um dia a mais. \u00c9 que a capital maranhense tamb\u00e9m comemora, dia 8 de setembro, seus 414 anos de funda\u00e7\u00e3o. Para celebrar a data, foi preparada uma programa\u00e7\u00e3o que [&hellip;]<\/p>\n","protected":false},"author":1,"featured_media":21668,"comment_status":"open","ping_status":"open","sticky":false,"template":"","format":"standard","meta":{"site-sidebar-layout":"default","site-content-layout":"","ast-site-content-layout":"","site-content-style":"default","site-sidebar-style":"default","ast-global-header-display":"","ast-banner-title-visibility":"","ast-main-header-display":"","ast-hfb-above-header-display":"","ast-hfb-below-header-display":"","ast-hfb-mobile-header-display":"","site-post-title":"","ast-breadcrumbs-content":"","ast-featured-img":"","footer-sml-layout":"","theme-transparent-header-meta":"","adv-header-id-meta":"","stick-header-meta":"","header-above-stick-meta":"","header-main-stick-meta":"","header-below-stick-meta":"","astra-migrate-meta-layouts":"default","ast-page-background-enabled":"default","ast-page-background-meta":{"desktop":{"background-color":"var(--ast-global-color-4)","background-image":"","background-repeat":"repeat","background-position":"center center","background-size":"auto","background-attachment":"scroll","background-type":"","background-media":"","overlay-type":"","overlay-color":"","overlay-opacity":"","overlay-gradient":""},"tablet":{"background-color":"","background-image":"","background-repeat":"repeat","background-position":"center center","background-size":"auto","background-attachment":"scroll","background-type":"","background-media":"","overlay-type":"","overlay-color":"","overlay-opacity":"","overlay-gradient":""},"mobile":{"background-color":"","background-image":"","background-repeat":"repeat","background-position":"center center","background-size":"auto","background-attachment":"scroll","background-type":"","background-media":"","overlay-type":"","overlay-color":"","overlay-opacity":"","overlay-gradient":""}},"ast-content-background-meta":{"desktop":{"background-color":"var(--ast-global-color-5)","background-image":"","background-repeat":"repeat","background-position":"center center","background-size":"auto","background-attachment":"scroll","background-type":"","background-media":"","overlay-type":"","overlay-color":"","overlay-opacity":"","overlay-gradient":""},"tablet":{"background-color":"var(--ast-global-color-5)","background-image":"","background-repeat":"repeat","background-position":"center center","background-size":"auto","background-attachment":"scroll","background-type":"","background-media":"","overlay-type":"","overlay-color":"","overlay-opacity":"","overlay-gradient":""},"mobile":{"background-color":"var(--ast-global-color-5)","background-image":"","background-repeat":"repeat","background-position":"center center","background-size":"auto","background-attachment":"scroll","background-type":"","background-media":"","overlay-type":"","overlay-color":"","overlay-opacity":"","overlay-gradient":""}},"footnotes":""},"categories":[1],"tags":[],"class_list":["post-21667","post","type-post","status-publish","format-standard","has-post-thumbnail","hentry","category-sem-categoria"],"_links":{"self":[{"href":"https:\/\/jornalregionalms.com.br\/index.php?rest_route=\/wp\/v2\/posts\/21667","targetHints":{"allow":["GET"]}}],"collection":[{"href":"https:\/\/jornalregionalms.com.br\/index.php?rest_route=\/wp\/v2\/posts"}],"about":[{"href":"https:\/\/jornalregionalms.com.br\/index.php?rest_route=\/wp\/v2\/types\/post"}],"author":[{"embeddable":true,"href":"https:\/\/jornalregionalms.com.br\/index.php?rest_route=\/wp\/v2\/users\/1"}],"replies":[{"embeddable":true,"href":"https:\/\/jornalregionalms.com.br\/index.php?rest_route=%2Fwp%2Fv2%2Fcomments&post=21667"}],"version-history":[{"count":0,"href":"https:\/\/jornalregionalms.com.br\/index.php?rest_route=\/wp\/v2\/posts\/21667\/revisions"}],"wp:featuredmedia":[{"embeddable":true,"href":"https:\/\/jornalregionalms.com.br\/index.php?rest_route=\/wp\/v2\/media\/21668"}],"wp:attachment":[{"href":"https:\/\/jornalregionalms.com.br\/index.php?rest_route=%2Fwp%2Fv2%2Fmedia&parent=21667"}],"wp:term":[{"taxonomy":"category","embeddable":true,"href":"https:\/\/jornalregionalms.com.br\/index.php?rest_route=%2Fwp%2Fv2%2Fcategories&post=21667"},{"taxonomy":"post_tag","embeddable":true,"href":"https:\/\/jornalregionalms.com.br\/index.php?rest_route=%2Fwp%2Fv2%2Ftags&post=21667"}],"curies":[{"name":"wp","href":"https:\/\/api.w.org\/{rel}","templated":true}]}}