{"id":21663,"date":"2026-09-04T14:27:45","date_gmt":"2026-09-04T18:27:45","guid":{"rendered":"https:\/\/jornalregionalms.com.br\/?p=21663"},"modified":"2026-09-04T14:27:45","modified_gmt":"2026-09-04T18:27:45","slug":"selecao-brasileira-tera-1a-convocacao-pos-copa-em-9-de-setembro","status":"publish","type":"post","link":"https:\/\/jornalregionalms.com.br\/?p=21663","title":{"rendered":"Sele\u00e7\u00e3o brasileira ter\u00e1 1\u00aa convoca\u00e7\u00e3o p\u00f3s-Copa em 9 de setembro"},"content":{"rendered":"<\/p>\n<p><a class=\"\" href=\"https:\/\/agenciabrasil.ebc.com.br\/esportes\/noticia\/2026-09\/selecao-brasileira-tera-1a-convocacao-pos-copa-em-9-de-setembro\"><br \/>\n                    <img decoding=\"async\" src=\"https:\/\/cdn.jsdelivr.net\/gh\/sergiosdlima\/assets-ebc@1.0.0\/abr\/assets\/images\/logo-agenciabrasil.svg\" alt=\"Logo Ag\u00eancia Brasil\"><br \/>\n\t\t\t\t<\/a><\/p>\n<p>A primeira convoca\u00e7\u00e3o da sele\u00e7\u00e3o brasileira p\u00f3s-Copa do Mundo est\u00e1 programada para a pr\u00f3xima quarta-feira (9), a partir das 15h (hor\u00e1rio de Bras\u00edlia). A data foi confirmada hoje pela CBF. O t\u00e9cnico italiano Carlo Ancelotti anunciar\u00e1 os 26 jogadores que enfrentar\u00e3o Austr\u00e1lia e \u00cdndia em tr\u00eas amistosos fora do pa\u00eds na pr\u00f3xima Data Fifa (entre 21 de setembro e 6 de outubro). Os jogos ser\u00e3o os primeiros do ciclo de prepara\u00e7\u00e3o para o Mundial de 2030, com sedes em Espanha, Portugal, Marrocos, Uruguai, Argentina e Paraguai.<img decoding=\"async\" src=\"https:\/\/agenciabrasil.ebc.com.br\/ebc.png?id=1701381&#038;o=rss\"><img decoding=\"async\" src=\"https:\/\/agenciabrasil.ebc.com.br\/ebc.gif?id=1701381&#038;o=rss\"><\/p>\n<p>Ancelotti divulgar\u00e1 a lista de convocados na sede da CBF, no Rio de Janeiro, com <a href=\"https:\/\/www.youtube.com\/@brasil\/streams\"><strong>transmiss\u00e3o ao vivo<\/strong><\/a> na CBF TV, no YouTube. \u00c9 grande a expectativa em torno da primeira lista do t\u00e9cnico italiano ap\u00f3s a <a href=\"https:\/\/agenciabrasil.ebc.com.br\/esportes\/noticia\/2026-07\/com-haaland-carrasco-noruega-vence-e-brasil-deixa-copa-do-mundo\"><strong>elimina\u00e7\u00e3o precoce do Brasil para a Noruega,<\/strong><\/a> nas oitavas de final do Mundial deste ano. Al\u00e9m de acompanhar os jogos no pa\u00eds, o treinador passou a \u00faltima semana na Europa, acompanhando jogos com atletas brasileiros que defendem clubes franceses e ingleses. \u00a0<\/p>\n<blockquote class=\"twitter-tweet\">\n<p dir=\"ltr\" lang=\"pt\" xml:lang=\"pt\">\n<h3>Not\u00edcias relacionadas:<\/h3>\n<ul>\n<li><a href=\"https:\/\/agenciabrasil.ebc.com.br\/esportes\/noticia\/2026-07\/neymar-casemiro-e-danilo-nao-estao-em-plano-da-selecao-diz-ancelotti\">Neymar, Casemiro e Danilo n\u00e3o est\u00e3o em plano da sele\u00e7\u00e3o, diz Ancelotti.<\/a><\/li>\n<li><a href=\"https:\/\/agenciabrasil.ebc.com.br\/esportes\/noticia\/2026-09\/barcelona-anuncia-contratacao-do-atacante-gabriel-jesus-por-tres-anos\">Barcelona anuncia contrata\u00e7\u00e3o do atacante Gabriel Jesus por tr\u00eas anos.<\/a><\/li>\n<li><a href=\"https:\/\/agenciabrasil.ebc.com.br\/esportes\/noticia\/2026-08\/de-virada-coritiba-vence-remo-no-fim-da-25a-rodada-do-brasileirao\">De virada, Coritiba vence Remo no fim da 25\u00aa rodada do Brasileir\u00e3o.<\/a><\/li>\n<\/ul>\n<p>A Super Data FIFA vem a\u00ed! \ud83c\udde7\ud83c\uddf7\ud83d\udc9b<\/p>\n<p>Na pr\u00f3xima quarta-feira, 9 de Setembro, \u00e0s 15h (de Bras\u00edlia), teremos a divulga\u00e7\u00e3o dos 26 nomes que disputar\u00e3o os tr\u00eas amistosos que fazem parte da agenda da Sele\u00e7\u00e3o nos meses de setembro e outubro.<\/p>\n<p>25\/09 \u2022 \ud83c\udde6\ud83c\uddfavs\ud83c\udde7\ud83c\uddf7<br \/>\n29\/09 \u2022 \ud83c\udde6\ud83c\uddfavs\ud83c\udde7\ud83c\uddf7<br \/>\n03\/10 \u2022 \ud83c\uddee\ud83c\uddf3vs\ud83c\udde7\ud83c\uddf7\u2026 <a href=\"https:\/\/t.co\/8xu6MMmj5g\">pic.twitter.com\/8xu6MMmj5g<\/a><br \/>\n\u2014 brasil (@CBF_Futebol) <a href=\"https:\/\/x.com\/CBF_Futebol\/status\/2095156575178780754?ref_src=twsrc%5Etfw\">September 2, 2026<\/a><\/p><\/blockquote>\n<p><script async=\"\" src=\"https:\/\/platform.x.com\/widgets.js\" charset=\"utf-8\"><\/script><\/p>\n<p>O Brasil enfrentar\u00e1 a Austr\u00e1lia duas vezes na casa dos advers\u00e1rios. O primeiro confronto ser\u00e1 em 25 de setembro (uma sexta-feira), \u00e0s 7h (hor\u00e1rio de Bras\u00edlia), no est\u00e1dio Queensland Country Bank, em Townsville. Quatro dias depois, as duas sele\u00e7\u00f5es voltam a duelar, no mesmo hor\u00e1rio, no est\u00e1dio Suncorp, em Brisbane. J\u00e1 a partida contra a \u00cdndia est\u00e1 programada para 3 de outubro (um s\u00e1bado), \u00e0s 11h, no est\u00e1dio Salt Lake, em Calcut\u00e1.<\/p>\n","protected":false},"excerpt":{"rendered":"<p>A primeira convoca\u00e7\u00e3o da sele\u00e7\u00e3o brasileira p\u00f3s-Copa do Mundo est\u00e1 programada para a pr\u00f3xima quarta-feira (9), a partir das 15h (hor\u00e1rio de Bras\u00edlia). A data foi confirmada hoje pela CBF. O t\u00e9cnico italiano Carlo Ancelotti anunciar\u00e1 os 26 jogadores que enfrentar\u00e3o Austr\u00e1lia e \u00cdndia em tr\u00eas amistosos fora do pa\u00eds na pr\u00f3xima Data Fifa (entre [&hellip;]<\/p>\n","protected":false},"author":15,"featured_media":21664,"comment_status":"open","ping_status":"open","sticky":false,"template":"","format":"standard","meta":{"site-sidebar-layout":"default","site-content-layout":"","ast-site-content-layout":"","site-content-style":"default","site-sidebar-style":"default","ast-global-header-display":"","ast-banner-title-visibility":"","ast-main-header-display":"","ast-hfb-above-header-display":"","ast-hfb-below-header-display":"","ast-hfb-mobile-header-display":"","site-post-title":"","ast-breadcrumbs-content":"","ast-featured-img":"","footer-sml-layout":"","theme-transparent-header-meta":"","adv-header-id-meta":"","stick-header-meta":"","header-above-stick-meta":"","header-main-stick-meta":"","header-below-stick-meta":"","astra-migrate-meta-layouts":"default","ast-page-background-enabled":"default","ast-page-background-meta":{"desktop":{"background-color":"var(--ast-global-color-4)","background-image":"","background-repeat":"repeat","background-position":"center center","background-size":"auto","background-attachment":"scroll","background-type":"","background-media":"","overlay-type":"","overlay-color":"","overlay-opacity":"","overlay-gradient":""},"tablet":{"background-color":"","background-image":"","background-repeat":"repeat","background-position":"center center","background-size":"auto","background-attachment":"scroll","background-type":"","background-media":"","overlay-type":"","overlay-color":"","overlay-opacity":"","overlay-gradient":""},"mobile":{"background-color":"","background-image":"","background-repeat":"repeat","background-position":"center center","background-size":"auto","background-attachment":"scroll","background-type":"","background-media":"","overlay-type":"","overlay-color":"","overlay-opacity":"","overlay-gradient":""}},"ast-content-background-meta":{"desktop":{"background-color":"var(--ast-global-color-5)","background-image":"","background-repeat":"repeat","background-position":"center center","background-size":"auto","background-attachment":"scroll","background-type":"","background-media":"","overlay-type":"","overlay-color":"","overlay-opacity":"","overlay-gradient":""},"tablet":{"background-color":"var(--ast-global-color-5)","background-image":"","background-repeat":"repeat","background-position":"center center","background-size":"auto","background-attachment":"scroll","background-type":"","background-media":"","overlay-type":"","overlay-color":"","overlay-opacity":"","overlay-gradient":""},"mobile":{"background-color":"var(--ast-global-color-5)","background-image":"","background-repeat":"repeat","background-position":"center center","background-size":"auto","background-attachment":"scroll","background-type":"","background-media":"","overlay-type":"","overlay-color":"","overlay-opacity":"","overlay-gradient":""}},"footnotes":""},"categories":[1],"tags":[],"class_list":["post-21663","post","type-post","status-publish","format-standard","has-post-thumbnail","hentry","category-sem-categoria"],"_links":{"self":[{"href":"https:\/\/jornalregionalms.com.br\/index.php?rest_route=\/wp\/v2\/posts\/21663","targetHints":{"allow":["GET"]}}],"collection":[{"href":"https:\/\/jornalregionalms.com.br\/index.php?rest_route=\/wp\/v2\/posts"}],"about":[{"href":"https:\/\/jornalregionalms.com.br\/index.php?rest_route=\/wp\/v2\/types\/post"}],"author":[{"embeddable":true,"href":"https:\/\/jornalregionalms.com.br\/index.php?rest_route=\/wp\/v2\/users\/15"}],"replies":[{"embeddable":true,"href":"https:\/\/jornalregionalms.com.br\/index.php?rest_route=%2Fwp%2Fv2%2Fcomments&post=21663"}],"version-history":[{"count":0,"href":"https:\/\/jornalregionalms.com.br\/index.php?rest_route=\/wp\/v2\/posts\/21663\/revisions"}],"wp:featuredmedia":[{"embeddable":true,"href":"https:\/\/jornalregionalms.com.br\/index.php?rest_route=\/wp\/v2\/media\/21664"}],"wp:attachment":[{"href":"https:\/\/jornalregionalms.com.br\/index.php?rest_route=%2Fwp%2Fv2%2Fmedia&parent=21663"}],"wp:term":[{"taxonomy":"category","embeddable":true,"href":"https:\/\/jornalregionalms.com.br\/index.php?rest_route=%2Fwp%2Fv2%2Fcategories&post=21663"},{"taxonomy":"post_tag","embeddable":true,"href":"https:\/\/jornalregionalms.com.br\/index.php?rest_route=%2Fwp%2Fv2%2Ftags&post=21663"}],"curies":[{"name":"wp","href":"https:\/\/api.w.org\/{rel}","templated":true}]}}