{"id":21617,"date":"2026-09-03T13:28:46","date_gmt":"2026-09-03T17:28:46","guid":{"rendered":"https:\/\/jornalregionalms.com.br\/?p=21617"},"modified":"2026-09-03T13:28:46","modified_gmt":"2026-09-03T17:28:46","slug":"rodrigo-pacheco-ex-presidente-do-senado-sera-ministro-do-tcu","status":"publish","type":"post","link":"https:\/\/jornalregionalms.com.br\/?p=21617","title":{"rendered":"Rodrigo Pacheco, ex-presidente do Senado, ser\u00e1 ministro do TCU"},"content":{"rendered":"<\/p>\n<p><a class=\"\" href=\"https:\/\/agenciabrasil.ebc.com.br\/politica\/noticia\/2026-09\/rodrigo-pacheco-ex-presidente-do-senado-sera-ministro-do-tcu\"><br \/>\n                    <img decoding=\"async\" src=\"https:\/\/cdn.jsdelivr.net\/gh\/sergiosdlima\/assets-ebc@1.0.0\/abr\/assets\/images\/logo-agenciabrasil.svg\" alt=\"Logo Ag\u00eancia Brasil\"><br \/>\n\t\t\t\t<\/a><\/p>\n<p><strong>O plen\u00e1rio da C\u00e2mara dos Deputados aprovou nesta quarta-feira (2) a indica\u00e7\u00e3o do senador Rodrigo Pacheco (PSB-MG) para o cargo de ministro do Tribunal de Contas da Uni\u00e3o (TCU). <\/strong>Foram 404 votos a favor e 61 contr\u00e1rios \u00e0 indica\u00e7\u00e3o, al\u00e9m de uma absten\u00e7\u00e3o.<img decoding=\"async\" src=\"https:\/\/agenciabrasil.ebc.com.br\/ebc.png?id=1701376&#038;o=rss\"><img decoding=\"async\" src=\"https:\/\/agenciabrasil.ebc.com.br\/ebc.gif?id=1701376&#038;o=rss\"><\/p>\n<p>Pacheco foi indicado para substituir Bruno Dantas, que <a href=\"http:\/\/agenciabrasil.ebc.com.br\/justica\/noticia\/2026-08\/bruno-dantas-renuncia-ao-cargo-de-ministro-do-tcu\">renunciou ao cargo<\/a> nesta semana. <strong>Como seu nome <a href=\"https:\/\/agenciabrasil.ebc.com.br\/politica\/noticia\/2026-09\/senado-aprova-indicacao-de-rodrigo-pacheco-para-o-tcu\">j\u00e1 havia sido aprovado<\/a> na noite de ter\u00e7a-feira (1\u00ba) pelo Senado, a indica\u00e7\u00e3o segue agora para promulga\u00e7\u00e3o pelo Congresso Nacional.<\/strong><\/p>\n<\/p>\n<h3>Not\u00edcias relacionadas:<\/h3>\n<ul>\n<li><a href=\"https:\/\/agenciabrasil.ebc.com.br\/politica\/noticia\/2026-09\/senado-aprova-indicacao-de-rodrigo-pacheco-para-o-tcu\">Senado aprova indica\u00e7\u00e3o de Rodrigo Pacheco para o TCU.<\/a><\/li>\n<li><a href=\"https:\/\/agenciabrasil.ebc.com.br\/justica\/noticia\/2026-08\/bruno-dantas-renuncia-ao-cargo-de-ministro-do-tcu\">Bruno Dantas renuncia ao cargo de ministro do TCU.<\/a><\/li>\n<\/ul>\n<p>O TCU \u00e9 um \u00f3rg\u00e3o de controle externo da administra\u00e7\u00e3o p\u00fablica federal. Apesar do nome &#8220;Tribunal&#8221;, n\u00e3o integra o Poder Judici\u00e1rio. Funciona como \u00f3rg\u00e3o auxiliar do Congresso Nacional na fiscaliza\u00e7\u00e3o da aplica\u00e7\u00e3o dos recursos p\u00fablicos federais.<\/p>\n<p>O projeto de decreto legislativo que indicou o nome de Pacheco ao cargo (PDL 995\/2026) foi apresentado pelo presidente do Senado, Davi Alcolumbre (Uni\u00e3o-AP), com apoio de outros 20 senadores e senadoras da base governista e da oposi\u00e7\u00e3o.<\/p>\n<h2>Perfil<\/h2>\n<p><strong>Pacheco foi deputado federal, de 2015 a 2018, e presidiu o Senado por duas vezes, nos bi\u00eanios de 2021-2022 e 2023-2024. <\/strong>Nascido em 1976 e natural de Porto Velho, \u00e9 bacharel em direito pela Pontif\u00edcia Universidade Cat\u00f3lica de Minas Gerais (PUC-MG) e especialista em direito penal econ\u00f4mico internacional. Advogado criminalista, tamb\u00e9m foi conselheiro da Ordem dos Advogados do Brasil (OAB).<\/p>\n<p>Pacheco presidiu o Senado durante a Comiss\u00e3o Parlamentar de Inqu\u00e9rito (CPI) da covid-19, durante a segunda e mais letal onda da pandemia, que incluiu crise de oxig\u00eanio em Manaus e a acelera\u00e7\u00e3o da vacina\u00e7\u00e3o.<\/p>\n<p>No Congresso, foi autor de propostas como o marco regulat\u00f3rio da intelig\u00eancia artificial (PL 2338\/23), a atualiza\u00e7\u00e3o do C\u00f3digo Civil (PL 4\/25), a cria\u00e7\u00e3o da Sociedade An\u00f4nima do Futebol (PL 5516\/19) e o Programa de Pleno Pagamento de D\u00edvida dos Estados (PLP 121\/24).<\/p>\n","protected":false},"excerpt":{"rendered":"<p>O plen\u00e1rio da C\u00e2mara dos Deputados aprovou nesta quarta-feira (2) a indica\u00e7\u00e3o do senador Rodrigo Pacheco (PSB-MG) para o cargo de ministro do Tribunal de Contas da Uni\u00e3o (TCU). Foram 404 votos a favor e 61 contr\u00e1rios \u00e0 indica\u00e7\u00e3o, al\u00e9m de uma absten\u00e7\u00e3o. Pacheco foi indicado para substituir Bruno Dantas, que renunciou ao cargo nesta [&hellip;]<\/p>\n","protected":false},"author":15,"featured_media":21618,"comment_status":"open","ping_status":"open","sticky":false,"template":"","format":"standard","meta":{"site-sidebar-layout":"default","site-content-layout":"","ast-site-content-layout":"","site-content-style":"default","site-sidebar-style":"default","ast-global-header-display":"","ast-banner-title-visibility":"","ast-main-header-display":"","ast-hfb-above-header-display":"","ast-hfb-below-header-display":"","ast-hfb-mobile-header-display":"","site-post-title":"","ast-breadcrumbs-content":"","ast-featured-img":"","footer-sml-layout":"","theme-transparent-header-meta":"","adv-header-id-meta":"","stick-header-meta":"","header-above-stick-meta":"","header-main-stick-meta":"","header-below-stick-meta":"","astra-migrate-meta-layouts":"default","ast-page-background-enabled":"default","ast-page-background-meta":{"desktop":{"background-color":"var(--ast-global-color-4)","background-image":"","background-repeat":"repeat","background-position":"center center","background-size":"auto","background-attachment":"scroll","background-type":"","background-media":"","overlay-type":"","overlay-color":"","overlay-opacity":"","overlay-gradient":""},"tablet":{"background-color":"","background-image":"","background-repeat":"repeat","background-position":"center center","background-size":"auto","background-attachment":"scroll","background-type":"","background-media":"","overlay-type":"","overlay-color":"","overlay-opacity":"","overlay-gradient":""},"mobile":{"background-color":"","background-image":"","background-repeat":"repeat","background-position":"center center","background-size":"auto","background-attachment":"scroll","background-type":"","background-media":"","overlay-type":"","overlay-color":"","overlay-opacity":"","overlay-gradient":""}},"ast-content-background-meta":{"desktop":{"background-color":"var(--ast-global-color-5)","background-image":"","background-repeat":"repeat","background-position":"center center","background-size":"auto","background-attachment":"scroll","background-type":"","background-media":"","overlay-type":"","overlay-color":"","overlay-opacity":"","overlay-gradient":""},"tablet":{"background-color":"var(--ast-global-color-5)","background-image":"","background-repeat":"repeat","background-position":"center center","background-size":"auto","background-attachment":"scroll","background-type":"","background-media":"","overlay-type":"","overlay-color":"","overlay-opacity":"","overlay-gradient":""},"mobile":{"background-color":"var(--ast-global-color-5)","background-image":"","background-repeat":"repeat","background-position":"center center","background-size":"auto","background-attachment":"scroll","background-type":"","background-media":"","overlay-type":"","overlay-color":"","overlay-opacity":"","overlay-gradient":""}},"footnotes":""},"categories":[1],"tags":[],"class_list":["post-21617","post","type-post","status-publish","format-standard","has-post-thumbnail","hentry","category-sem-categoria"],"_links":{"self":[{"href":"https:\/\/jornalregionalms.com.br\/index.php?rest_route=\/wp\/v2\/posts\/21617","targetHints":{"allow":["GET"]}}],"collection":[{"href":"https:\/\/jornalregionalms.com.br\/index.php?rest_route=\/wp\/v2\/posts"}],"about":[{"href":"https:\/\/jornalregionalms.com.br\/index.php?rest_route=\/wp\/v2\/types\/post"}],"author":[{"embeddable":true,"href":"https:\/\/jornalregionalms.com.br\/index.php?rest_route=\/wp\/v2\/users\/15"}],"replies":[{"embeddable":true,"href":"https:\/\/jornalregionalms.com.br\/index.php?rest_route=%2Fwp%2Fv2%2Fcomments&post=21617"}],"version-history":[{"count":0,"href":"https:\/\/jornalregionalms.com.br\/index.php?rest_route=\/wp\/v2\/posts\/21617\/revisions"}],"wp:featuredmedia":[{"embeddable":true,"href":"https:\/\/jornalregionalms.com.br\/index.php?rest_route=\/wp\/v2\/media\/21618"}],"wp:attachment":[{"href":"https:\/\/jornalregionalms.com.br\/index.php?rest_route=%2Fwp%2Fv2%2Fmedia&parent=21617"}],"wp:term":[{"taxonomy":"category","embeddable":true,"href":"https:\/\/jornalregionalms.com.br\/index.php?rest_route=%2Fwp%2Fv2%2Fcategories&post=21617"},{"taxonomy":"post_tag","embeddable":true,"href":"https:\/\/jornalregionalms.com.br\/index.php?rest_route=%2Fwp%2Fv2%2Ftags&post=21617"}],"curies":[{"name":"wp","href":"https:\/\/api.w.org\/{rel}","templated":true}]}}