{"id":21607,"date":"2026-09-03T13:28:25","date_gmt":"2026-09-03T17:28:25","guid":{"rendered":"https:\/\/jornalregionalms.com.br\/?p=21607"},"modified":"2026-09-03T13:28:25","modified_gmt":"2026-09-03T17:28:25","slug":"operacao-em-ferros-velhos-quer-reduzir-furto-de-fios-de-cobre-no-rio","status":"publish","type":"post","link":"https:\/\/jornalregionalms.com.br\/?p=21607","title":{"rendered":"Opera\u00e7\u00e3o em ferros-velhos quer reduzir furto de fios de cobre no Rio"},"content":{"rendered":"<p>Opera\u00e7\u00e3o conjunta das For\u00e7as de Seguran\u00e7a do estado e a Prefeitura do Rio de Janeiro, com foco em ferros-velhos, busca reduzir furtos de fios de cobre na capital. Para se ter uma ideia do avan\u00e7o desse tipo de crime, o preju\u00edzo provocado aos cofres p\u00fablicos municipais \u00e9 superior a R$ 69 milh\u00f5es s\u00f3 nos \u00faltimos cinco anos &#8211; entre 2021 e 2025.<img decoding=\"async\" src=\"https:\/\/agenciabrasil.ebc.com.br\/ebc.png?id=1701464&#038;o=rss\"><img decoding=\"async\" src=\"https:\/\/agenciabrasil.ebc.com.br\/ebc.gif?id=1701464&#038;o=rss\"><\/p>\n<p>As a\u00e7\u00f5es do rec\u00e9m criado N\u00facleo Integrado de Combate a Furtos e Recepta\u00e7\u00e3o de Cabos e Fia\u00e7\u00e3o de Cobre v\u00e3o atingir toda a cadeia criminosa, abrangendo o furto, transporte, armazenamento, recepta\u00e7\u00e3o e comercializa\u00e7\u00e3o dos materiais.<\/p>\n<p>Nesta quarta-feira (02), teve in\u00edcio a substitui\u00e7\u00e3o do cobre por um material sem valor comercial, em sinais de tr\u00e2nsito, placas de sinaliza\u00e7\u00e3o, postes e rede el\u00e9trica para desestimular a a\u00e7\u00e3o dos criminosos em toda a cidade.<\/p>\n<p>Outra a\u00e7\u00e3o priorit\u00e1ria \u00e9 a desapropria\u00e7\u00e3o dos terrenos onde funcionam os ferros-velhos, considerados locais de sustenta\u00e7\u00e3o a esse tipo de crime. De acordo com a prefeitura, as \u00e1reas ser\u00e3o recuperadas, podendo dar lugar a pra\u00e7as e parques p\u00fablicos.<\/p>\n<p>O novo n\u00facleo reunir\u00e1 informa\u00e7\u00f5es das for\u00e7as de seguran\u00e7a, dos \u00f3rg\u00e3os municipais e das concession\u00e1rias de servi\u00e7os p\u00fablicos em um \u00fanico ambiente.<\/p>\n<p>O objetivo \u00e9 identificar locais, hor\u00e1rios e padr\u00f5es recorrentes dos furtos, mapear ferros-velhos e estabelecimentos suspeitos de recepta\u00e7\u00e3o, cruzar informa\u00e7\u00f5es sobre ocorr\u00eancias e materiais furtados e produzir intelig\u00eancia para orientar fiscaliza\u00e7\u00f5es, investiga\u00e7\u00f5es e opera\u00e7\u00f5es conjuntas.<\/p>\n<p><em>*Com informa\u00e7\u00f5es da Ag\u00eancia Brasil.<\/em><\/p>\n<p>\u00a0<\/p>\n<p>  <span class=\"hms hms-format-m-ss\">1:51<\/span><\/p>\n","protected":false},"excerpt":{"rendered":"<p>Opera\u00e7\u00e3o conjunta das For\u00e7as de Seguran\u00e7a do estado e a Prefeitura do Rio de Janeiro, com foco em ferros-velhos, busca reduzir furtos de fios de cobre na capital. Para se ter uma ideia do avan\u00e7o desse tipo de crime, o preju\u00edzo provocado aos cofres p\u00fablicos municipais \u00e9 superior a R$ 69 milh\u00f5es s\u00f3 nos \u00faltimos [&hellip;]<\/p>\n","protected":false},"author":71,"featured_media":21608,"comment_status":"open","ping_status":"open","sticky":false,"template":"","format":"standard","meta":{"site-sidebar-layout":"default","site-content-layout":"","ast-site-content-layout":"","site-content-style":"default","site-sidebar-style":"default","ast-global-header-display":"","ast-banner-title-visibility":"","ast-main-header-display":"","ast-hfb-above-header-display":"","ast-hfb-below-header-display":"","ast-hfb-mobile-header-display":"","site-post-title":"","ast-breadcrumbs-content":"","ast-featured-img":"","footer-sml-layout":"","theme-transparent-header-meta":"","adv-header-id-meta":"","stick-header-meta":"","header-above-stick-meta":"","header-main-stick-meta":"","header-below-stick-meta":"","astra-migrate-meta-layouts":"default","ast-page-background-enabled":"default","ast-page-background-meta":{"desktop":{"background-color":"var(--ast-global-color-4)","background-image":"","background-repeat":"repeat","background-position":"center center","background-size":"auto","background-attachment":"scroll","background-type":"","background-media":"","overlay-type":"","overlay-color":"","overlay-opacity":"","overlay-gradient":""},"tablet":{"background-color":"","background-image":"","background-repeat":"repeat","background-position":"center center","background-size":"auto","background-attachment":"scroll","background-type":"","background-media":"","overlay-type":"","overlay-color":"","overlay-opacity":"","overlay-gradient":""},"mobile":{"background-color":"","background-image":"","background-repeat":"repeat","background-position":"center center","background-size":"auto","background-attachment":"scroll","background-type":"","background-media":"","overlay-type":"","overlay-color":"","overlay-opacity":"","overlay-gradient":""}},"ast-content-background-meta":{"desktop":{"background-color":"var(--ast-global-color-5)","background-image":"","background-repeat":"repeat","background-position":"center center","background-size":"auto","background-attachment":"scroll","background-type":"","background-media":"","overlay-type":"","overlay-color":"","overlay-opacity":"","overlay-gradient":""},"tablet":{"background-color":"var(--ast-global-color-5)","background-image":"","background-repeat":"repeat","background-position":"center center","background-size":"auto","background-attachment":"scroll","background-type":"","background-media":"","overlay-type":"","overlay-color":"","overlay-opacity":"","overlay-gradient":""},"mobile":{"background-color":"var(--ast-global-color-5)","background-image":"","background-repeat":"repeat","background-position":"center center","background-size":"auto","background-attachment":"scroll","background-type":"","background-media":"","overlay-type":"","overlay-color":"","overlay-opacity":"","overlay-gradient":""}},"footnotes":""},"categories":[1],"tags":[],"class_list":["post-21607","post","type-post","status-publish","format-standard","has-post-thumbnail","hentry","category-sem-categoria"],"_links":{"self":[{"href":"https:\/\/jornalregionalms.com.br\/index.php?rest_route=\/wp\/v2\/posts\/21607","targetHints":{"allow":["GET"]}}],"collection":[{"href":"https:\/\/jornalregionalms.com.br\/index.php?rest_route=\/wp\/v2\/posts"}],"about":[{"href":"https:\/\/jornalregionalms.com.br\/index.php?rest_route=\/wp\/v2\/types\/post"}],"author":[{"embeddable":true,"href":"https:\/\/jornalregionalms.com.br\/index.php?rest_route=\/wp\/v2\/users\/71"}],"replies":[{"embeddable":true,"href":"https:\/\/jornalregionalms.com.br\/index.php?rest_route=%2Fwp%2Fv2%2Fcomments&post=21607"}],"version-history":[{"count":0,"href":"https:\/\/jornalregionalms.com.br\/index.php?rest_route=\/wp\/v2\/posts\/21607\/revisions"}],"wp:featuredmedia":[{"embeddable":true,"href":"https:\/\/jornalregionalms.com.br\/index.php?rest_route=\/wp\/v2\/media\/21608"}],"wp:attachment":[{"href":"https:\/\/jornalregionalms.com.br\/index.php?rest_route=%2Fwp%2Fv2%2Fmedia&parent=21607"}],"wp:term":[{"taxonomy":"category","embeddable":true,"href":"https:\/\/jornalregionalms.com.br\/index.php?rest_route=%2Fwp%2Fv2%2Fcategories&post=21607"},{"taxonomy":"post_tag","embeddable":true,"href":"https:\/\/jornalregionalms.com.br\/index.php?rest_route=%2Fwp%2Fv2%2Ftags&post=21607"}],"curies":[{"name":"wp","href":"https:\/\/api.w.org\/{rel}","templated":true}]}}