{"id":21603,"date":"2026-09-03T13:28:11","date_gmt":"2026-09-03T17:28:11","guid":{"rendered":"https:\/\/jornalregionalms.com.br\/?p=21603"},"modified":"2026-09-03T13:28:11","modified_gmt":"2026-09-03T17:28:11","slug":"prouni-candidatos-ja-podem-consultar-selecionados-em-lista-de-espera","status":"publish","type":"post","link":"https:\/\/jornalregionalms.com.br\/?p=21603","title":{"rendered":"Prouni: candidatos j\u00e1 podem consultar selecionados em lista de espera\u00a0"},"content":{"rendered":"<\/p>\n<p><a class=\"\" href=\"https:\/\/agenciabrasil.ebc.com.br\/educacao\/noticia\/2026-09\/prouni-candidatos-ja-podem-consultar-selecionados-em-lista-de-espera\"><br \/>\n                    <img decoding=\"async\" src=\"https:\/\/cdn.jsdelivr.net\/gh\/sergiosdlima\/assets-ebc@1.0.0\/abr\/assets\/images\/logo-agenciabrasil.svg\" alt=\"Logo Ag\u00eancia Brasil\"><br \/>\n\t\t\t\t<\/a><\/p>\n<p><strong>Os participantes do processo seletivo do Programa Universidade para Todos (Prouni) para o segundo semestre de 2026 j\u00e1 podem consultar o resultado da lista de espera. Para saber se foi selecionado, o estudante que manifestou interesse nesta fase do programa deve acessar o <a href=\"https:\/\/acessounico.mec.gov.br\/prouni\" target=\"_blank\">site do Prouni<\/a>, por meio da conta\u00a0Gov.br. <\/strong>\u00a0<img decoding=\"async\" src=\"https:\/\/agenciabrasil.ebc.com.br\/ebc.png?id=1701375&#038;o=rss\"><img decoding=\"async\" src=\"https:\/\/agenciabrasil.ebc.com.br\/ebc.gif?id=1701375&#038;o=rss\"><\/p>\n<p>A lista de espera \u00e9 a \u00faltima etapa no preenchimento das vagas n\u00e3o ocupadas ao longo da primeira e da segunda chamadas do programa. Os selecionados t\u00eam at\u00e9 14 de setembro para entregar a documenta\u00e7\u00e3o comprobat\u00f3ria junto \u00e0s institui\u00e7\u00f5es de ensino superior. \u00a0<\/p>\n<\/p>\n<h3>Not\u00edcias relacionadas:<\/h3>\n<ul>\n<li><a href=\"https:\/\/agenciabrasil.ebc.com.br\/educacao\/noticia\/2026-09\/consulta-para-novo-catalogo-de-cursos-tecnicos-do-mec-termina-amanha\">Consulta para novo Cat\u00e1logo de Cursos T\u00e9cnicos do MEC termina amanh\u00e3.<\/a><\/li>\n<li><a href=\"https:\/\/agenciabrasil.ebc.com.br\/educacao\/noticia\/2026-09\/pnd-2026-cartao-de-confirmacao-da-inscricao-sera-divulgado-no-dia-9\">PND 2026: cart\u00e3o de confirma\u00e7\u00e3o da inscri\u00e7\u00e3o ser\u00e1 divulgado no dia 9.<\/a><\/li>\n<li><a href=\"https:\/\/agenciabrasil.ebc.com.br\/educacao\/noticia\/2026-08\/pe-de-meia-nascidos-em-novembro-e-dezembro-recebem-parcela-de-r-200\">P\u00e9-de-Meia: nascidos em novembro e dezembro recebem parcela de R$ 200.<\/a><\/li>\n<\/ul>\n<p><strong>A comprova\u00e7\u00e3o dos dados deve ser realizada\u00a0diretamente na institui\u00e7\u00e3o privada para a qual o estudante foi pr\u00e9-selecionado.<\/strong> Cada faculdade define o formato de recebimento dos documentos, que pode ser presencial ou por meio de plataforma online.\u00a0<\/p>\n<h2>Confira a lista de documentos necess\u00e1rios:\u00a0<\/h2>\n<ul>\n<li>Comprovante de resid\u00eancia atualizado;\u00a0<\/li>\n<li>Comprovantes de rendimento bruto mensal de todos os integrantes do grupo familiar;\u00a0<\/li>\n<li>Comprovante de conclus\u00e3o do ensino m\u00e9dio em escola da rede p\u00fablica ou em institui\u00e7\u00e3o privada, conforme declarado na inscri\u00e7\u00e3o. \u00a0<\/li>\n<\/ul>\n<h2>Sobre o ProUni\u00a0<\/h2>\n<p>Criado em 2005, o programa oferece bolsas de estudo, parciais e integrais, a estudantes de baixa renda que tenham conclu\u00eddo o ensino m\u00e9dio preferencialmente em institui\u00e7\u00f5es\u00a0p\u00fablicas, ou em col\u00e9gios privados na condi\u00e7\u00e3o de bolsista.\u00a0<\/p>\n<p>Os processos seletivos ocorrem duas vezes ao ano, com oportunidades para ingresso no primeiro e no segundo semestre letivos.\u202f\u202f\u00a0<\/p>\n<p><strong>A classifica\u00e7\u00e3o para a sele\u00e7\u00e3o das bolsas do Prouni considera as notas obtidas pelos candidatos\u00a0no Exame Nacional do Ensino M\u00e9dio (Enem).<\/strong>\u00a0<\/p>\n","protected":false},"excerpt":{"rendered":"<p>Os participantes do processo seletivo do Programa Universidade para Todos (Prouni) para o segundo semestre de 2026 j\u00e1 podem consultar o resultado da lista de espera. Para saber se foi selecionado, o estudante que manifestou interesse nesta fase do programa deve acessar o site do Prouni, por meio da conta\u00a0Gov.br. \u00a0 A lista de espera [&hellip;]<\/p>\n","protected":false},"author":15,"featured_media":21604,"comment_status":"open","ping_status":"open","sticky":false,"template":"","format":"standard","meta":{"site-sidebar-layout":"default","site-content-layout":"","ast-site-content-layout":"","site-content-style":"default","site-sidebar-style":"default","ast-global-header-display":"","ast-banner-title-visibility":"","ast-main-header-display":"","ast-hfb-above-header-display":"","ast-hfb-below-header-display":"","ast-hfb-mobile-header-display":"","site-post-title":"","ast-breadcrumbs-content":"","ast-featured-img":"","footer-sml-layout":"","theme-transparent-header-meta":"","adv-header-id-meta":"","stick-header-meta":"","header-above-stick-meta":"","header-main-stick-meta":"","header-below-stick-meta":"","astra-migrate-meta-layouts":"default","ast-page-background-enabled":"default","ast-page-background-meta":{"desktop":{"background-color":"var(--ast-global-color-4)","background-image":"","background-repeat":"repeat","background-position":"center center","background-size":"auto","background-attachment":"scroll","background-type":"","background-media":"","overlay-type":"","overlay-color":"","overlay-opacity":"","overlay-gradient":""},"tablet":{"background-color":"","background-image":"","background-repeat":"repeat","background-position":"center center","background-size":"auto","background-attachment":"scroll","background-type":"","background-media":"","overlay-type":"","overlay-color":"","overlay-opacity":"","overlay-gradient":""},"mobile":{"background-color":"","background-image":"","background-repeat":"repeat","background-position":"center center","background-size":"auto","background-attachment":"scroll","background-type":"","background-media":"","overlay-type":"","overlay-color":"","overlay-opacity":"","overlay-gradient":""}},"ast-content-background-meta":{"desktop":{"background-color":"var(--ast-global-color-5)","background-image":"","background-repeat":"repeat","background-position":"center center","background-size":"auto","background-attachment":"scroll","background-type":"","background-media":"","overlay-type":"","overlay-color":"","overlay-opacity":"","overlay-gradient":""},"tablet":{"background-color":"var(--ast-global-color-5)","background-image":"","background-repeat":"repeat","background-position":"center center","background-size":"auto","background-attachment":"scroll","background-type":"","background-media":"","overlay-type":"","overlay-color":"","overlay-opacity":"","overlay-gradient":""},"mobile":{"background-color":"var(--ast-global-color-5)","background-image":"","background-repeat":"repeat","background-position":"center center","background-size":"auto","background-attachment":"scroll","background-type":"","background-media":"","overlay-type":"","overlay-color":"","overlay-opacity":"","overlay-gradient":""}},"footnotes":""},"categories":[123],"tags":[],"class_list":["post-21603","post","type-post","status-publish","format-standard","has-post-thumbnail","hentry","category-politica"],"_links":{"self":[{"href":"https:\/\/jornalregionalms.com.br\/index.php?rest_route=\/wp\/v2\/posts\/21603","targetHints":{"allow":["GET"]}}],"collection":[{"href":"https:\/\/jornalregionalms.com.br\/index.php?rest_route=\/wp\/v2\/posts"}],"about":[{"href":"https:\/\/jornalregionalms.com.br\/index.php?rest_route=\/wp\/v2\/types\/post"}],"author":[{"embeddable":true,"href":"https:\/\/jornalregionalms.com.br\/index.php?rest_route=\/wp\/v2\/users\/15"}],"replies":[{"embeddable":true,"href":"https:\/\/jornalregionalms.com.br\/index.php?rest_route=%2Fwp%2Fv2%2Fcomments&post=21603"}],"version-history":[{"count":0,"href":"https:\/\/jornalregionalms.com.br\/index.php?rest_route=\/wp\/v2\/posts\/21603\/revisions"}],"wp:featuredmedia":[{"embeddable":true,"href":"https:\/\/jornalregionalms.com.br\/index.php?rest_route=\/wp\/v2\/media\/21604"}],"wp:attachment":[{"href":"https:\/\/jornalregionalms.com.br\/index.php?rest_route=%2Fwp%2Fv2%2Fmedia&parent=21603"}],"wp:term":[{"taxonomy":"category","embeddable":true,"href":"https:\/\/jornalregionalms.com.br\/index.php?rest_route=%2Fwp%2Fv2%2Fcategories&post=21603"},{"taxonomy":"post_tag","embeddable":true,"href":"https:\/\/jornalregionalms.com.br\/index.php?rest_route=%2Fwp%2Fv2%2Ftags&post=21603"}],"curies":[{"name":"wp","href":"https:\/\/api.w.org\/{rel}","templated":true}]}}