{"id":21569,"date":"2026-09-03T01:28:44","date_gmt":"2026-09-03T05:28:44","guid":{"rendered":"https:\/\/jornalregionalms.com.br\/?p=21569"},"modified":"2026-09-03T01:28:44","modified_gmt":"2026-09-03T05:28:44","slug":"policiais-sao-capacitados-para-combater-violencia-contra-a-mulher","status":"publish","type":"post","link":"https:\/\/jornalregionalms.com.br\/?p=21569","title":{"rendered":"Policiais s\u00e3o capacitados para combater viol\u00eancia contra a mulher"},"content":{"rendered":"<p>A Secretaria Nacional\u00a0de\u00a0Seguran\u00e7a P\u00fablica, vinculada ao Minist\u00e9rio da Justi\u00e7a e Seguran\u00e7a P\u00fablica, realiza nesta quarta-feira (2) o chamado Dia C\u00a0de\u00a0Capacita\u00e7\u00e3o.\u00a0<img decoding=\"async\" src=\"https:\/\/agenciabrasil.ebc.com.br\/ebc.png?id=1701344&#038;o=rss\"><img decoding=\"async\" src=\"https:\/\/agenciabrasil.ebc.com.br\/ebc.gif?id=1701344&#038;o=rss\"><\/p>\n<p>A a\u00e7\u00e3o \u00e9 coordenada pelo Comit\u00ea\u00a0de\u00a0Governan\u00e7a das Pol\u00edticas\u00a0de\u00a0Seguran\u00e7a P\u00fablica voltadas \u00e0 preven\u00e7\u00e3o e ao combate da viol\u00eancia contra mulheres e meninas. O objetivo \u00e9 qualificar ainda mais os agentes que atuam na linha\u00a0de\u00a0frente\u00a0desse enfrentamento.<\/p>\n<p>A capacita\u00e7\u00e3o \u00e9 direcionada a profissionais das Pol\u00edcias Civil, Militar e Penal, al\u00e9m\u00a0de\u00a0integrantes dos Corpos\u00a0de\u00a0Bombeiros Militares, Guardas Municipais e equipes da per\u00edcia oficial.<\/p>\n<p>Durante os treinamentos, os participantes recebem orienta\u00e7\u00f5es para fortalecer uma atua\u00e7\u00e3o mais especializada, acolhedora e baseada na perspectiva\u00a0de\u00a0g\u00eanero. A proposta \u00e9 aprimorar o atendimento \u00e0s v\u00edtimas e tornar as a\u00e7\u00f5es\u00a0de\u00a0preven\u00e7\u00e3o e enfrentamento da viol\u00eancia mais eficazes em todo o pa\u00eds.<\/p>\n<p>Os n\u00fameros mostram a dimens\u00e3o da mobiliza\u00e7\u00e3o. Al\u00e9m das 27 capitais, outras 83 cidades do interior nos estados do Acre, Cear\u00e1, Goi\u00e1s, Maranh\u00e3o, Rio\u00a0de\u00a0Janeiro, Rio Grande do Sul,\u00a0 Rond\u00f4nia e Pernambuco tamb\u00e9m participam da iniciativa, totalizando 110 locais com atividades realizadas simultaneamente.\u00a0<\/p>\n<p>Ao todo, mais\u00a0de\u00a07.700 profissionais se inscreveram para a capacita\u00e7\u00e3o, refor\u00e7ando o compromisso das for\u00e7as\u00a0de\u00a0seguran\u00e7a com a prote\u00e7\u00e3o das mulheres e meninas e com a constru\u00e7\u00e3o\u00a0de\u00a0um atendimento mais humanizado e qualificado.<\/p>\n<p>  <span class=\"hms hms-format-m-ss\">1:59<\/span><\/p>\n","protected":false},"excerpt":{"rendered":"<p>A Secretaria Nacional\u00a0de\u00a0Seguran\u00e7a P\u00fablica, vinculada ao Minist\u00e9rio da Justi\u00e7a e Seguran\u00e7a P\u00fablica, realiza nesta quarta-feira (2) o chamado Dia C\u00a0de\u00a0Capacita\u00e7\u00e3o.\u00a0 A a\u00e7\u00e3o \u00e9 coordenada pelo Comit\u00ea\u00a0de\u00a0Governan\u00e7a das Pol\u00edticas\u00a0de\u00a0Seguran\u00e7a P\u00fablica voltadas \u00e0 preven\u00e7\u00e3o e ao combate da viol\u00eancia contra mulheres e meninas. O objetivo \u00e9 qualificar ainda mais os agentes que atuam na linha\u00a0de\u00a0frente\u00a0desse enfrentamento. A [&hellip;]<\/p>\n","protected":false},"author":46,"featured_media":21570,"comment_status":"open","ping_status":"open","sticky":false,"template":"","format":"standard","meta":{"site-sidebar-layout":"default","site-content-layout":"","ast-site-content-layout":"","site-content-style":"default","site-sidebar-style":"default","ast-global-header-display":"","ast-banner-title-visibility":"","ast-main-header-display":"","ast-hfb-above-header-display":"","ast-hfb-below-header-display":"","ast-hfb-mobile-header-display":"","site-post-title":"","ast-breadcrumbs-content":"","ast-featured-img":"","footer-sml-layout":"","theme-transparent-header-meta":"","adv-header-id-meta":"","stick-header-meta":"","header-above-stick-meta":"","header-main-stick-meta":"","header-below-stick-meta":"","astra-migrate-meta-layouts":"default","ast-page-background-enabled":"default","ast-page-background-meta":{"desktop":{"background-color":"var(--ast-global-color-4)","background-image":"","background-repeat":"repeat","background-position":"center center","background-size":"auto","background-attachment":"scroll","background-type":"","background-media":"","overlay-type":"","overlay-color":"","overlay-opacity":"","overlay-gradient":""},"tablet":{"background-color":"","background-image":"","background-repeat":"repeat","background-position":"center center","background-size":"auto","background-attachment":"scroll","background-type":"","background-media":"","overlay-type":"","overlay-color":"","overlay-opacity":"","overlay-gradient":""},"mobile":{"background-color":"","background-image":"","background-repeat":"repeat","background-position":"center center","background-size":"auto","background-attachment":"scroll","background-type":"","background-media":"","overlay-type":"","overlay-color":"","overlay-opacity":"","overlay-gradient":""}},"ast-content-background-meta":{"desktop":{"background-color":"var(--ast-global-color-5)","background-image":"","background-repeat":"repeat","background-position":"center center","background-size":"auto","background-attachment":"scroll","background-type":"","background-media":"","overlay-type":"","overlay-color":"","overlay-opacity":"","overlay-gradient":""},"tablet":{"background-color":"var(--ast-global-color-5)","background-image":"","background-repeat":"repeat","background-position":"center center","background-size":"auto","background-attachment":"scroll","background-type":"","background-media":"","overlay-type":"","overlay-color":"","overlay-opacity":"","overlay-gradient":""},"mobile":{"background-color":"var(--ast-global-color-5)","background-image":"","background-repeat":"repeat","background-position":"center center","background-size":"auto","background-attachment":"scroll","background-type":"","background-media":"","overlay-type":"","overlay-color":"","overlay-opacity":"","overlay-gradient":""}},"footnotes":""},"categories":[1],"tags":[],"class_list":["post-21569","post","type-post","status-publish","format-standard","has-post-thumbnail","hentry","category-sem-categoria"],"_links":{"self":[{"href":"https:\/\/jornalregionalms.com.br\/index.php?rest_route=\/wp\/v2\/posts\/21569","targetHints":{"allow":["GET"]}}],"collection":[{"href":"https:\/\/jornalregionalms.com.br\/index.php?rest_route=\/wp\/v2\/posts"}],"about":[{"href":"https:\/\/jornalregionalms.com.br\/index.php?rest_route=\/wp\/v2\/types\/post"}],"author":[{"embeddable":true,"href":"https:\/\/jornalregionalms.com.br\/index.php?rest_route=\/wp\/v2\/users\/46"}],"replies":[{"embeddable":true,"href":"https:\/\/jornalregionalms.com.br\/index.php?rest_route=%2Fwp%2Fv2%2Fcomments&post=21569"}],"version-history":[{"count":0,"href":"https:\/\/jornalregionalms.com.br\/index.php?rest_route=\/wp\/v2\/posts\/21569\/revisions"}],"wp:featuredmedia":[{"embeddable":true,"href":"https:\/\/jornalregionalms.com.br\/index.php?rest_route=\/wp\/v2\/media\/21570"}],"wp:attachment":[{"href":"https:\/\/jornalregionalms.com.br\/index.php?rest_route=%2Fwp%2Fv2%2Fmedia&parent=21569"}],"wp:term":[{"taxonomy":"category","embeddable":true,"href":"https:\/\/jornalregionalms.com.br\/index.php?rest_route=%2Fwp%2Fv2%2Fcategories&post=21569"},{"taxonomy":"post_tag","embeddable":true,"href":"https:\/\/jornalregionalms.com.br\/index.php?rest_route=%2Fwp%2Fv2%2Ftags&post=21569"}],"curies":[{"name":"wp","href":"https:\/\/api.w.org\/{rel}","templated":true}]}}