{"id":20521,"date":"2026-08-14T01:27:27","date_gmt":"2026-08-14T05:27:27","guid":{"rendered":"https:\/\/jornalregionalms.com.br\/?p=20521"},"modified":"2026-08-14T01:27:27","modified_gmt":"2026-08-14T05:27:27","slug":"publicadas-novas-regras-para-atividades-de-residencia-medica","status":"publish","type":"post","link":"https:\/\/jornalregionalms.com.br\/?p=20521","title":{"rendered":"Publicadas novas regras para atividades de resid\u00eancia m\u00e9dica"},"content":{"rendered":"<\/p>\n<p><a class=\"\" href=\"https:\/\/agenciabrasil.ebc.com.br\/educacao\/noticia\/2026-08\/publicadas-novas-regras-para-atividades-de-residencia-medica\"><br \/>\n                    <img decoding=\"async\" src=\"https:\/\/cdn.jsdelivr.net\/gh\/sergiosdlima\/assets-ebc@1.0.0\/abr\/assets\/images\/logo-agenciabrasil.svg\" alt=\"Logo Ag\u00eancia Brasil\"><br \/>\n\t\t\t\t<\/a><\/p>\n<p><strong>Os residentes em \u00e1rea profissional da sa\u00fade passam a ter seguran\u00e7a jur\u00eddica para participar de programas de p\u00f3s-gradua\u00e7\u00e3o<em> lato sensu<\/em>, mestrados, doutorados, projetos de pesquisa e eventos cient\u00edficos. A permiss\u00e3o vale desde que n\u00e3o comprometa a carga hor\u00e1ria e as atividades\u00a0pedag\u00f3gicas obrigat\u00f3rias do programa de resid\u00eancia.<\/strong><img decoding=\"async\" src=\"https:\/\/agenciabrasil.ebc.com.br\/ebc.png?id=1699605&#038;o=rss\"><img decoding=\"async\" src=\"https:\/\/agenciabrasil.ebc.com.br\/ebc.gif?id=1699605&#038;o=rss\"><\/p>\n<p>A nova regra est\u00e1 na<a href=\"https:\/\/www.in.gov.br\/web\/dou\/-\/resolucao-cnrms-n-2-de-11-de-agosto-de-2026-724745298\" target=\"_blank\"> resolu\u00e7\u00e3o n\u00ba 2\/2026<\/a> da Comiss\u00e3o Nacional de Resid\u00eancia Multiprofissional em Sa\u00fade, em conjunto com a Secretaria de Educa\u00e7\u00e3o Superior do Minist\u00e9rio da Educa\u00e7\u00e3o (MEC). A medida foi publicada no Di\u00e1rio Oficial da Uni\u00e3o desta quarta-feira (12) e come\u00e7ar\u00e1 a valer em 30 dias.<\/p>\n<\/p>\n<h3>Not\u00edcias relacionadas:<\/h3>\n<ul>\n<li><a href=\"https:\/\/agenciabrasil.ebc.com.br\/saude\/noticia\/2026-08\/doacao-de-sangue-espera-para-quem-fez-tatuagem-e-piercing-sera-menor\">Doa\u00e7\u00e3o de sangue: espera para quem fez tatuagem e piercing ser\u00e1 menor.<\/a><\/li>\n<li><a href=\"https:\/\/agenciabrasil.ebc.com.br\/saude\/noticia\/2026-08\/farmacia-popular-pode-passar-oferecer-exames-e-testes-rapidos\">Farm\u00e1cia Popular pode oferecer exames e testes r\u00e1pidos.<\/a><\/li>\n<li><a href=\"https:\/\/agenciabrasil.ebc.com.br\/educacao\/noticia\/2026-08\/alunos-do-prouni-podem-solicitar-bolsa-permanencia-de-r-700-por-mes\">Alunos do Prouni podem solicitar bolsa perman\u00eancia de R$ 700 por m\u00eas.<\/a><\/li>\n<\/ul>\n<p>A norma lista 13 tipos de ofertas educacionais permitidas, incluindo viv\u00eancias no Sistema \u00danico de Sa\u00fade (SUS), cursos de curta dura\u00e7\u00e3o e atua\u00e7\u00e3o em inst\u00e2ncias de controle social.<\/p>\n<p>De acordo com o texto, a iniciativa tem o objetivo de garantir o desenvolvimento integral das compet\u00eancias profissionais e a qualifica\u00e7\u00e3o do atendimento prestado ao SUS, al\u00e9m de fortalecer o ensino integrado \u00e0 assist\u00eancia prestada nas unidades de sa\u00fade do pa\u00eds.<\/p>\n<h2>Aux\u00edlio financeiro adicional<\/h2>\n<p><strong>A norma tamb\u00e9m estabelece crit\u00e9rios para o recebimento cumulativo de bolsas de ensino, pesquisa e extens\u00e3o ou aux\u00edlios de apoio financeiro.<\/strong> O MEC\u00a0ressalta que a participa\u00e7\u00e3o em cursos e projetos externos deve ser compat\u00edvel com os objetivos do programa de resid\u00eancia.<\/p>\n<h2>Aproveitamento acad\u00eamico<\/h2>\n<p>A Comiss\u00e3o de Resid\u00eancia Multiprofissional (Coremu), \u00f3rg\u00e3o colegiado respons\u00e1vel pela coordena\u00e7\u00e3o, organiza\u00e7\u00e3o, supervis\u00e3o e avalia\u00e7\u00e3o dos programas de resid\u00eancia, dever\u00e1 autorizar previamente o aproveitamento acad\u00eamico da participa\u00e7\u00e3o do residente em ofertas educacionais, como parte da carga hor\u00e1ria do Programa de Resid\u00eancia em \u00c1rea Profissional da Sa\u00fade.<\/p>\n<p><strong>O aproveitamento fica limitado a 240 horas por ano de resid\u00eancia.<\/strong><\/p>\n<h2>Impedimentos<\/h2>\n<p><strong>Os residentes continuam impedidos de acumular empregos ou atividades que inviabilizam a carga hor\u00e1ria da resid\u00eancia e o recebimento dos benef\u00edcios n\u00e3o pode configurar v\u00ednculo empregat\u00edcio ou exerc\u00edcio de atividade profissional.<\/strong><\/p>\n<p>Tamb\u00e9m n\u00e3o podem exercer atividades que entrem em conflito com a rotina e a pr\u00e1tica assistencial do programa de resid\u00eancia.<\/p>\n<p>Quem descumprir as regras pode sofrer san\u00e7\u00f5es administrativas e perder os benef\u00edcios.<\/p>\n<p>\u00a0<\/p>\n","protected":false},"excerpt":{"rendered":"<p>Os residentes em \u00e1rea profissional da sa\u00fade passam a ter seguran\u00e7a jur\u00eddica para participar de programas de p\u00f3s-gradua\u00e7\u00e3o lato sensu, mestrados, doutorados, projetos de pesquisa e eventos cient\u00edficos. A permiss\u00e3o vale desde que n\u00e3o comprometa a carga hor\u00e1ria e as atividades\u00a0pedag\u00f3gicas obrigat\u00f3rias do programa de resid\u00eancia. A nova regra est\u00e1 na resolu\u00e7\u00e3o n\u00ba 2\/2026 da [&hellip;]<\/p>\n","protected":false},"author":6,"featured_media":20522,"comment_status":"open","ping_status":"open","sticky":false,"template":"","format":"standard","meta":{"site-sidebar-layout":"default","site-content-layout":"","ast-site-content-layout":"","site-content-style":"default","site-sidebar-style":"default","ast-global-header-display":"","ast-banner-title-visibility":"","ast-main-header-display":"","ast-hfb-above-header-display":"","ast-hfb-below-header-display":"","ast-hfb-mobile-header-display":"","site-post-title":"","ast-breadcrumbs-content":"","ast-featured-img":"","footer-sml-layout":"","theme-transparent-header-meta":"","adv-header-id-meta":"","stick-header-meta":"","header-above-stick-meta":"","header-main-stick-meta":"","header-below-stick-meta":"","astra-migrate-meta-layouts":"default","ast-page-background-enabled":"default","ast-page-background-meta":{"desktop":{"background-color":"var(--ast-global-color-4)","background-image":"","background-repeat":"repeat","background-position":"center center","background-size":"auto","background-attachment":"scroll","background-type":"","background-media":"","overlay-type":"","overlay-color":"","overlay-opacity":"","overlay-gradient":""},"tablet":{"background-color":"","background-image":"","background-repeat":"repeat","background-position":"center center","background-size":"auto","background-attachment":"scroll","background-type":"","background-media":"","overlay-type":"","overlay-color":"","overlay-opacity":"","overlay-gradient":""},"mobile":{"background-color":"","background-image":"","background-repeat":"repeat","background-position":"center center","background-size":"auto","background-attachment":"scroll","background-type":"","background-media":"","overlay-type":"","overlay-color":"","overlay-opacity":"","overlay-gradient":""}},"ast-content-background-meta":{"desktop":{"background-color":"var(--ast-global-color-5)","background-image":"","background-repeat":"repeat","background-position":"center center","background-size":"auto","background-attachment":"scroll","background-type":"","background-media":"","overlay-type":"","overlay-color":"","overlay-opacity":"","overlay-gradient":""},"tablet":{"background-color":"var(--ast-global-color-5)","background-image":"","background-repeat":"repeat","background-position":"center center","background-size":"auto","background-attachment":"scroll","background-type":"","background-media":"","overlay-type":"","overlay-color":"","overlay-opacity":"","overlay-gradient":""},"mobile":{"background-color":"var(--ast-global-color-5)","background-image":"","background-repeat":"repeat","background-position":"center center","background-size":"auto","background-attachment":"scroll","background-type":"","background-media":"","overlay-type":"","overlay-color":"","overlay-opacity":"","overlay-gradient":""}},"footnotes":""},"categories":[123],"tags":[],"class_list":["post-20521","post","type-post","status-publish","format-standard","has-post-thumbnail","hentry","category-politica"],"_links":{"self":[{"href":"https:\/\/jornalregionalms.com.br\/index.php?rest_route=\/wp\/v2\/posts\/20521","targetHints":{"allow":["GET"]}}],"collection":[{"href":"https:\/\/jornalregionalms.com.br\/index.php?rest_route=\/wp\/v2\/posts"}],"about":[{"href":"https:\/\/jornalregionalms.com.br\/index.php?rest_route=\/wp\/v2\/types\/post"}],"author":[{"embeddable":true,"href":"https:\/\/jornalregionalms.com.br\/index.php?rest_route=\/wp\/v2\/users\/6"}],"replies":[{"embeddable":true,"href":"https:\/\/jornalregionalms.com.br\/index.php?rest_route=%2Fwp%2Fv2%2Fcomments&post=20521"}],"version-history":[{"count":0,"href":"https:\/\/jornalregionalms.com.br\/index.php?rest_route=\/wp\/v2\/posts\/20521\/revisions"}],"wp:featuredmedia":[{"embeddable":true,"href":"https:\/\/jornalregionalms.com.br\/index.php?rest_route=\/wp\/v2\/media\/20522"}],"wp:attachment":[{"href":"https:\/\/jornalregionalms.com.br\/index.php?rest_route=%2Fwp%2Fv2%2Fmedia&parent=20521"}],"wp:term":[{"taxonomy":"category","embeddable":true,"href":"https:\/\/jornalregionalms.com.br\/index.php?rest_route=%2Fwp%2Fv2%2Fcategories&post=20521"},{"taxonomy":"post_tag","embeddable":true,"href":"https:\/\/jornalregionalms.com.br\/index.php?rest_route=%2Fwp%2Fv2%2Ftags&post=20521"}],"curies":[{"name":"wp","href":"https:\/\/api.w.org\/{rel}","templated":true}]}}