{"id":20507,"date":"2026-08-13T12:29:50","date_gmt":"2026-08-13T16:29:50","guid":{"rendered":"https:\/\/jornalregionalms.com.br\/?p=20507"},"modified":"2026-08-13T12:29:50","modified_gmt":"2026-08-13T16:29:50","slug":"policia-federal-faz-operacao-contra-lavagem-de-dinheiro-de-bets","status":"publish","type":"post","link":"https:\/\/jornalregionalms.com.br\/?p=20507","title":{"rendered":"Pol\u00edcia Federal faz opera\u00e7\u00e3o contra lavagem de dinheiro de bets"},"content":{"rendered":"<\/p>\n<p><a class=\"\" href=\"https:\/\/agenciabrasil.ebc.com.br\/geral\/noticia\/2026-08\/policia-federal-faz-operacao-contra-lavagem-de-dinheiro-de-bets\"><br \/>\n                    <img decoding=\"async\" src=\"https:\/\/cdn.jsdelivr.net\/gh\/sergiosdlima\/assets-ebc@1.0.0\/abr\/assets\/images\/logo-agenciabrasil.svg\" alt=\"Logo Ag\u00eancia Brasil\"><br \/>\n\t\t\t\t<\/a><\/p>\n<p>\u00a0A Pol\u00edcia Federal (PF) faz, na manh\u00e3 desta quinta-feira (13) a Opera\u00e7\u00e3o Arena, para investigar um grupo empresarial suspeito de praticar lavagem de dinheiro procedente\u00a0da explora\u00e7\u00e3o de bets. Participam\u00a0da a\u00e7\u00e3o o Minist\u00e9rio P\u00fablico Federal e a Secretaria de Pr\u00eamios e Apostas do Minist\u00e9rio da Fazenda.<img decoding=\"async\" src=\"https:\/\/agenciabrasil.ebc.com.br\/ebc.png?id=1699534&#038;o=rss\"><img decoding=\"async\" src=\"https:\/\/agenciabrasil.ebc.com.br\/ebc.gif?id=1699534&#038;o=rss\"><\/p>\n<p><strong>A opera\u00e7\u00e3o, que ocorre\u00a0na Para\u00edba, em Sergipe, S\u00e3o Paulo, no Rio de Janeiro e Paran\u00e1, j\u00e1 quebrou o sigilo telem\u00e1tico e banc\u00e1rio dos investigados e sequestrou R$ 1,1 bilh\u00e3o. S\u00e3o cumpridos 17 mandados de busca e apreens\u00e3o.<\/strong><\/p>\n<\/p>\n<h3>Not\u00edcias relacionadas:<\/h3>\n<ul>\n<li><a href=\"https:\/\/agenciabrasil.ebc.com.br\/economia\/noticia\/2026-08\/pf-apura-aporte-de-97-milhoes-de-instituto-de-previdencia-de-maceio-no-master\">PF apura aporte de R$ 97 milh\u00f5es de previd\u00eancia de Macei\u00f3 no Master.<\/a><\/li>\n<li><a href=\"https:\/\/agenciabrasil.ebc.com.br\/geral\/noticia\/2026-08\/manifestacoes-contra-acao-da-policia-bloqueiam-vias-do-rio\">Manifesta\u00e7\u00f5es contra a\u00e7\u00e3o da pol\u00edcia bloqueiam vias do Rio.<\/a><\/li>\n<li><a href=\"https:\/\/agenciabrasil.ebc.com.br\/direitos-humanos\/noticia\/2026-08\/policia-registrou-783-mil-atendimentos-especializados-mulher-em-2025\">Pol\u00edcia registrou 783 mil atendimentos especializados \u00e0 mulher em 2025.<\/a><\/li>\n<\/ul>\n<p>De acordo com informa\u00e7\u00f5es da Pol\u00edcia Federal, os <strong>suspeitos poder\u00e3o responder por crimes de evas\u00e3o de divisas, lavagem de dinheiro e por crimes contra o sistema financeiro nacional.<\/strong><\/p>\n<p>Em nota, a\u00a0defesa do advogado Nelson Wilians, um dos alvos da opera\u00e7\u00e3o, disse que a<em>\u00a0<\/em>rela\u00e7\u00e3o entre o escrit\u00f3rio e a PixBet \u00e9 estritamente profissional e decorre da presta\u00e7\u00e3o de servi\u00e7os de advocacia.<\/p>\n<p>&#8220;A atua\u00e7\u00e3o do escrit\u00f3rio em favor de seus clientes limita-se ao exerc\u00edcio regular da advocacia, n\u00e3o se confundindo com as atividades empresariais por eles desenvolvidas&#8221;.<\/p>\n<p>Na nota, o\u00a0escrit\u00f3rio repudia qualquer tentativa de associar a atua\u00e7\u00e3o profissional de seus advogados \u00e0s atividades ou condutas atribu\u00eddas a seus clientes.\u00a0<\/p>\n<p>&#8220;\u00c9 preciso ter cautela para que o leg\u00edtimo exerc\u00edcio da advocacia n\u00e3o seja indevidamente criminalizado em raz\u00e3o da natureza ou das atividades daqueles que o advogado representa<em>&#8220;, <\/em>acrescenta<em>.<\/em><\/p>\n<p><em>(*Nota atualizada \u00e0s 9h26 para inclus\u00e3o do posicionamento de um dos investigados na opera\u00e7\u00e3o da PF.)<\/em><\/p>\n","protected":false},"excerpt":{"rendered":"<p>\u00a0A Pol\u00edcia Federal (PF) faz, na manh\u00e3 desta quinta-feira (13) a Opera\u00e7\u00e3o Arena, para investigar um grupo empresarial suspeito de praticar lavagem de dinheiro procedente\u00a0da explora\u00e7\u00e3o de bets. Participam\u00a0da a\u00e7\u00e3o o Minist\u00e9rio P\u00fablico Federal e a Secretaria de Pr\u00eamios e Apostas do Minist\u00e9rio da Fazenda. A opera\u00e7\u00e3o, que ocorre\u00a0na Para\u00edba, em Sergipe, S\u00e3o Paulo, no [&hellip;]<\/p>\n","protected":false},"author":15,"featured_media":20508,"comment_status":"open","ping_status":"open","sticky":false,"template":"","format":"standard","meta":{"site-sidebar-layout":"default","site-content-layout":"","ast-site-content-layout":"","site-content-style":"default","site-sidebar-style":"default","ast-global-header-display":"","ast-banner-title-visibility":"","ast-main-header-display":"","ast-hfb-above-header-display":"","ast-hfb-below-header-display":"","ast-hfb-mobile-header-display":"","site-post-title":"","ast-breadcrumbs-content":"","ast-featured-img":"","footer-sml-layout":"","theme-transparent-header-meta":"","adv-header-id-meta":"","stick-header-meta":"","header-above-stick-meta":"","header-main-stick-meta":"","header-below-stick-meta":"","astra-migrate-meta-layouts":"default","ast-page-background-enabled":"default","ast-page-background-meta":{"desktop":{"background-color":"var(--ast-global-color-4)","background-image":"","background-repeat":"repeat","background-position":"center center","background-size":"auto","background-attachment":"scroll","background-type":"","background-media":"","overlay-type":"","overlay-color":"","overlay-opacity":"","overlay-gradient":""},"tablet":{"background-color":"","background-image":"","background-repeat":"repeat","background-position":"center center","background-size":"auto","background-attachment":"scroll","background-type":"","background-media":"","overlay-type":"","overlay-color":"","overlay-opacity":"","overlay-gradient":""},"mobile":{"background-color":"","background-image":"","background-repeat":"repeat","background-position":"center center","background-size":"auto","background-attachment":"scroll","background-type":"","background-media":"","overlay-type":"","overlay-color":"","overlay-opacity":"","overlay-gradient":""}},"ast-content-background-meta":{"desktop":{"background-color":"var(--ast-global-color-5)","background-image":"","background-repeat":"repeat","background-position":"center center","background-size":"auto","background-attachment":"scroll","background-type":"","background-media":"","overlay-type":"","overlay-color":"","overlay-opacity":"","overlay-gradient":""},"tablet":{"background-color":"var(--ast-global-color-5)","background-image":"","background-repeat":"repeat","background-position":"center center","background-size":"auto","background-attachment":"scroll","background-type":"","background-media":"","overlay-type":"","overlay-color":"","overlay-opacity":"","overlay-gradient":""},"mobile":{"background-color":"var(--ast-global-color-5)","background-image":"","background-repeat":"repeat","background-position":"center center","background-size":"auto","background-attachment":"scroll","background-type":"","background-media":"","overlay-type":"","overlay-color":"","overlay-opacity":"","overlay-gradient":""}},"footnotes":""},"categories":[1],"tags":[],"class_list":["post-20507","post","type-post","status-publish","format-standard","has-post-thumbnail","hentry","category-sem-categoria"],"_links":{"self":[{"href":"https:\/\/jornalregionalms.com.br\/index.php?rest_route=\/wp\/v2\/posts\/20507","targetHints":{"allow":["GET"]}}],"collection":[{"href":"https:\/\/jornalregionalms.com.br\/index.php?rest_route=\/wp\/v2\/posts"}],"about":[{"href":"https:\/\/jornalregionalms.com.br\/index.php?rest_route=\/wp\/v2\/types\/post"}],"author":[{"embeddable":true,"href":"https:\/\/jornalregionalms.com.br\/index.php?rest_route=\/wp\/v2\/users\/15"}],"replies":[{"embeddable":true,"href":"https:\/\/jornalregionalms.com.br\/index.php?rest_route=%2Fwp%2Fv2%2Fcomments&post=20507"}],"version-history":[{"count":0,"href":"https:\/\/jornalregionalms.com.br\/index.php?rest_route=\/wp\/v2\/posts\/20507\/revisions"}],"wp:featuredmedia":[{"embeddable":true,"href":"https:\/\/jornalregionalms.com.br\/index.php?rest_route=\/wp\/v2\/media\/20508"}],"wp:attachment":[{"href":"https:\/\/jornalregionalms.com.br\/index.php?rest_route=%2Fwp%2Fv2%2Fmedia&parent=20507"}],"wp:term":[{"taxonomy":"category","embeddable":true,"href":"https:\/\/jornalregionalms.com.br\/index.php?rest_route=%2Fwp%2Fv2%2Fcategories&post=20507"},{"taxonomy":"post_tag","embeddable":true,"href":"https:\/\/jornalregionalms.com.br\/index.php?rest_route=%2Fwp%2Fv2%2Ftags&post=20507"}],"curies":[{"name":"wp","href":"https:\/\/api.w.org\/{rel}","templated":true}]}}