{"id":20475,"date":"2026-08-12T23:34:16","date_gmt":"2026-08-13T03:34:16","guid":{"rendered":"https:\/\/jornalregionalms.com.br\/?p=20475"},"modified":"2026-08-12T23:34:16","modified_gmt":"2026-08-13T03:34:16","slug":"manifestacoes-contra-acao-da-policia-bloqueiam-vias-do-rio","status":"publish","type":"post","link":"https:\/\/jornalregionalms.com.br\/?p=20475","title":{"rendered":"Manifesta\u00e7\u00f5es contra a\u00e7\u00e3o da pol\u00edcia bloqueiam vias do Rio"},"content":{"rendered":"<\/p>\n<p><a class=\"\" href=\"https:\/\/agenciabrasil.ebc.com.br\/geral\/noticia\/2026-08\/manifestacoes-contra-acao-da-policia-bloqueiam-vias-do-rio\"><br \/>\n                    <img decoding=\"async\" src=\"https:\/\/cdn.jsdelivr.net\/gh\/sergiosdlima\/assets-ebc@1.0.0\/abr\/assets\/images\/logo-agenciabrasil.svg\" alt=\"Logo Ag\u00eancia Brasil\"><br \/>\n\t\t\t\t<\/a><\/p>\n<p><strong>Um trecho da Avenida Rei Pel\u00e9 e da Rua S\u00e3o Francisco Xavier, na regi\u00e3o da Mangueira, foi interditado por causa de uma tensa manifesta\u00e7\u00e3o em resposta \u00e0 opera\u00e7\u00e3o da Delegacia de Roubos e Furtos da Pol\u00edcia Civil do Rio de Janeiro na localidade chamada de Favela do Metr\u00f4, na zona norte da capital fluminense.<\/strong><img decoding=\"async\" src=\"https:\/\/agenciabrasil.ebc.com.br\/ebc.png?id=1699472&#038;o=rss\"><img decoding=\"async\" src=\"https:\/\/agenciabrasil.ebc.com.br\/ebc.gif?id=1699472&#038;o=rss\"><\/p>\n<p>Ap\u00f3s a sa\u00edda dos policiais, <strong>os manifestantes atearam fogo em pneus e cont\u00eaineres de lixo que usaram para bloquear a Avenida Rei Pel\u00e9.<\/strong> Bombeiros foram para o local e jogaram \u00e1gua de v\u00e1rias viaturas para apagar as chamas.<\/p>\n<\/p>\n<h3>Not\u00edcias relacionadas:<\/h3>\n<ul>\n<li><a href=\"https:\/\/agenciabrasil.ebc.com.br\/geral\/noticia\/2026-08\/policia-do-rio-faz-operacoes-para-prender-dezenas-de-integrantes-do-cv\">Pol\u00edcia do Rio faz opera\u00e7\u00f5es para prender dezenas de integrantes do CV.<\/a><\/li>\n<li><a href=\"https:\/\/agenciabrasil.ebc.com.br\/direitos-humanos\/noticia\/2026-07\/relatorio-denuncia-violencia-em-acoes-policiais-na-baixada-fluminense\">Relat\u00f3rio denuncia viol\u00eancia em a\u00e7\u00f5es policiais na Baixada Fluminense.<\/a><\/li>\n<\/ul>\n<p><strong>Segundo a Pol\u00edcia Civil, os agentes foram recebidos a tiros durante a a\u00e7\u00e3o. <\/strong>\u201cPoliciais civis da Delegacia de Roubos e Furtos (DRF) foram covardemente atacados por narcotraficantes durante uma a\u00e7\u00e3o realizada, nesta quarta-feira (12\/08), em um ferro-velho do tr\u00e1fico de drogas na Avenida Rei Pel\u00e9, pr\u00f3ximo \u00e0 Mangueira, na Zona Norte do Rio\u201d, informou, em nota, a Secretaria de Estado de Pol\u00edcia Civil.<\/p>\n<p>Conforme a secretaria, os criminosos fizeram disparos,\u00a0do alto da comunidade, contra os agentes, colocando em risco a popula\u00e7\u00e3o e a integridade dos policiais. A nota acrescentou que n\u00e3o houve revide.\u00a0\u201cA Pol\u00edcia Civil ressalta que quem coloca a popula\u00e7\u00e3o em risco \u00e9 o criminoso que ataca policiais e promove a\u00e7\u00f5es violentas em \u00e1reas residenciais\u201d, destacou.<\/p>\n<p><strong>O tr\u00e2nsito ficou ca\u00f3tico. Assustados, os\u00a0motoristas procuravam se proteger tentando se afastar do local. No sentido M\u00e9ier, o tr\u00e2nsito ficou lento com reflexos no acesso pela Avenida Rei Pel\u00e9. J\u00e1 no sentido Centro, houve reflexos na Rua S\u00e3o Francisco Xavier.<\/strong><\/p>\n<p>A Universidade do Estado do Rio de Janeiro (Uerj), que fica perto do\u00a0local das manifesta\u00e7\u00f5es, fez\u00a0recomenda\u00e7\u00f5es a alunos, professores e funcion\u00e1rios. \u201cA orienta\u00e7\u00e3o da Universidade, no momento, \u00e9 para n\u00e3o virem ao <em>campus<\/em> Maracan\u00e3 agora e, para quem est\u00e1, permanecer. Estamos acompanhando os acontecimentos decorrentes da manifesta\u00e7\u00e3o na Avenida Rei Pel\u00e9\u201d, indicou.<\/p>\n<h2>\u00d4nibus<\/h2>\n<p>Em nota, o Rio \u00d4nibus informou que ve\u00edculos tiveram as chaves retiradas e foram utilizados como barricadas, na S\u00e3o Francisco Xavier, no Maracan\u00e3. <strong>De acordo com o sindicato, 19\u00a0linhas que passam na regi\u00e3o sofreram impactos no itiner\u00e1rio.<\/strong><\/p>\n<p>Os que foram usados em barricadas s\u00e3o da linha A29046 \u2013 457, que faz o trajeto Aboli\u00e7\u00e3o, na zona norte, e Copacabana, na zona sul.<\/p>\n<h2>Opera\u00e7\u00e3o<\/h2>\n<p>Na opera\u00e7\u00e3o de fiscaliza\u00e7\u00e3o para combater a comercializa\u00e7\u00e3o ilegal de cabos e materiais met\u00e1licos, policiais civis da Delegacia de Roubos e Furtos (DRF) prenderam, em flagrante, cinco pessoas por recepta\u00e7\u00e3o qualificada em um ferro-velho clandestino, na Rua S\u00e3o Francisco Xavier, na regi\u00e3o da Mangueira.<\/p>\n<p>O local era usado para receber e comercializar materiais furtados e sofria influ\u00eancia de traficantes que atuam no Morro da Mangueira.<\/p>\n<p>\u201cAs investiga\u00e7\u00f5es apontam que o estabelecimento funcionava como ponto de recepta\u00e7\u00e3o de materiais furtados principalmente na Tijuca, Graja\u00fa e Vila Isabel\u201d, completou a nota da Secretaria de Estado de Pol\u00edcia Civil (Sepol).<\/p>\n<p>A nota informou ainda que os policiais encontraram no local \u201ccabos de cobre de empresas de telefonia, j\u00e1 cortados, al\u00e9m de uma estrutura improvisada com balan\u00e7a, computador, caixa registradora e dinheiro utilizado na compra dos materiais\u201d. Os agentes constataram tamb\u00e9m a queima de cabos para retirar a cobertura e dificultar a identifica\u00e7\u00e3o da origem dos produtos.<\/p>\n<p>A fiscaliza\u00e7\u00e3o de hoje integra a Opera\u00e7\u00e3o Caminhos do Cobre, a\u00e7\u00e3o cont\u00ednua da Pol\u00edcia Civil para combater o furto de cabos e materiais met\u00e1licos com foco em toda a cadeia criminosa, \u201cdesde o furtador at\u00e9 as metal\u00fargicas\u201d.<\/p>\n<p>Segundo a pol\u00edcia, o ferro-velho havia sido investigado h\u00e1 meses pelos policiais da DRF e foi alvo de a\u00e7\u00f5es anteriores. \u201cNo dia 3 de julho, a especializada prendeu cinco criminosos no local por recepta\u00e7\u00e3o qualificada\u201d, informou.<\/p>\n<p>De acordo com\u00a0a secretaria, desde setembro de 2024, a DRF e outras delegacias da institui\u00e7\u00e3o\u00a0realizaram mais de 580 fiscaliza\u00e7\u00f5es em ferros-velhos, que resultaram em cerca de 270 pris\u00f5es de respons\u00e1veis pelos estabelecimentos. No mesmo per\u00edodo, cerca de 300 toneladas de fios de cobre e materiais met\u00e1licos foram apreendidas pela DRF.<\/p>\n<p>\u201cAl\u00e9m disso, houve o pedido de bloqueio de aproximadamente R$ 240 milh\u00f5es e de R$ 75 milh\u00f5es em multas aplicadas, consolidando a Opera\u00e7\u00e3o Caminhos do Cobre como uma das maiores ofensivas contra a infraestrutura financeira do crime patrimonial no Estado\u201d, apontou a nota.<\/p>\n<p>\u201cAs a\u00e7\u00f5es visam tamb\u00e9m descapitalizar financeiramente os bra\u00e7os operacionais do tr\u00e1fico, respons\u00e1veis por fomentar esse tipo de crime\u201d, acrescentou.<\/p>\n<h2>Pol\u00edcia Militar<\/h2>\n<p>A Secretaria de Estado de Pol\u00edcia Militar (SEPM) informou que a manifesta\u00e7\u00e3o na Avenida Rei Pel\u00e9\u00a0teve in\u00edcio com um grupo de pessoas pr\u00f3ximo \u00e0 comunidade da Mangueira. Equipes do 3\u00ba BPM (M\u00e9ier), do 6\u00ba BPM (Tijuca) e das Rondas Especiais e Controle de Multid\u00e3o (RECOM) foram deslocadas para o local para estabilizar a regi\u00e3o e restabelecer o fluxo de tr\u00e2nsito nas vias.<\/p>\n<p>\u201cA situa\u00e7\u00e3o foi controlada e o tr\u00e2nsito j\u00e1 est\u00e1 liberado. O policiamento segue refor\u00e7ado na regi\u00e3o\u201d, informou a PM.<\/p>\n<p><em>Mat\u00e9ria ampliada \u00e0s 16h13.<\/em><\/p>\n","protected":false},"excerpt":{"rendered":"<p>Um trecho da Avenida Rei Pel\u00e9 e da Rua S\u00e3o Francisco Xavier, na regi\u00e3o da Mangueira, foi interditado por causa de uma tensa manifesta\u00e7\u00e3o em resposta \u00e0 opera\u00e7\u00e3o da Delegacia de Roubos e Furtos da Pol\u00edcia Civil do Rio de Janeiro na localidade chamada de Favela do Metr\u00f4, na zona norte da capital fluminense. Ap\u00f3s [&hellip;]<\/p>\n","protected":false},"author":42,"featured_media":20476,"comment_status":"open","ping_status":"open","sticky":false,"template":"","format":"standard","meta":{"site-sidebar-layout":"default","site-content-layout":"","ast-site-content-layout":"","site-content-style":"default","site-sidebar-style":"default","ast-global-header-display":"","ast-banner-title-visibility":"","ast-main-header-display":"","ast-hfb-above-header-display":"","ast-hfb-below-header-display":"","ast-hfb-mobile-header-display":"","site-post-title":"","ast-breadcrumbs-content":"","ast-featured-img":"","footer-sml-layout":"","theme-transparent-header-meta":"","adv-header-id-meta":"","stick-header-meta":"","header-above-stick-meta":"","header-main-stick-meta":"","header-below-stick-meta":"","astra-migrate-meta-layouts":"default","ast-page-background-enabled":"default","ast-page-background-meta":{"desktop":{"background-color":"var(--ast-global-color-4)","background-image":"","background-repeat":"repeat","background-position":"center center","background-size":"auto","background-attachment":"scroll","background-type":"","background-media":"","overlay-type":"","overlay-color":"","overlay-opacity":"","overlay-gradient":""},"tablet":{"background-color":"","background-image":"","background-repeat":"repeat","background-position":"center center","background-size":"auto","background-attachment":"scroll","background-type":"","background-media":"","overlay-type":"","overlay-color":"","overlay-opacity":"","overlay-gradient":""},"mobile":{"background-color":"","background-image":"","background-repeat":"repeat","background-position":"center center","background-size":"auto","background-attachment":"scroll","background-type":"","background-media":"","overlay-type":"","overlay-color":"","overlay-opacity":"","overlay-gradient":""}},"ast-content-background-meta":{"desktop":{"background-color":"var(--ast-global-color-5)","background-image":"","background-repeat":"repeat","background-position":"center center","background-size":"auto","background-attachment":"scroll","background-type":"","background-media":"","overlay-type":"","overlay-color":"","overlay-opacity":"","overlay-gradient":""},"tablet":{"background-color":"var(--ast-global-color-5)","background-image":"","background-repeat":"repeat","background-position":"center center","background-size":"auto","background-attachment":"scroll","background-type":"","background-media":"","overlay-type":"","overlay-color":"","overlay-opacity":"","overlay-gradient":""},"mobile":{"background-color":"var(--ast-global-color-5)","background-image":"","background-repeat":"repeat","background-position":"center center","background-size":"auto","background-attachment":"scroll","background-type":"","background-media":"","overlay-type":"","overlay-color":"","overlay-opacity":"","overlay-gradient":""}},"footnotes":""},"categories":[1],"tags":[],"class_list":["post-20475","post","type-post","status-publish","format-standard","has-post-thumbnail","hentry","category-sem-categoria"],"_links":{"self":[{"href":"https:\/\/jornalregionalms.com.br\/index.php?rest_route=\/wp\/v2\/posts\/20475","targetHints":{"allow":["GET"]}}],"collection":[{"href":"https:\/\/jornalregionalms.com.br\/index.php?rest_route=\/wp\/v2\/posts"}],"about":[{"href":"https:\/\/jornalregionalms.com.br\/index.php?rest_route=\/wp\/v2\/types\/post"}],"author":[{"embeddable":true,"href":"https:\/\/jornalregionalms.com.br\/index.php?rest_route=\/wp\/v2\/users\/42"}],"replies":[{"embeddable":true,"href":"https:\/\/jornalregionalms.com.br\/index.php?rest_route=%2Fwp%2Fv2%2Fcomments&post=20475"}],"version-history":[{"count":0,"href":"https:\/\/jornalregionalms.com.br\/index.php?rest_route=\/wp\/v2\/posts\/20475\/revisions"}],"wp:featuredmedia":[{"embeddable":true,"href":"https:\/\/jornalregionalms.com.br\/index.php?rest_route=\/wp\/v2\/media\/20476"}],"wp:attachment":[{"href":"https:\/\/jornalregionalms.com.br\/index.php?rest_route=%2Fwp%2Fv2%2Fmedia&parent=20475"}],"wp:term":[{"taxonomy":"category","embeddable":true,"href":"https:\/\/jornalregionalms.com.br\/index.php?rest_route=%2Fwp%2Fv2%2Fcategories&post=20475"},{"taxonomy":"post_tag","embeddable":true,"href":"https:\/\/jornalregionalms.com.br\/index.php?rest_route=%2Fwp%2Fv2%2Ftags&post=20475"}],"curies":[{"name":"wp","href":"https:\/\/api.w.org\/{rel}","templated":true}]}}