{"id":20389,"date":"2026-08-11T23:29:00","date_gmt":"2026-08-12T03:29:00","guid":{"rendered":"https:\/\/jornalregionalms.com.br\/?p=20389"},"modified":"2026-08-11T23:29:00","modified_gmt":"2026-08-12T03:29:00","slug":"grupo-de-capoeira-realiza-evento-para-comemorar-25-anos-em-salvador","status":"publish","type":"post","link":"https:\/\/jornalregionalms.com.br\/?p=20389","title":{"rendered":"Grupo de capoeira realiza evento para comemorar 25 anos em Salvador"},"content":{"rendered":"<p>O Grupo de Capoeira Mangang\u00e1, de Salvador, come\u00e7a nesta quarta-feira as comemora\u00e7\u00f5es pelos 25 anos de funda\u00e7\u00e3o.<img decoding=\"async\" src=\"https:\/\/agenciabrasil.ebc.com.br\/ebc.png?id=1699330&#038;o=rss\"><img decoding=\"async\" src=\"https:\/\/agenciabrasil.ebc.com.br\/ebc.gif?id=1699330&#038;o=rss\"><\/p>\n<p><strong>Para festejar essa trajet\u00f3ria, a associa\u00e7\u00e3o realizar\u00e1, at\u00e9 o dia 23 de agosto, em Salvador e na regi\u00e3o metropolitana, o &#8216;Encontro Cultural e Interc\u00e2mbio Internacional Mangang\u00e1&#8217;. <\/strong><\/p>\n<p>Praticantes e admiradores da capoeira do Brasil e de pa\u00edses como It\u00e1lia, Mo\u00e7ambique, Estados Unidos, Argentina, B\u00e9lgica e Austr\u00e1lia participar\u00e3o dos 12 dias de programa\u00e7\u00e3o.<\/p>\n<p>O evento contar\u00e1 com oficinas de musicalidade, dan\u00e7a afro, maculel\u00ea, samba de roda, percuss\u00e3o, rodas de capoeira, palestras e apresenta\u00e7\u00f5es culturais.<\/p>\n<p><strong>As atividades acontecer\u00e3o em Salvador, nos bairros Cassange, Castelo Branco, Jardim Nova Esperan\u00e7a, Pernambu\u00e9s, Sete de Abril e Pau Mi\u00fado, onde fica a sede do Mangang\u00e1. <\/strong><\/p>\n<p><strong>Tamb\u00e9m haver\u00e1 programa\u00e7\u00e3o em Sim\u00f5es Filho e no munic\u00edpio de Tancredo Neves.\u00a0<\/strong>Os locais e hor\u00e1rios est\u00e3o dispon\u00edveis no Instagram do grupo.<\/p>\n<p>Uma novidade desta edi\u00e7\u00e3o \u00e9 o evento &#8216;Rasteira no Feminic\u00eddio&#8217;.<\/p>\n<p>Considerando que cerca de 60% do p\u00fablico capoeirista \u00e9 formado por mulheres, a iniciativa reunir\u00e1 homens e mulheres em comunidades para debater e conscientizar sobre a viol\u00eancia dom\u00e9stica.<\/p>\n<p>No encerramento do encontro, no dia 23 de agosto, haver\u00e1 uma grande cerim\u00f4nia de troca de gradua\u00e7\u00e3o, formatura e batizado no Teatro da Universidade do Estado da Bahia, no bairro do Cabula.<\/p>\n<p>A Associa\u00e7\u00e3o Sociocultural e de Capoeira Bloco Carnavalesco Afro Mangang\u00e1 foi fundada em 2001, em Salvador, por nomes de refer\u00eancia da capoeira, como Mestre Tonho Mat\u00e9ria e Mestre Lob\u00e3o.<\/p>\n<p>Batizada em homenagem ao lend\u00e1rio capoeirista Besouro Mangang\u00e1, a entidade realiza ao longo do ano a\u00e7\u00f5es de arte, educa\u00e7\u00e3o e de combate ao racismo na capital baiana e em cidades do entorno.<\/p>\n<p>  <span class=\"hms hms-format-m-ss\">2:05<\/span><\/p>\n","protected":false},"excerpt":{"rendered":"<p>O Grupo de Capoeira Mangang\u00e1, de Salvador, come\u00e7a nesta quarta-feira as comemora\u00e7\u00f5es pelos 25 anos de funda\u00e7\u00e3o. Para festejar essa trajet\u00f3ria, a associa\u00e7\u00e3o realizar\u00e1, at\u00e9 o dia 23 de agosto, em Salvador e na regi\u00e3o metropolitana, o &#8216;Encontro Cultural e Interc\u00e2mbio Internacional Mangang\u00e1&#8217;. Praticantes e admiradores da capoeira do Brasil e de pa\u00edses como It\u00e1lia, [&hellip;]<\/p>\n","protected":false},"author":27,"featured_media":20390,"comment_status":"open","ping_status":"open","sticky":false,"template":"","format":"standard","meta":{"site-sidebar-layout":"default","site-content-layout":"","ast-site-content-layout":"","site-content-style":"default","site-sidebar-style":"default","ast-global-header-display":"","ast-banner-title-visibility":"","ast-main-header-display":"","ast-hfb-above-header-display":"","ast-hfb-below-header-display":"","ast-hfb-mobile-header-display":"","site-post-title":"","ast-breadcrumbs-content":"","ast-featured-img":"","footer-sml-layout":"","theme-transparent-header-meta":"","adv-header-id-meta":"","stick-header-meta":"","header-above-stick-meta":"","header-main-stick-meta":"","header-below-stick-meta":"","astra-migrate-meta-layouts":"default","ast-page-background-enabled":"default","ast-page-background-meta":{"desktop":{"background-color":"var(--ast-global-color-4)","background-image":"","background-repeat":"repeat","background-position":"center center","background-size":"auto","background-attachment":"scroll","background-type":"","background-media":"","overlay-type":"","overlay-color":"","overlay-opacity":"","overlay-gradient":""},"tablet":{"background-color":"","background-image":"","background-repeat":"repeat","background-position":"center center","background-size":"auto","background-attachment":"scroll","background-type":"","background-media":"","overlay-type":"","overlay-color":"","overlay-opacity":"","overlay-gradient":""},"mobile":{"background-color":"","background-image":"","background-repeat":"repeat","background-position":"center center","background-size":"auto","background-attachment":"scroll","background-type":"","background-media":"","overlay-type":"","overlay-color":"","overlay-opacity":"","overlay-gradient":""}},"ast-content-background-meta":{"desktop":{"background-color":"var(--ast-global-color-5)","background-image":"","background-repeat":"repeat","background-position":"center center","background-size":"auto","background-attachment":"scroll","background-type":"","background-media":"","overlay-type":"","overlay-color":"","overlay-opacity":"","overlay-gradient":""},"tablet":{"background-color":"var(--ast-global-color-5)","background-image":"","background-repeat":"repeat","background-position":"center center","background-size":"auto","background-attachment":"scroll","background-type":"","background-media":"","overlay-type":"","overlay-color":"","overlay-opacity":"","overlay-gradient":""},"mobile":{"background-color":"var(--ast-global-color-5)","background-image":"","background-repeat":"repeat","background-position":"center center","background-size":"auto","background-attachment":"scroll","background-type":"","background-media":"","overlay-type":"","overlay-color":"","overlay-opacity":"","overlay-gradient":""}},"footnotes":""},"categories":[1],"tags":[],"class_list":["post-20389","post","type-post","status-publish","format-standard","has-post-thumbnail","hentry","category-sem-categoria"],"_links":{"self":[{"href":"https:\/\/jornalregionalms.com.br\/index.php?rest_route=\/wp\/v2\/posts\/20389","targetHints":{"allow":["GET"]}}],"collection":[{"href":"https:\/\/jornalregionalms.com.br\/index.php?rest_route=\/wp\/v2\/posts"}],"about":[{"href":"https:\/\/jornalregionalms.com.br\/index.php?rest_route=\/wp\/v2\/types\/post"}],"author":[{"embeddable":true,"href":"https:\/\/jornalregionalms.com.br\/index.php?rest_route=\/wp\/v2\/users\/27"}],"replies":[{"embeddable":true,"href":"https:\/\/jornalregionalms.com.br\/index.php?rest_route=%2Fwp%2Fv2%2Fcomments&post=20389"}],"version-history":[{"count":0,"href":"https:\/\/jornalregionalms.com.br\/index.php?rest_route=\/wp\/v2\/posts\/20389\/revisions"}],"wp:featuredmedia":[{"embeddable":true,"href":"https:\/\/jornalregionalms.com.br\/index.php?rest_route=\/wp\/v2\/media\/20390"}],"wp:attachment":[{"href":"https:\/\/jornalregionalms.com.br\/index.php?rest_route=%2Fwp%2Fv2%2Fmedia&parent=20389"}],"wp:term":[{"taxonomy":"category","embeddable":true,"href":"https:\/\/jornalregionalms.com.br\/index.php?rest_route=%2Fwp%2Fv2%2Fcategories&post=20389"},{"taxonomy":"post_tag","embeddable":true,"href":"https:\/\/jornalregionalms.com.br\/index.php?rest_route=%2Fwp%2Fv2%2Ftags&post=20389"}],"curies":[{"name":"wp","href":"https:\/\/api.w.org\/{rel}","templated":true}]}}