{"id":16441,"date":"2026-05-20T12:27:58","date_gmt":"2026-05-20T16:27:58","guid":{"rendered":"https:\/\/jornalregionalms.com.br\/?p=16441"},"modified":"2026-05-20T12:27:58","modified_gmt":"2026-05-20T16:27:58","slug":"estudo-diz-que-maioria-dos-brasileiros-conectados-aprova-convocacao","status":"publish","type":"post","link":"https:\/\/jornalregionalms.com.br\/?p=16441","title":{"rendered":"Estudo diz que maioria dos brasileiros conectados aprova convoca\u00e7\u00e3o"},"content":{"rendered":"<\/p>\n<p><a class=\"\" href=\"https:\/\/agenciabrasil.ebc.com.br\/esportes\/noticia\/2026-05\/estudo-diz-que-maioria-dos-brasileiros-conectados-aprova-convocacao\"><br \/>\n                    <img decoding=\"async\" src=\"https:\/\/cdn.jsdelivr.net\/gh\/sergiosdlima\/assets-ebc@1.0.0\/abr\/assets\/images\/logo-agenciabrasil.svg\" alt=\"Logo Ag\u00eancia Brasil\"><br \/>\n\t\t\t\t<\/a><\/p>\n<p>A lista de Carlo Ancelotti para a Copa do Mundo nos Estados Unidos, no M\u00e9xico e no Canad\u00e1 foi aprovada por tr\u00eas em cada quatro brasileiros conectados \u00e0 internet. \u00c9 o que indica uma pesquisa da Human Data, empresa que atua com dados, intelig\u00eancia artificial e cultura digital, divulgada nesta ter\u00e7a-feira (19).<img decoding=\"async\" src=\"https:\/\/agenciabrasil.ebc.com.br\/ebc.png?id=1690009&#038;o=rss\"><img decoding=\"async\" src=\"https:\/\/agenciabrasil.ebc.com.br\/ebc.gif?id=1690009&#038;o=rss\"><\/p>\n<p>Segundo o estudo, realizado entre as \u00faltimas sexta-feira (15) e segunda-feira (18), dia da convoca\u00e7\u00e3o, analisando a expectativa e a repercuss\u00e3o da lista final, 74% dos torcedores concordaram com os nomes anunciados pelo t\u00e9cnico. Foram monitorados, em tempo real, portais, ambientes digitais e redes sociais como TikTok, Instagram, YouTube, Facebook e X (antigo Twitter).<\/p>\n<\/p>\n<h3>Not\u00edcias relacionadas:<\/h3>\n<ul>\n<li><a href=\"https:\/\/agenciabrasil.ebc.com.br\/esportes\/noticia\/2026-05\/confiante-no-hexa-neymar-projeta-ultima-copa-do-mundo-da-carreira\">Confiante no hexa, Neymar projeta \u00faltima Copa do Mundo da carreira .<\/a><\/li>\n<li><a href=\"https:\/\/agenciabrasil.ebc.com.br\/esportes\/noticia\/2026-05\/comentaristas-da-ebc-avaliam-lista-final-de-convocados-da-selecao\">Comentaristas da EBC avaliam lista final de convocados da sele\u00e7\u00e3o.<\/a><\/li>\n<li><a href=\"https:\/\/agenciabrasil.ebc.com.br\/esportes\/noticia\/2026-05\/com-presenca-de-neymar-ancelotti-convoca-selecao-para-copa\">Com a presen\u00e7a de Neymar, Ancelotti convoca sele\u00e7\u00e3o para a Copa.<\/a><\/li>\n<\/ul>\n<p>Na compara\u00e7\u00e3o com a \u00faltima Copa, em 2022, no Catar, o interesse dos brasileiros teve um aumento de 258%. Ainda de acordo com a pesquisa, a convoca\u00e7\u00e3o atingiu um pico de 633 mil men\u00e7\u00f5es nas diversas plataformas monitoradas.<\/p>\n<p>Atleta que concentrava a maior expectativa sobre a presen\u00e7a ou n\u00e3o na lista de Ancelotti, Neymar foi aquele que mais envolveu o p\u00fablico nas redes, com 225 mil men\u00e7\u00f5es durante o per\u00edodo. Conforme a pesquisa, as publica\u00e7\u00f5es de maior engajamento foram v\u00eddeos com crian\u00e7as reagindo emocionadas e festivas ao momento no qual o treinador mencionou o nome do atacante do Santos na convoca\u00e7\u00e3o.<\/p>\n<p><a href=\"https:\/\/www.whatsapp.com\/channel\/0029VaoRTgrInlqYLSk59B2M\" target=\"_blank\">>> Siga o canal da <strong>Ag\u00eancia Brasil <\/strong>no WhatsApp<\/a><\/p>\n<p>Para compara\u00e7\u00e3o, o volume de men\u00e7\u00f5es a Neymar foi quase 11 vezes maior que as 20.519 refer\u00eancias a Vin\u00edcius J\u00fanior, do Real Madrid (Espanha). O tamb\u00e9m atacante Endrick, do Lyon (Fran\u00e7a), foi outro nome bastante comentado, de acordo com o estudo, com 22% do p\u00fablico aprovando a convoca\u00e7\u00e3o do jovem estreante em Copas do Mundo.<\/p>\n<p>\u201cA pesquisa mostra como a sele\u00e7\u00e3o brasileira continua mobilizando o pa\u00eds de forma \u00fanica, despertando sentimentos positivos e negativos. A convoca\u00e7\u00e3o deste ano, inclusive, tornou-se uma das mais mencionadas da hist\u00f3ria nas redes sociais, ultrapassando a bolha do futebol e ganhando relev\u00e2ncia em diferentes esferas da sociedade\u201d, analisou Ot\u00e1vio Ereno, diretor executivo da Human Data, por meio da assessoria de imprensa da empresa.<\/p>\n<p>\u201cPara as marcas, existe uma oportunidade enorme de participar dessas conversas em tempo real, independentemente de serem ou n\u00e3o patrocinadoras oficiais da Copa do Mundo ou do time brasileiro\u201d, completou.<\/p>\n","protected":false},"excerpt":{"rendered":"<p>A lista de Carlo Ancelotti para a Copa do Mundo nos Estados Unidos, no M\u00e9xico e no Canad\u00e1 foi aprovada por tr\u00eas em cada quatro brasileiros conectados \u00e0 internet. \u00c9 o que indica uma pesquisa da Human Data, empresa que atua com dados, intelig\u00eancia artificial e cultura digital, divulgada nesta ter\u00e7a-feira (19). Segundo o estudo, [&hellip;]<\/p>\n","protected":false},"author":96,"featured_media":16442,"comment_status":"open","ping_status":"open","sticky":false,"template":"","format":"standard","meta":{"site-sidebar-layout":"default","site-content-layout":"","ast-site-content-layout":"","site-content-style":"default","site-sidebar-style":"default","ast-global-header-display":"","ast-banner-title-visibility":"","ast-main-header-display":"","ast-hfb-above-header-display":"","ast-hfb-below-header-display":"","ast-hfb-mobile-header-display":"","site-post-title":"","ast-breadcrumbs-content":"","ast-featured-img":"","footer-sml-layout":"","theme-transparent-header-meta":"","adv-header-id-meta":"","stick-header-meta":"","header-above-stick-meta":"","header-main-stick-meta":"","header-below-stick-meta":"","astra-migrate-meta-layouts":"default","ast-page-background-enabled":"default","ast-page-background-meta":{"desktop":{"background-color":"var(--ast-global-color-4)","background-image":"","background-repeat":"repeat","background-position":"center center","background-size":"auto","background-attachment":"scroll","background-type":"","background-media":"","overlay-type":"","overlay-color":"","overlay-opacity":"","overlay-gradient":""},"tablet":{"background-color":"","background-image":"","background-repeat":"repeat","background-position":"center center","background-size":"auto","background-attachment":"scroll","background-type":"","background-media":"","overlay-type":"","overlay-color":"","overlay-opacity":"","overlay-gradient":""},"mobile":{"background-color":"","background-image":"","background-repeat":"repeat","background-position":"center center","background-size":"auto","background-attachment":"scroll","background-type":"","background-media":"","overlay-type":"","overlay-color":"","overlay-opacity":"","overlay-gradient":""}},"ast-content-background-meta":{"desktop":{"background-color":"var(--ast-global-color-5)","background-image":"","background-repeat":"repeat","background-position":"center center","background-size":"auto","background-attachment":"scroll","background-type":"","background-media":"","overlay-type":"","overlay-color":"","overlay-opacity":"","overlay-gradient":""},"tablet":{"background-color":"var(--ast-global-color-5)","background-image":"","background-repeat":"repeat","background-position":"center center","background-size":"auto","background-attachment":"scroll","background-type":"","background-media":"","overlay-type":"","overlay-color":"","overlay-opacity":"","overlay-gradient":""},"mobile":{"background-color":"var(--ast-global-color-5)","background-image":"","background-repeat":"repeat","background-position":"center center","background-size":"auto","background-attachment":"scroll","background-type":"","background-media":"","overlay-type":"","overlay-color":"","overlay-opacity":"","overlay-gradient":""}},"footnotes":""},"categories":[1],"tags":[],"class_list":["post-16441","post","type-post","status-publish","format-standard","has-post-thumbnail","hentry","category-sem-categoria"],"_links":{"self":[{"href":"https:\/\/jornalregionalms.com.br\/index.php?rest_route=\/wp\/v2\/posts\/16441","targetHints":{"allow":["GET"]}}],"collection":[{"href":"https:\/\/jornalregionalms.com.br\/index.php?rest_route=\/wp\/v2\/posts"}],"about":[{"href":"https:\/\/jornalregionalms.com.br\/index.php?rest_route=\/wp\/v2\/types\/post"}],"author":[{"embeddable":true,"href":"https:\/\/jornalregionalms.com.br\/index.php?rest_route=\/wp\/v2\/users\/96"}],"replies":[{"embeddable":true,"href":"https:\/\/jornalregionalms.com.br\/index.php?rest_route=%2Fwp%2Fv2%2Fcomments&post=16441"}],"version-history":[{"count":0,"href":"https:\/\/jornalregionalms.com.br\/index.php?rest_route=\/wp\/v2\/posts\/16441\/revisions"}],"wp:featuredmedia":[{"embeddable":true,"href":"https:\/\/jornalregionalms.com.br\/index.php?rest_route=\/wp\/v2\/media\/16442"}],"wp:attachment":[{"href":"https:\/\/jornalregionalms.com.br\/index.php?rest_route=%2Fwp%2Fv2%2Fmedia&parent=16441"}],"wp:term":[{"taxonomy":"category","embeddable":true,"href":"https:\/\/jornalregionalms.com.br\/index.php?rest_route=%2Fwp%2Fv2%2Fcategories&post=16441"},{"taxonomy":"post_tag","embeddable":true,"href":"https:\/\/jornalregionalms.com.br\/index.php?rest_route=%2Fwp%2Fv2%2Ftags&post=16441"}],"curies":[{"name":"wp","href":"https:\/\/api.w.org\/{rel}","templated":true}]}}