{"id":16417,"date":"2026-05-20T00:27:28","date_gmt":"2026-05-20T04:27:28","guid":{"rendered":"https:\/\/jornalregionalms.com.br\/?p=16417"},"modified":"2026-05-20T00:27:28","modified_gmt":"2026-05-20T04:27:28","slug":"operacao-retira-celulares-e-itens-ilegais-em-presidios-de-15-estados","status":"publish","type":"post","link":"https:\/\/jornalregionalms.com.br\/?p=16417","title":{"rendered":"Opera\u00e7\u00e3o retira celulares e itens ilegais em pres\u00eddios de 15 estados"},"content":{"rendered":"<p>A 11\u00aa fase da Opera\u00e7\u00e3o Mute acontece em 15 estados ao longo desta semana, com o apoio das pol\u00edcias penais dos Estados e do Distrito Federal.<img decoding=\"async\" src=\"https:\/\/agenciabrasil.ebc.com.br\/ebc.png?id=1689994&#038;o=rss\"><img decoding=\"async\" src=\"https:\/\/agenciabrasil.ebc.com.br\/ebc.gif?id=1689994&#038;o=rss\"><\/p>\n<p>A iniciativa do Minist\u00e9rio da Justi\u00e7a e Seguran\u00e7a P\u00fablica tem o objetivo de retirar aparelhos celulares e outros itens ilegais do interior das unidades prisionais.<\/p>\n<p>Nas a\u00e7\u00f5es s\u00e3o usados bloqueadores de sinal, scanners corporais, aparelhos de raio-X, drones e georradar para identificar poss\u00edveis rotas de fuga.<\/p>\n<p>Segundo o Governo Federal, interromper as comunica\u00e7\u00f5es il\u00edcitas contribui para a redu\u00e7\u00e3o de crimes nas ruas.<\/p>\n<p>Desde o in\u00edcio da opera\u00e7\u00e3o, em 2023, foram retirados quase 8 mil aparelhos celulares de dentro das unidades prisionais em todo o pa\u00eds.<\/p>\n<p>A Opera\u00e7\u00e3o Mute integra o programa Brasil contra o Crime Organizado, lan\u00e7ado pelo Governo Federal na \u00faltima semana, com mais de R$ 11 bilh\u00f5es em investimento.<\/p>\n<p>  <span class=\"hms hms-format-m-ss\">1:05<\/span><\/p>\n","protected":false},"excerpt":{"rendered":"<p>A 11\u00aa fase da Opera\u00e7\u00e3o Mute acontece em 15 estados ao longo desta semana, com o apoio das pol\u00edcias penais dos Estados e do Distrito Federal. A iniciativa do Minist\u00e9rio da Justi\u00e7a e Seguran\u00e7a P\u00fablica tem o objetivo de retirar aparelhos celulares e outros itens ilegais do interior das unidades prisionais. Nas a\u00e7\u00f5es s\u00e3o usados [&hellip;]<\/p>\n","protected":false},"author":1,"featured_media":16418,"comment_status":"open","ping_status":"open","sticky":false,"template":"","format":"standard","meta":{"site-sidebar-layout":"default","site-content-layout":"","ast-site-content-layout":"","site-content-style":"default","site-sidebar-style":"default","ast-global-header-display":"","ast-banner-title-visibility":"","ast-main-header-display":"","ast-hfb-above-header-display":"","ast-hfb-below-header-display":"","ast-hfb-mobile-header-display":"","site-post-title":"","ast-breadcrumbs-content":"","ast-featured-img":"","footer-sml-layout":"","theme-transparent-header-meta":"","adv-header-id-meta":"","stick-header-meta":"","header-above-stick-meta":"","header-main-stick-meta":"","header-below-stick-meta":"","astra-migrate-meta-layouts":"default","ast-page-background-enabled":"default","ast-page-background-meta":{"desktop":{"background-color":"var(--ast-global-color-4)","background-image":"","background-repeat":"repeat","background-position":"center center","background-size":"auto","background-attachment":"scroll","background-type":"","background-media":"","overlay-type":"","overlay-color":"","overlay-opacity":"","overlay-gradient":""},"tablet":{"background-color":"","background-image":"","background-repeat":"repeat","background-position":"center center","background-size":"auto","background-attachment":"scroll","background-type":"","background-media":"","overlay-type":"","overlay-color":"","overlay-opacity":"","overlay-gradient":""},"mobile":{"background-color":"","background-image":"","background-repeat":"repeat","background-position":"center center","background-size":"auto","background-attachment":"scroll","background-type":"","background-media":"","overlay-type":"","overlay-color":"","overlay-opacity":"","overlay-gradient":""}},"ast-content-background-meta":{"desktop":{"background-color":"var(--ast-global-color-5)","background-image":"","background-repeat":"repeat","background-position":"center center","background-size":"auto","background-attachment":"scroll","background-type":"","background-media":"","overlay-type":"","overlay-color":"","overlay-opacity":"","overlay-gradient":""},"tablet":{"background-color":"var(--ast-global-color-5)","background-image":"","background-repeat":"repeat","background-position":"center center","background-size":"auto","background-attachment":"scroll","background-type":"","background-media":"","overlay-type":"","overlay-color":"","overlay-opacity":"","overlay-gradient":""},"mobile":{"background-color":"var(--ast-global-color-5)","background-image":"","background-repeat":"repeat","background-position":"center center","background-size":"auto","background-attachment":"scroll","background-type":"","background-media":"","overlay-type":"","overlay-color":"","overlay-opacity":"","overlay-gradient":""}},"footnotes":""},"categories":[1],"tags":[],"class_list":["post-16417","post","type-post","status-publish","format-standard","has-post-thumbnail","hentry","category-sem-categoria"],"_links":{"self":[{"href":"https:\/\/jornalregionalms.com.br\/index.php?rest_route=\/wp\/v2\/posts\/16417","targetHints":{"allow":["GET"]}}],"collection":[{"href":"https:\/\/jornalregionalms.com.br\/index.php?rest_route=\/wp\/v2\/posts"}],"about":[{"href":"https:\/\/jornalregionalms.com.br\/index.php?rest_route=\/wp\/v2\/types\/post"}],"author":[{"embeddable":true,"href":"https:\/\/jornalregionalms.com.br\/index.php?rest_route=\/wp\/v2\/users\/1"}],"replies":[{"embeddable":true,"href":"https:\/\/jornalregionalms.com.br\/index.php?rest_route=%2Fwp%2Fv2%2Fcomments&post=16417"}],"version-history":[{"count":0,"href":"https:\/\/jornalregionalms.com.br\/index.php?rest_route=\/wp\/v2\/posts\/16417\/revisions"}],"wp:featuredmedia":[{"embeddable":true,"href":"https:\/\/jornalregionalms.com.br\/index.php?rest_route=\/wp\/v2\/media\/16418"}],"wp:attachment":[{"href":"https:\/\/jornalregionalms.com.br\/index.php?rest_route=%2Fwp%2Fv2%2Fmedia&parent=16417"}],"wp:term":[{"taxonomy":"category","embeddable":true,"href":"https:\/\/jornalregionalms.com.br\/index.php?rest_route=%2Fwp%2Fv2%2Fcategories&post=16417"},{"taxonomy":"post_tag","embeddable":true,"href":"https:\/\/jornalregionalms.com.br\/index.php?rest_route=%2Fwp%2Fv2%2Ftags&post=16417"}],"curies":[{"name":"wp","href":"https:\/\/api.w.org\/{rel}","templated":true}]}}