{"id":16395,"date":"2026-05-19T12:27:28","date_gmt":"2026-05-19T16:27:28","guid":{"rendered":"https:\/\/jornalregionalms.com.br\/?p=16395"},"modified":"2026-05-19T12:27:28","modified_gmt":"2026-05-19T16:27:28","slug":"brasil-tem-nova-opcao-de-tratamento-para-cancer-de-mama-mais-agressivo","status":"publish","type":"post","link":"https:\/\/jornalregionalms.com.br\/?p=16395","title":{"rendered":"Brasil tem nova op\u00e7\u00e3o de tratamento para c\u00e2ncer de mama mais agressivo"},"content":{"rendered":"<\/p>\n<p><a class=\"\" href=\"https:\/\/agenciabrasil.ebc.com.br\/saude\/noticia\/2026-05\/brasil-tem-nova-opcao-de-tratamento-para-cancer-de-mama-mais-agressivo\"><br \/>\n                    <img decoding=\"async\" src=\"https:\/\/cdn.jsdelivr.net\/gh\/sergiosdlima\/assets-ebc@1.0.0\/abr\/assets\/images\/logo-agenciabrasil.svg\" alt=\"Logo Ag\u00eancia Brasil\"><br \/>\n\t\t\t\t<\/a><\/p>\n<p><strong>Ag\u00eancia Nacional de Vigil\u00e2ncia Sanit\u00e1ria (Anvisa) aprovou, nesta segunda-feira (18) uma nova indica\u00e7\u00e3o terap\u00eautica para o medicamento\u00a0Enhertu\u00a0(trastuzumabe\u00a0deruxtecana).\u00a0 <\/strong><img decoding=\"async\" src=\"https:\/\/agenciabrasil.ebc.com.br\/ebc.png?id=1689799&#038;o=rss\"><img decoding=\"async\" src=\"https:\/\/agenciabrasil.ebc.com.br\/ebc.gif?id=1689799&#038;o=rss\"><\/p>\n<p>J\u00e1 registrado no Brasil para o tratamento de\u00a0c\u00e2ncer de mama, <strong>o medicamento passa a ser usado\u00a0em combina\u00e7\u00e3o com o\u00a0pertuzumabe\u00a0para o tratamento de primeira linha de pacientes\u00a0com c\u00e2ncer de mama HER2\u2011positivo (IHC 3+ ou ISH+). a indica\u00e7\u00e3o \u00e9 feita em duas situa\u00e7\u00f5es desse tipo de c\u00e2ncer:<\/strong><\/p>\n<ul>\n<li>Irressec\u00e1vel &#8211; do tipo que n\u00e3o pode ser removido completamente por cirurgia<\/li>\n<li>metast\u00e1tico &#8211;\u00a0quando a doen\u00e7a se\u00a0espalhou do local original para outras partes do corpo<\/li>\n<\/ul>\n<h3>Not\u00edcias relacionadas:<\/h3>\n<ul>\n<li><a href=\"https:\/\/agenciabrasil.ebc.com.br\/saude\/noticia\/2026-05\/saude-abre-consulta-publica-sobre-inclusao-de-remedio-contra-cancer\">Sa\u00fade abre consulta p\u00fablica sobre inclus\u00e3o de rem\u00e9dio contra c\u00e2ncer.<\/a><\/li>\n<li><a href=\"https:\/\/agenciabrasil.ebc.com.br\/saude\/noticia\/2026-05\/direitos-tributarios-para-pcds-e-doencas-graves-sao-pouco-conhecidos\">Direitos tribut\u00e1rios para PcDs e doen\u00e7as graves s\u00e3o pouco conhecidos.<\/a><\/li>\n<li><a href=\"https:\/\/agenciabrasil.ebc.com.br\/saude\/noticia\/2026-05\/julho-neon-vai-conscientizar-populacao-sobre-saude-bucal\">Julho Neon vai conscientizar popula\u00e7\u00e3o sobre sa\u00fade bucal.<\/a><\/li>\n<\/ul>\n<p>O\u00a0HER2\u2011positivo representa aproximadamente 20% dos casos de c\u00e2ncer de mama\u00a0e est\u00e1 associado a\u00a0um\u00a0comportamento cl\u00ednico mais agressivo,\u00a0com\u00a0maior risco de progress\u00e3o da doen\u00e7a e pior evolu\u00e7\u00e3o da doen\u00e7a, sobretudo nos est\u00e1gios avan\u00e7ados ou metast\u00e1ticos.<\/p>\n<p>Apesar dos avan\u00e7os terap\u00eauticos, essa condi\u00e7\u00e3o permanece incur\u00e1vel, configurando\u00a0um\u00a0importante problema de sa\u00fade p\u00fablica.\u00a0<\/p>\n<p><strong>De acordo com a Anvisa, a nova indica\u00e7\u00e3o foi fundamenta em estudo que demonstrou melhora clinicamente relevante e estatisticamente significativa na sobrevida livre de progress\u00e3o.\u00a0\u00a0<\/strong><\/p>\n","protected":false},"excerpt":{"rendered":"<p>Ag\u00eancia Nacional de Vigil\u00e2ncia Sanit\u00e1ria (Anvisa) aprovou, nesta segunda-feira (18) uma nova indica\u00e7\u00e3o terap\u00eautica para o medicamento\u00a0Enhertu\u00a0(trastuzumabe\u00a0deruxtecana).\u00a0 J\u00e1 registrado no Brasil para o tratamento de\u00a0c\u00e2ncer de mama, o medicamento passa a ser usado\u00a0em combina\u00e7\u00e3o com o\u00a0pertuzumabe\u00a0para o tratamento de primeira linha de pacientes\u00a0com c\u00e2ncer de mama HER2\u2011positivo (IHC 3+ ou ISH+). a indica\u00e7\u00e3o \u00e9 feita [&hellip;]<\/p>\n","protected":false},"author":15,"featured_media":16396,"comment_status":"open","ping_status":"open","sticky":false,"template":"","format":"standard","meta":{"site-sidebar-layout":"default","site-content-layout":"","ast-site-content-layout":"","site-content-style":"default","site-sidebar-style":"default","ast-global-header-display":"","ast-banner-title-visibility":"","ast-main-header-display":"","ast-hfb-above-header-display":"","ast-hfb-below-header-display":"","ast-hfb-mobile-header-display":"","site-post-title":"","ast-breadcrumbs-content":"","ast-featured-img":"","footer-sml-layout":"","theme-transparent-header-meta":"","adv-header-id-meta":"","stick-header-meta":"","header-above-stick-meta":"","header-main-stick-meta":"","header-below-stick-meta":"","astra-migrate-meta-layouts":"default","ast-page-background-enabled":"default","ast-page-background-meta":{"desktop":{"background-color":"var(--ast-global-color-4)","background-image":"","background-repeat":"repeat","background-position":"center center","background-size":"auto","background-attachment":"scroll","background-type":"","background-media":"","overlay-type":"","overlay-color":"","overlay-opacity":"","overlay-gradient":""},"tablet":{"background-color":"","background-image":"","background-repeat":"repeat","background-position":"center center","background-size":"auto","background-attachment":"scroll","background-type":"","background-media":"","overlay-type":"","overlay-color":"","overlay-opacity":"","overlay-gradient":""},"mobile":{"background-color":"","background-image":"","background-repeat":"repeat","background-position":"center center","background-size":"auto","background-attachment":"scroll","background-type":"","background-media":"","overlay-type":"","overlay-color":"","overlay-opacity":"","overlay-gradient":""}},"ast-content-background-meta":{"desktop":{"background-color":"var(--ast-global-color-5)","background-image":"","background-repeat":"repeat","background-position":"center center","background-size":"auto","background-attachment":"scroll","background-type":"","background-media":"","overlay-type":"","overlay-color":"","overlay-opacity":"","overlay-gradient":""},"tablet":{"background-color":"var(--ast-global-color-5)","background-image":"","background-repeat":"repeat","background-position":"center center","background-size":"auto","background-attachment":"scroll","background-type":"","background-media":"","overlay-type":"","overlay-color":"","overlay-opacity":"","overlay-gradient":""},"mobile":{"background-color":"var(--ast-global-color-5)","background-image":"","background-repeat":"repeat","background-position":"center center","background-size":"auto","background-attachment":"scroll","background-type":"","background-media":"","overlay-type":"","overlay-color":"","overlay-opacity":"","overlay-gradient":""}},"footnotes":""},"categories":[1],"tags":[],"class_list":["post-16395","post","type-post","status-publish","format-standard","has-post-thumbnail","hentry","category-sem-categoria"],"_links":{"self":[{"href":"https:\/\/jornalregionalms.com.br\/index.php?rest_route=\/wp\/v2\/posts\/16395","targetHints":{"allow":["GET"]}}],"collection":[{"href":"https:\/\/jornalregionalms.com.br\/index.php?rest_route=\/wp\/v2\/posts"}],"about":[{"href":"https:\/\/jornalregionalms.com.br\/index.php?rest_route=\/wp\/v2\/types\/post"}],"author":[{"embeddable":true,"href":"https:\/\/jornalregionalms.com.br\/index.php?rest_route=\/wp\/v2\/users\/15"}],"replies":[{"embeddable":true,"href":"https:\/\/jornalregionalms.com.br\/index.php?rest_route=%2Fwp%2Fv2%2Fcomments&post=16395"}],"version-history":[{"count":0,"href":"https:\/\/jornalregionalms.com.br\/index.php?rest_route=\/wp\/v2\/posts\/16395\/revisions"}],"wp:featuredmedia":[{"embeddable":true,"href":"https:\/\/jornalregionalms.com.br\/index.php?rest_route=\/wp\/v2\/media\/16396"}],"wp:attachment":[{"href":"https:\/\/jornalregionalms.com.br\/index.php?rest_route=%2Fwp%2Fv2%2Fmedia&parent=16395"}],"wp:term":[{"taxonomy":"category","embeddable":true,"href":"https:\/\/jornalregionalms.com.br\/index.php?rest_route=%2Fwp%2Fv2%2Fcategories&post=16395"},{"taxonomy":"post_tag","embeddable":true,"href":"https:\/\/jornalregionalms.com.br\/index.php?rest_route=%2Fwp%2Fv2%2Ftags&post=16395"}],"curies":[{"name":"wp","href":"https:\/\/api.w.org\/{rel}","templated":true}]}}