{"id":16393,"date":"2026-05-19T12:27:29","date_gmt":"2026-05-19T16:27:29","guid":{"rendered":"https:\/\/jornalregionalms.com.br\/?p=16393"},"modified":"2026-05-19T12:27:29","modified_gmt":"2026-05-19T16:27:29","slug":"cursos-de-enfermagem-tem-novas-diretrizes-curriculares","status":"publish","type":"post","link":"https:\/\/jornalregionalms.com.br\/?p=16393","title":{"rendered":"Cursos de enfermagem t\u00eam novas diretrizes curriculares\u00a0"},"content":{"rendered":"<\/p>\n<p><a class=\"\" href=\"https:\/\/agenciabrasil.ebc.com.br\/saude\/noticia\/2026-05\/cursos-de-enfermagem-tem-novas-diretrizes-curriculares\"><br \/>\n                    <img decoding=\"async\" src=\"https:\/\/cdn.jsdelivr.net\/gh\/sergiosdlima\/assets-ebc@1.0.0\/abr\/assets\/images\/logo-agenciabrasil.svg\" alt=\"Logo Ag\u00eancia Brasil\"><br \/>\n\t\t\t\t<\/a><\/p>\n<p><strong>Os cursos de gradua\u00e7\u00e3o em enfermagem de todo o pa\u00eds dever\u00e3o ter formato presencial,\u00a0dura\u00e7\u00e3o de cinco anos e carga hor\u00e1ria m\u00ednima de 4 mil horas. Al\u00e9m disso, o\u00a0est\u00e1gio supervisionado obrigat\u00f3rio dever\u00e1 corresponder a 30% da carga hor\u00e1ria total, no m\u00ednimo.<\/strong><img decoding=\"async\" src=\"https:\/\/agenciabrasil.ebc.com.br\/ebc.png?id=1689910&#038;o=rss\"><img decoding=\"async\" src=\"https:\/\/agenciabrasil.ebc.com.br\/ebc.gif?id=1689910&#038;o=rss\"><\/p>\n<p>As<a href=\"https:\/\/www.in.gov.br\/web\/dou\/-\/resolucao-cne\/ces-n-1-de-15-de-maio-de-2026-706331152\" target=\"_blank\"> mudan\u00e7as<\/a> est\u00e3o previstas em resolu\u00e7\u00e3o do <a href=\"https:\/\/www.gov.br\/mec\/pt-br\" target=\"_blank\">Minist\u00e9rio da Educa\u00e7\u00e3o <\/a>publicada\u00a0no <em><a href=\"https:\/\/www.in.gov.br\/servicos\/diario-oficial-da-uniao\/destaques-do-diario-oficial-da-uniao\" target=\"_blank\">Di\u00e1rio Oficial da Uni\u00e3o<\/a><\/em> desta ter\u00e7a-feira (19) e servem para as modalidades bacharelado e licenciatura.<\/p>\n<\/p>\n<h3>Not\u00edcias relacionadas:<\/h3>\n<ul>\n<li><a href=\"https:\/\/agenciabrasil.ebc.com.br\/saude\/noticia\/2026-03\/ministerio-abre-310-vagas-de-especializacao-em-enfermagem-neonatal\">Minist\u00e9rio abre 310 vagas de especializa\u00e7\u00e3o em enfermagem neonatal.<\/a><\/li>\n<li><a href=\"https:\/\/agenciabrasil.ebc.com.br\/saude\/noticia\/2026-01\/governo-reforca-sus-com-760-profissionais-em-enfermagem-obstetricia\">Governo refor\u00e7a SUS com 760 profissionais em enfermagem obstetr\u00edcia.<\/a><\/li>\n<li><a href=\"https:\/\/agenciabrasil.ebc.com.br\/saude\/noticia\/2024-05\/saude-vai-antecipar-repasse-para-piso-da-enfermagem-cidades-gauchas\">Sa\u00fade vai antecipar repasse para piso da enfermagem a cidades ga\u00fachas.<\/a><\/li>\n<\/ul>\n<p><strong>As institui\u00e7\u00f5es de ensino t\u00eam at\u00e9 30 de junho de 2028 para se adaptar \u00e0s novas regras.<\/strong><\/p>\n<p>A medida define princ\u00edpios, estrutura curricular e crit\u00e9rios para a forma\u00e7\u00e3o de profissionais da \u00e1rea em todo o pa\u00eds, alinhados\u00a0aos princ\u00edpios do <a href=\"https:\/\/www.gov.br\/saude\/pt-br\/sus\" target=\"_blank\">Sistema \u00danico de Sa\u00fade (SUS)<\/a>, com \u00eanfase na promo\u00e7\u00e3o da sa\u00fade, na redu\u00e7\u00e3o de desigualdades e no respeito \u00e0 diversidade.<\/p>\n<p>Entre os pontos principais, o texto destaca a integra\u00e7\u00e3o entre ensino, pesquisa e extens\u00e3o, al\u00e9m da articula\u00e7\u00e3o entre teoria e pr\u00e1tica desde o in\u00edcio da gradua\u00e7\u00e3o.<\/p>\n<p><strong>As novas diretrizes tamb\u00e9m detalham as compet\u00eancias esperadas dos profissionais, ap\u00f3s a forma\u00e7\u00e3o:<\/strong><\/p>\n<ul>\n<li>atua\u00e7\u00e3o no cuidado individual e coletivo,\u00a0<\/li>\n<li>gest\u00e3o de servi\u00e7os de sa\u00fade,\u00a0<\/li>\n<li>desenvolvimento de a\u00e7\u00f5es educativas e\u00a0<\/li>\n<li>participa\u00e7\u00e3o na formula\u00e7\u00e3o de pol\u00edticas p\u00fablicas.\u00a0<\/li>\n<\/ul>\n<p><strong>O curr\u00edculo deve contemplar \u00e1reas como cuidado em sa\u00fade, gest\u00e3o, pesquisa, desenvolvimento profissional e educa\u00e7\u00e3o em sa\u00fade.<\/strong><\/p>\n<p>Para a forma\u00e7\u00e3o em licenciatura, a norma prev\u00ea a atua\u00e7\u00e3o priorit\u00e1ria na educa\u00e7\u00e3o profissional t\u00e9cnica de n\u00edvel m\u00e9dio, com foco na forma\u00e7\u00e3o de docentes para cursos t\u00e9cnicos em enfermagem.\u00a0<\/p>\n<p>O projeto pedag\u00f3gico dever\u00e1 seguir diretrizes espec\u00edficas da forma\u00e7\u00e3o docente e valorizar princ\u00edpios como inclus\u00e3o, democracia e compromisso com o SUS.<\/p>\n<p>De acordo com a resolu\u00e7\u00e3o, as mudan\u00e7as buscam atualizar a forma\u00e7\u00e3o em enfermagem diante das demandas contempor\u00e2neas da sa\u00fade e fortalecer a qualifica\u00e7\u00e3o dos profissionais que atuam no sistema p\u00fablico e privado.<\/p>\n","protected":false},"excerpt":{"rendered":"<p>Os cursos de gradua\u00e7\u00e3o em enfermagem de todo o pa\u00eds dever\u00e3o ter formato presencial,\u00a0dura\u00e7\u00e3o de cinco anos e carga hor\u00e1ria m\u00ednima de 4 mil horas. Al\u00e9m disso, o\u00a0est\u00e1gio supervisionado obrigat\u00f3rio dever\u00e1 corresponder a 30% da carga hor\u00e1ria total, no m\u00ednimo. As mudan\u00e7as est\u00e3o previstas em resolu\u00e7\u00e3o do Minist\u00e9rio da Educa\u00e7\u00e3o publicada\u00a0no Di\u00e1rio Oficial da Uni\u00e3o [&hellip;]<\/p>\n","protected":false},"author":15,"featured_media":16394,"comment_status":"open","ping_status":"open","sticky":false,"template":"","format":"standard","meta":{"site-sidebar-layout":"default","site-content-layout":"","ast-site-content-layout":"","site-content-style":"default","site-sidebar-style":"default","ast-global-header-display":"","ast-banner-title-visibility":"","ast-main-header-display":"","ast-hfb-above-header-display":"","ast-hfb-below-header-display":"","ast-hfb-mobile-header-display":"","site-post-title":"","ast-breadcrumbs-content":"","ast-featured-img":"","footer-sml-layout":"","theme-transparent-header-meta":"","adv-header-id-meta":"","stick-header-meta":"","header-above-stick-meta":"","header-main-stick-meta":"","header-below-stick-meta":"","astra-migrate-meta-layouts":"default","ast-page-background-enabled":"default","ast-page-background-meta":{"desktop":{"background-color":"var(--ast-global-color-4)","background-image":"","background-repeat":"repeat","background-position":"center center","background-size":"auto","background-attachment":"scroll","background-type":"","background-media":"","overlay-type":"","overlay-color":"","overlay-opacity":"","overlay-gradient":""},"tablet":{"background-color":"","background-image":"","background-repeat":"repeat","background-position":"center center","background-size":"auto","background-attachment":"scroll","background-type":"","background-media":"","overlay-type":"","overlay-color":"","overlay-opacity":"","overlay-gradient":""},"mobile":{"background-color":"","background-image":"","background-repeat":"repeat","background-position":"center center","background-size":"auto","background-attachment":"scroll","background-type":"","background-media":"","overlay-type":"","overlay-color":"","overlay-opacity":"","overlay-gradient":""}},"ast-content-background-meta":{"desktop":{"background-color":"var(--ast-global-color-5)","background-image":"","background-repeat":"repeat","background-position":"center center","background-size":"auto","background-attachment":"scroll","background-type":"","background-media":"","overlay-type":"","overlay-color":"","overlay-opacity":"","overlay-gradient":""},"tablet":{"background-color":"var(--ast-global-color-5)","background-image":"","background-repeat":"repeat","background-position":"center center","background-size":"auto","background-attachment":"scroll","background-type":"","background-media":"","overlay-type":"","overlay-color":"","overlay-opacity":"","overlay-gradient":""},"mobile":{"background-color":"var(--ast-global-color-5)","background-image":"","background-repeat":"repeat","background-position":"center center","background-size":"auto","background-attachment":"scroll","background-type":"","background-media":"","overlay-type":"","overlay-color":"","overlay-opacity":"","overlay-gradient":""}},"footnotes":""},"categories":[1],"tags":[],"class_list":["post-16393","post","type-post","status-publish","format-standard","has-post-thumbnail","hentry","category-sem-categoria"],"_links":{"self":[{"href":"https:\/\/jornalregionalms.com.br\/index.php?rest_route=\/wp\/v2\/posts\/16393","targetHints":{"allow":["GET"]}}],"collection":[{"href":"https:\/\/jornalregionalms.com.br\/index.php?rest_route=\/wp\/v2\/posts"}],"about":[{"href":"https:\/\/jornalregionalms.com.br\/index.php?rest_route=\/wp\/v2\/types\/post"}],"author":[{"embeddable":true,"href":"https:\/\/jornalregionalms.com.br\/index.php?rest_route=\/wp\/v2\/users\/15"}],"replies":[{"embeddable":true,"href":"https:\/\/jornalregionalms.com.br\/index.php?rest_route=%2Fwp%2Fv2%2Fcomments&post=16393"}],"version-history":[{"count":0,"href":"https:\/\/jornalregionalms.com.br\/index.php?rest_route=\/wp\/v2\/posts\/16393\/revisions"}],"wp:featuredmedia":[{"embeddable":true,"href":"https:\/\/jornalregionalms.com.br\/index.php?rest_route=\/wp\/v2\/media\/16394"}],"wp:attachment":[{"href":"https:\/\/jornalregionalms.com.br\/index.php?rest_route=%2Fwp%2Fv2%2Fmedia&parent=16393"}],"wp:term":[{"taxonomy":"category","embeddable":true,"href":"https:\/\/jornalregionalms.com.br\/index.php?rest_route=%2Fwp%2Fv2%2Fcategories&post=16393"},{"taxonomy":"post_tag","embeddable":true,"href":"https:\/\/jornalregionalms.com.br\/index.php?rest_route=%2Fwp%2Fv2%2Ftags&post=16393"}],"curies":[{"name":"wp","href":"https:\/\/api.w.org\/{rel}","templated":true}]}}