{"id":16387,"date":"2026-05-19T12:27:22","date_gmt":"2026-05-19T16:27:22","guid":{"rendered":"https:\/\/jornalregionalms.com.br\/?p=16387"},"modified":"2026-05-19T12:27:22","modified_gmt":"2026-05-19T16:27:22","slug":"pf-mira-perito-suspeito-de-vazar-dados-de-investigacao-sobre-o-master","status":"publish","type":"post","link":"https:\/\/jornalregionalms.com.br\/?p=16387","title":{"rendered":"PF mira perito suspeito de vazar dados de investiga\u00e7\u00e3o sobre o Master"},"content":{"rendered":"<\/p>\n<p><a class=\"\" href=\"https:\/\/agenciabrasil.ebc.com.br\/justica\/noticia\/2026-05\/pf-mira-perito-suspeito-de-vazar-dados-de-investigacao-sobre-o-master\"><br \/>\n                    <img decoding=\"async\" src=\"https:\/\/cdn.jsdelivr.net\/gh\/sergiosdlima\/assets-ebc@1.0.0\/abr\/assets\/images\/logo-agenciabrasil.svg\" alt=\"Logo Ag\u00eancia Brasil\"><br \/>\n\t\t\t\t<\/a><\/p>\n<p><strong>A Pol\u00edcia Federal (PF) realiza uma opera\u00e7\u00e3o nesta ter\u00e7a-feira (19) que tem como alvo um perito da pr\u00f3pria institui\u00e7\u00e3o, suspeito de vazar informa\u00e7\u00f5es da Opera\u00e7\u00e3o Compliance Zero. A investiga\u00e7\u00e3o apura fraudes financeiras e outros crimes relacionados ao Banco Master.\u00a0<\/strong><img decoding=\"async\" src=\"https:\/\/agenciabrasil.ebc.com.br\/ebc.png?id=1689898&#038;o=rss\"><img decoding=\"async\" src=\"https:\/\/agenciabrasil.ebc.com.br\/ebc.gif?id=1689898&#038;o=rss\"><\/p>\n<p>Foram cumpridos dois mandados de busca e apreens\u00e3o, autorizados pelo ministro Andr\u00e9 Mendon\u00e7a, relator do caso no Supremo Tribunal Federal (STF). O agente da PF envolvido foi afastado das fun\u00e7\u00f5es, al\u00e9m de estar sujeito a medidas alternativas \u00e0 pris\u00e3o, como a proibi\u00e7\u00e3o de se comunicar com outros investigados ou de se ausentar da comarca em que reside.\u00a0<\/p>\n<\/p>\n<h3>Not\u00edcias relacionadas:<\/h3>\n<ul>\n<li><a href=\"https:\/\/agenciabrasil.ebc.com.br\/justica\/noticia\/2026-05\/vorcaro-e-transferido-para-carceragem-da-superintendencia-da-pf\">Vorcaro \u00e9 transferido para carceragem da superintend\u00eancia da PF .<\/a><\/li>\n<li><a href=\"https:\/\/agenciabrasil.ebc.com.br\/justica\/noticia\/2026-05\/master-operacao-da-pf-contra-fraude-bilionaria-completa-seis-meses\">Master: opera\u00e7\u00e3o da PF contra fraude bilion\u00e1ria completa seis meses.<\/a><\/li>\n<li><a href=\"https:\/\/agenciabrasil.ebc.com.br\/politica\/noticia\/2026-05\/flavio-bolsonaro-admite-cobranca-vorcaro-mas-nega-crime\">Fl\u00e1vio Bolsonaro admite cobran\u00e7a a Vorcaro, mas nega crime.<\/a><\/li>\n<\/ul>\n<p>A decis\u00e3o que autorizou a opera\u00e7\u00e3o desta ter\u00e7a foi mantida sob sigilo por Mendon\u00e7a. Em nota, o Supremo informou que \u201co investigado, na condi\u00e7\u00e3o de perito criminal federal, teria repassado a integrante da imprensa informa\u00e7\u00f5es sigilosas relacionadas a fatos ocorridos no in\u00edcio das investiga\u00e7\u00f5es\u201d.\u00a0<\/p>\n<p>O material repassado ilegalmente continha informa\u00e7\u00f5es obtidas a partir da an\u00e1lise das apreens\u00f5es feitas durante uma das primeiras fases da opera\u00e7\u00e3o. <strong>O perito dever\u00e1 agora responder pela suspeita de viola\u00e7\u00e3o de sigilo funcional, crime previsto no C\u00f3digo Penal com pena m\u00ednima de seis meses e m\u00e1xima de seis anos.\u00a0<\/strong><\/p>\n<p><a href=\"https:\/\/www.whatsapp.com\/channel\/0029VaoRTgrInlqYLSk59B2M\" target=\"_blank\">>> Siga o canal da<strong> Ag\u00eancia Brasil <\/strong>no WhatsApp<\/a><\/p>\n<p><strong>O objetivo principal da opera\u00e7\u00e3o desta ter\u00e7a foi impedir que perito continuasse a vazar dados da PF, bem como colher provas sobre sua participa\u00e7\u00e3o nos vazamentos, informou o Supremo.\u00a0<\/strong><\/p>\n<p>No texto divulgado sobre a investiga\u00e7\u00e3o, a Corte enfatizou que <strong>a investiga\u00e7\u00e3o sobre o vazamento n\u00e3o tem como alvo o trabalho jornal\u00edstico<\/strong>, afirmando que \u201cas medidas n\u00e3o implicam qualquer direcionamento investigativo contra jornalistas ou ve\u00edculos de imprensa\u201d.\u00a0<\/p>\n<p>De acordo com a nota, o Supremo garante \u201ca liberdade de atua\u00e7\u00e3o jornal\u00edstica e a garantia constitucional do sigilo da fonte\u201d. Pelo artigo 5\u00ba da Constitui\u00e7\u00e3o Federal, fica assegurado no Brasil \u201co acesso \u00e0 informa\u00e7\u00e3o e resguardado o sigilo da fonte, quando necess\u00e1rio ao exerc\u00edcio profissional\u201d.\u00a0<\/p>\n<h2>Caso Master<\/h2>\n<p>A <a href=\"https:\/\/agenciabrasil.ebc.com.br\/justica\/noticia\/2026-05\/master-operacao-da-pf-contra-fraude-bilionaria-completa-seis-meses\" target=\"_blank\">Opera\u00e7\u00e3o Compliance Zero<\/a> completou seis meses nesta segunda-feira (18).<strong> At\u00e9 o momento, foram presas 21 pessoas e cumpridos 116 mandados de busca e apreens\u00e3o. Mais de R$ 27 bilh\u00f5es em bens e valores foram bloqueados ou sequestrados pela Justi\u00e7a.\u00a0<\/strong><\/p>\n<p><strong>Al\u00e9m dos crimes contra o Sistema Financeiro Nacional (SFN), a opera\u00e7\u00e3o tem como alvo tamb\u00e9m a intrincada teia de rela\u00e7\u00f5es mantida pelo dono do Banco Master, Daniel Vorcaro, junto a pol\u00edticos; criminosos e servidores p\u00fablicos de alto escal\u00e3o.\u00a0<\/strong><\/p>\n<p>Na lista, figuram diretores do Banco Central (BC), \u00f3rg\u00e3o respons\u00e1vel por fiscalizar o sistema banc\u00e1rio, e agentes da pr\u00f3pria PF.<\/p>\n","protected":false},"excerpt":{"rendered":"<p>A Pol\u00edcia Federal (PF) realiza uma opera\u00e7\u00e3o nesta ter\u00e7a-feira (19) que tem como alvo um perito da pr\u00f3pria institui\u00e7\u00e3o, suspeito de vazar informa\u00e7\u00f5es da Opera\u00e7\u00e3o Compliance Zero. A investiga\u00e7\u00e3o apura fraudes financeiras e outros crimes relacionados ao Banco Master.\u00a0 Foram cumpridos dois mandados de busca e apreens\u00e3o, autorizados pelo ministro Andr\u00e9 Mendon\u00e7a, relator do caso [&hellip;]<\/p>\n","protected":false},"author":76,"featured_media":16388,"comment_status":"open","ping_status":"open","sticky":false,"template":"","format":"standard","meta":{"site-sidebar-layout":"default","site-content-layout":"","ast-site-content-layout":"","site-content-style":"default","site-sidebar-style":"default","ast-global-header-display":"","ast-banner-title-visibility":"","ast-main-header-display":"","ast-hfb-above-header-display":"","ast-hfb-below-header-display":"","ast-hfb-mobile-header-display":"","site-post-title":"","ast-breadcrumbs-content":"","ast-featured-img":"","footer-sml-layout":"","theme-transparent-header-meta":"","adv-header-id-meta":"","stick-header-meta":"","header-above-stick-meta":"","header-main-stick-meta":"","header-below-stick-meta":"","astra-migrate-meta-layouts":"default","ast-page-background-enabled":"default","ast-page-background-meta":{"desktop":{"background-color":"var(--ast-global-color-4)","background-image":"","background-repeat":"repeat","background-position":"center center","background-size":"auto","background-attachment":"scroll","background-type":"","background-media":"","overlay-type":"","overlay-color":"","overlay-opacity":"","overlay-gradient":""},"tablet":{"background-color":"","background-image":"","background-repeat":"repeat","background-position":"center center","background-size":"auto","background-attachment":"scroll","background-type":"","background-media":"","overlay-type":"","overlay-color":"","overlay-opacity":"","overlay-gradient":""},"mobile":{"background-color":"","background-image":"","background-repeat":"repeat","background-position":"center center","background-size":"auto","background-attachment":"scroll","background-type":"","background-media":"","overlay-type":"","overlay-color":"","overlay-opacity":"","overlay-gradient":""}},"ast-content-background-meta":{"desktop":{"background-color":"var(--ast-global-color-5)","background-image":"","background-repeat":"repeat","background-position":"center center","background-size":"auto","background-attachment":"scroll","background-type":"","background-media":"","overlay-type":"","overlay-color":"","overlay-opacity":"","overlay-gradient":""},"tablet":{"background-color":"var(--ast-global-color-5)","background-image":"","background-repeat":"repeat","background-position":"center center","background-size":"auto","background-attachment":"scroll","background-type":"","background-media":"","overlay-type":"","overlay-color":"","overlay-opacity":"","overlay-gradient":""},"mobile":{"background-color":"var(--ast-global-color-5)","background-image":"","background-repeat":"repeat","background-position":"center center","background-size":"auto","background-attachment":"scroll","background-type":"","background-media":"","overlay-type":"","overlay-color":"","overlay-opacity":"","overlay-gradient":""}},"footnotes":""},"categories":[1],"tags":[],"class_list":["post-16387","post","type-post","status-publish","format-standard","has-post-thumbnail","hentry","category-sem-categoria"],"_links":{"self":[{"href":"https:\/\/jornalregionalms.com.br\/index.php?rest_route=\/wp\/v2\/posts\/16387","targetHints":{"allow":["GET"]}}],"collection":[{"href":"https:\/\/jornalregionalms.com.br\/index.php?rest_route=\/wp\/v2\/posts"}],"about":[{"href":"https:\/\/jornalregionalms.com.br\/index.php?rest_route=\/wp\/v2\/types\/post"}],"author":[{"embeddable":true,"href":"https:\/\/jornalregionalms.com.br\/index.php?rest_route=\/wp\/v2\/users\/76"}],"replies":[{"embeddable":true,"href":"https:\/\/jornalregionalms.com.br\/index.php?rest_route=%2Fwp%2Fv2%2Fcomments&post=16387"}],"version-history":[{"count":0,"href":"https:\/\/jornalregionalms.com.br\/index.php?rest_route=\/wp\/v2\/posts\/16387\/revisions"}],"wp:featuredmedia":[{"embeddable":true,"href":"https:\/\/jornalregionalms.com.br\/index.php?rest_route=\/wp\/v2\/media\/16388"}],"wp:attachment":[{"href":"https:\/\/jornalregionalms.com.br\/index.php?rest_route=%2Fwp%2Fv2%2Fmedia&parent=16387"}],"wp:term":[{"taxonomy":"category","embeddable":true,"href":"https:\/\/jornalregionalms.com.br\/index.php?rest_route=%2Fwp%2Fv2%2Fcategories&post=16387"},{"taxonomy":"post_tag","embeddable":true,"href":"https:\/\/jornalregionalms.com.br\/index.php?rest_route=%2Fwp%2Fv2%2Ftags&post=16387"}],"curies":[{"name":"wp","href":"https:\/\/api.w.org\/{rel}","templated":true}]}}