{"id":15159,"date":"2026-04-24T11:27:54","date_gmt":"2026-04-24T15:27:54","guid":{"rendered":"https:\/\/jornalregionalms.com.br\/?p=15159"},"modified":"2026-04-24T11:27:54","modified_gmt":"2026-04-24T15:27:54","slug":"presidente-da-alerj-pede-ao-stf-para-assumir-governo-interino-do-rio","status":"publish","type":"post","link":"https:\/\/jornalregionalms.com.br\/?p=15159","title":{"rendered":"Presidente da Alerj pede ao STF para assumir governo interino do Rio"},"content":{"rendered":"<\/p>\n<p><a class=\"\" href=\"https:\/\/agenciabrasil.ebc.com.br\/justica\/noticia\/2026-04\/presidente-da-alerj-pede-ao-stf-para-assumir-governo-interino-do-rio\"><br \/>\n                    <img decoding=\"async\" src=\"https:\/\/cdn.jsdelivr.net\/gh\/sergiosdlima\/assets-ebc@1.0.0\/abr\/assets\/images\/logo-agenciabrasil.svg\" alt=\"Logo Ag\u00eancia Brasil\"><br \/>\n\t\t\t\t<\/a><\/p>\n<p><strong>O presidente da Assembleia Legislativa do Estado do Rio de Janeiro (Alerj), deputado Douglas Ruas (PL), pediu nesta quinta-feira (23) ao Supremo Tribunal Federal (STF) para exercer interinamente o governo do estado at\u00e9 que a Corte decida sobre as elei\u00e7\u00f5es para mandato-tamp\u00e3o do Executivo estadual.\u00a0<\/strong><img decoding=\"async\" src=\"https:\/\/agenciabrasil.ebc.com.br\/ebc.png?id=1687099&#038;o=rss\"><img decoding=\"async\" src=\"https:\/\/agenciabrasil.ebc.com.br\/ebc.gif?id=1687099&#038;o=rss\"><\/p>\n<p>Ruas foi eleito, na semana passada, para comandar a Casa ap\u00f3s o ex-deputado Rodrigo Bacellar (Uni\u00e3o) ter sido cassado pelo Tribunal Superior Eleitoral (TSE) na mesma decis\u00e3o que condenou o ex-governador Cl\u00e1udio Castro \u00e0 inelegibilidade at\u00e9 2030.<\/p>\n<\/p>\n<h3>Not\u00edcias relacionadas:<\/h3>\n<ul>\n<li><a href=\"https:\/\/agenciabrasil.ebc.com.br\/justica\/noticia\/2026-04\/pdt-aciona-stf-para-anular-eleicao-de-douglas-ruas-na-alerj\">PDT aciona STF para anular elei\u00e7\u00e3o de Douglas Ruas na Alerj.<\/a><\/li>\n<li><a href=\"https:\/\/agenciabrasil.ebc.com.br\/politica\/noticia\/2026-04\/douglas-ruas-e-eleito-presidente-da-assembleia-legislativa-do-rio\">Douglas Ruas \u00e9 eleito presidente da Assembleia Legislativa do Rio.<\/a><\/li>\n<\/ul>\n<p>O novo presidente disse ao Supremo que deve assumir o comando do estado interinamente por estar na linha sucess\u00f3ria, conforme determina a Constitui\u00e7\u00e3o fluminense.<\/p>\n<p>Dessa forma, segundo o parlamentar, o presidente do Tribunal de Justi\u00e7a do Rio de Janeiro (TJRJ), Ricardo Couto de Castro, que exerce interinamente o cargo de governador do estado, n\u00e3o pode continuar no cargo.\u00a0<\/p>\n<blockquote>\n<p>\u201cSe perman\u00eancia do presidente do Tribunal de Justi\u00e7a no exerc\u00edcio da chefia do Executivo se legitimava, em car\u00e1ter subsidi\u00e1rio, enquanto inexistente ou invi\u00e1vel a investidura do primeiro sucessor constitucional, a recomposi\u00e7\u00e3o v\u00e1lida da presid\u00eancia da Assembleia Legislativa faz cessar a causa impeditiva que autorizava o afastamento pr\u00e1tico da linha sucess\u00f3ria prevista no art. 141 da Constitui\u00e7\u00e3o do Estado do Rio de Janeiro\u201d, argumentou Ruas.<\/p>\n<\/blockquote>\n<p>O pedido para o presidente da Alerj assumir o cargo de governador foi enviado ao ministro Luiz Fux, relator de uma das a\u00e7\u00f5es que vai decidir se as elei\u00e7\u00f5es para o mandato-tamp\u00e3o ser\u00e3o de forma direta (voto popular) ou indireta (votos dos deputados da Alerj).<\/p>\n<h2>Encontro<\/h2>\n<p><strong>No in\u00edcio desta noite, Ruas se reuniu com o ministro Cristiano Zanin, relator de outra a\u00e7\u00e3o que trata das elei\u00e7\u00f5es no Rio.<\/strong>\u00a0Na sa\u00edda da reuni\u00e3o, o presidente da Alerj preferiu n\u00e3o dar declara\u00e7\u00f5es \u00e0 imprensa.<\/p>\n<p>Segundo o deputado federal Altineu C\u00f4rtes (PL-RJ), que participou do encontro, o ministro sinalizou que pretende aguardar a decis\u00e3o final da Corte sobre o mandato-tamp\u00e3o para decidir quem vai assumir o comando do estado.\u00a0<\/p>\n<blockquote>\n<p>&#8220;Foi uma conversa institucional. O processo est\u00e1 com o ministro Fl\u00e1vio Dino, aguardando a publica\u00e7\u00e3o do ac\u00f3rd\u00e3o&#8221;, afirmou.\u00a0<\/p>\n<\/blockquote>\n<p>No dia 9 de abril, o STF suspendeu o julgamento sobre as elei\u00e7\u00f5es no Rio ap\u00f3s um pedido de vista de Dino.<\/p>\n<p>O ministro disse que pretende devolver o processo para julgamento depois da publica\u00e7\u00e3o do ac\u00f3rd\u00e3o do julgamento do Tribunal Superior Eleitoral (TSE) que condenou o ex-governador Cl\u00e1udio Castro \u00e0 inelegibilidade.\u00a0<\/p>\n<h2>Entenda\u00a0<\/h2>\n<p><strong>A elei\u00e7\u00e3o para o mandato-tamp\u00e3o dever\u00e1 ser realizada porque a linha sucess\u00f3ria do estado ficou desfalcada.\u00a0<\/strong><\/p>\n<p>No dia 23 de mar\u00e7o, o ex-governador Cl\u00e1udio Castro <a href=\"https:\/\/agenciabrasil.ebc.com.br\/justica\/noticia\/2026-03\/tse-condena-claudio-castro-inelegibilidade-ate-2030\">foi condenado \u00e0 inelegibilidade<\/a> pelo TSE. Em fun\u00e7\u00e3o da condena\u00e7\u00e3o, o tribunal determinou a realiza\u00e7\u00e3o de elei\u00e7\u00f5es indiretas para o mandato-tamp\u00e3o.<\/p>\n<p>Contudo, o <a href=\"https:\/\/agenciabrasil.ebc.com.br\/justica\/noticia\/2026-03\/psd-recorre-ao-stf-para-pedir-eleicoes-diretas-para-governo-do-rio\">PSD recorreu ao Supremo<\/a> e defendeu elei\u00e7\u00f5es diretas. No dia anterior ao julgamento, <a href=\"https:\/\/agenciabrasil.ebc.com.br\/politica\/noticia\/2026-03\/claudio-castro-diz-que-sai-do-governo-do-rio-de-cabeca-erguida\">Castro renunciou ao mandato<\/a> para cumprir o prazo de desincompatibiliza\u00e7\u00e3o para se candidatar ao Senado. Ele poderia deixar o cargo at\u00e9 o dia 4 de abril.<\/p>\n<p>A medida foi vista como uma manobra para for\u00e7ar a realiza\u00e7\u00e3o de elei\u00e7\u00f5es indiretas, e n\u00e3o diretas. Com a ren\u00fancia, o ex-governador poderia ter influ\u00eancia na elei\u00e7\u00e3o indireta de um aliado para o governo interino. O pleito direto poderia favorecer Eduardo Paes, do PSD, pr\u00e9-candidato ao governo do Rio.\u00a0<\/p>\n<p>O ex-vice-governador Thiago Pampolha deixou o cargo, em 2025, para assumir uma vaga no Tribunal de Contas do estado. Desde est\u00e3o, o estado n\u00e3o tem vice-governador.\u00a0<\/p>\n<p>O pr\u00f3ximo na linha sucess\u00f3ria seria o presidente da Alerj, o ex- deputado estadual Rodrigo Bacellar. No entanto, o parlamentar foi cassado na mesma decis\u00e3o do TSE que condenou Castro e j\u00e1 deixou o cargo.<\/p>\n<p><strong>Atualmente, o presidente do Tribunal de Justi\u00e7a, Ricardo Couto de Castro, exerce interinamente o cargo de governador do estado.\u00a0<\/strong><\/p>\n","protected":false},"excerpt":{"rendered":"<p>O presidente da Assembleia Legislativa do Estado do Rio de Janeiro (Alerj), deputado Douglas Ruas (PL), pediu nesta quinta-feira (23) ao Supremo Tribunal Federal (STF) para exercer interinamente o governo do estado at\u00e9 que a Corte decida sobre as elei\u00e7\u00f5es para mandato-tamp\u00e3o do Executivo estadual.\u00a0 Ruas foi eleito, na semana passada, para comandar a Casa [&hellip;]<\/p>\n","protected":false},"author":28,"featured_media":15160,"comment_status":"open","ping_status":"open","sticky":false,"template":"","format":"standard","meta":{"site-sidebar-layout":"default","site-content-layout":"","ast-site-content-layout":"","site-content-style":"default","site-sidebar-style":"default","ast-global-header-display":"","ast-banner-title-visibility":"","ast-main-header-display":"","ast-hfb-above-header-display":"","ast-hfb-below-header-display":"","ast-hfb-mobile-header-display":"","site-post-title":"","ast-breadcrumbs-content":"","ast-featured-img":"","footer-sml-layout":"","theme-transparent-header-meta":"","adv-header-id-meta":"","stick-header-meta":"","header-above-stick-meta":"","header-main-stick-meta":"","header-below-stick-meta":"","astra-migrate-meta-layouts":"default","ast-page-background-enabled":"default","ast-page-background-meta":{"desktop":{"background-color":"var(--ast-global-color-4)","background-image":"","background-repeat":"repeat","background-position":"center center","background-size":"auto","background-attachment":"scroll","background-type":"","background-media":"","overlay-type":"","overlay-color":"","overlay-opacity":"","overlay-gradient":""},"tablet":{"background-color":"","background-image":"","background-repeat":"repeat","background-position":"center center","background-size":"auto","background-attachment":"scroll","background-type":"","background-media":"","overlay-type":"","overlay-color":"","overlay-opacity":"","overlay-gradient":""},"mobile":{"background-color":"","background-image":"","background-repeat":"repeat","background-position":"center center","background-size":"auto","background-attachment":"scroll","background-type":"","background-media":"","overlay-type":"","overlay-color":"","overlay-opacity":"","overlay-gradient":""}},"ast-content-background-meta":{"desktop":{"background-color":"var(--ast-global-color-5)","background-image":"","background-repeat":"repeat","background-position":"center center","background-size":"auto","background-attachment":"scroll","background-type":"","background-media":"","overlay-type":"","overlay-color":"","overlay-opacity":"","overlay-gradient":""},"tablet":{"background-color":"var(--ast-global-color-5)","background-image":"","background-repeat":"repeat","background-position":"center center","background-size":"auto","background-attachment":"scroll","background-type":"","background-media":"","overlay-type":"","overlay-color":"","overlay-opacity":"","overlay-gradient":""},"mobile":{"background-color":"var(--ast-global-color-5)","background-image":"","background-repeat":"repeat","background-position":"center center","background-size":"auto","background-attachment":"scroll","background-type":"","background-media":"","overlay-type":"","overlay-color":"","overlay-opacity":"","overlay-gradient":""}},"footnotes":""},"categories":[1],"tags":[],"class_list":["post-15159","post","type-post","status-publish","format-standard","has-post-thumbnail","hentry","category-sem-categoria"],"_links":{"self":[{"href":"https:\/\/jornalregionalms.com.br\/index.php?rest_route=\/wp\/v2\/posts\/15159","targetHints":{"allow":["GET"]}}],"collection":[{"href":"https:\/\/jornalregionalms.com.br\/index.php?rest_route=\/wp\/v2\/posts"}],"about":[{"href":"https:\/\/jornalregionalms.com.br\/index.php?rest_route=\/wp\/v2\/types\/post"}],"author":[{"embeddable":true,"href":"https:\/\/jornalregionalms.com.br\/index.php?rest_route=\/wp\/v2\/users\/28"}],"replies":[{"embeddable":true,"href":"https:\/\/jornalregionalms.com.br\/index.php?rest_route=%2Fwp%2Fv2%2Fcomments&post=15159"}],"version-history":[{"count":0,"href":"https:\/\/jornalregionalms.com.br\/index.php?rest_route=\/wp\/v2\/posts\/15159\/revisions"}],"wp:featuredmedia":[{"embeddable":true,"href":"https:\/\/jornalregionalms.com.br\/index.php?rest_route=\/wp\/v2\/media\/15160"}],"wp:attachment":[{"href":"https:\/\/jornalregionalms.com.br\/index.php?rest_route=%2Fwp%2Fv2%2Fmedia&parent=15159"}],"wp:term":[{"taxonomy":"category","embeddable":true,"href":"https:\/\/jornalregionalms.com.br\/index.php?rest_route=%2Fwp%2Fv2%2Fcategories&post=15159"},{"taxonomy":"post_tag","embeddable":true,"href":"https:\/\/jornalregionalms.com.br\/index.php?rest_route=%2Fwp%2Fv2%2Ftags&post=15159"}],"curies":[{"name":"wp","href":"https:\/\/api.w.org\/{rel}","templated":true}]}}