{"id":14576,"date":"2026-04-08T10:33:13","date_gmt":"2026-04-08T14:33:13","guid":{"rendered":"https:\/\/jornalregionalms.com.br\/?p=14576"},"modified":"2026-04-08T10:33:13","modified_gmt":"2026-04-08T14:33:13","slug":"inscricoes-para-o-programa-mais-medicos-terminam-nesta-quarta-feira","status":"publish","type":"post","link":"https:\/\/jornalregionalms.com.br\/?p=14576","title":{"rendered":"Inscri\u00e7\u00f5es para o programa Mais M\u00e9dicos terminam nesta quarta-feira"},"content":{"rendered":"<\/p>\n<p><a class=\"\" href=\"https:\/\/agenciabrasil.ebc.com.br\/saude\/noticia\/2026-04\/inscricoes-para-o-programa-mais-medicos-terminam-nesta-quarta-feira\"><br \/>\n                    <img decoding=\"async\" src=\"https:\/\/cdn.jsdelivr.net\/gh\/sergiosdlima\/assets-ebc@1.0.0\/abr\/assets\/images\/logo-agenciabrasil.svg\" alt=\"Logo Ag\u00eancia Brasil\"><br \/>\n\t\t\t\t<\/a><\/p>\n<p><strong>O prazo para os interessados em se inscrever para o 45\u00ba ciclo do projeto Mais M\u00e9dicos para o Brasil\u00a0(PMMB) termina \u00e0s 23 horas e 59 minutos desta quarta-feira (8).<\/strong><img decoding=\"async\" src=\"https:\/\/agenciabrasil.ebc.com.br\/ebc.png?id=1685190&#038;o=rss\"><img decoding=\"async\" src=\"https:\/\/agenciabrasil.ebc.com.br\/ebc.gif?id=1685190&#038;o=rss\"><\/p>\n<p>O projeto coordenado pelo Minist\u00e9rio da Sa\u00fade \u00e9 voltado \u00e0 atua\u00e7\u00e3o na Aten\u00e7\u00e3o Prim\u00e1ria \u00e0 Sa\u00fade (APS) do Sistema \u00danico de Sa\u00fade (SUS), em regi\u00f5es priorit\u00e1rias, remotas, de dif\u00edcil acesso e de alto \u00edndice de vulnerabilidade, incluindo territ\u00f3rios ind\u00edgenas, onde h\u00e1 escassez ou aus\u00eancia de m\u00e9dicos<\/p>\n<\/p>\n<h3>Not\u00edcias relacionadas:<\/h3>\n<ul>\n<li><a href=\"https:\/\/agenciabrasil.ebc.com.br\/saude\/noticia\/2026-04\/inscricoes-para-o-programa-mais-medicos-seguem-ate-quarta-feira\">Inscri\u00e7\u00f5es para o programa Mais M\u00e9dicos seguem at\u00e9 quarta-feira.<\/a><\/li>\n<li><a href=\"https:\/\/agenciabrasil.ebc.com.br\/geral\/noticia\/2025-01\/saude-lanca-campanha-sobre-importancia-do-programa-mais-medicos\">Sa\u00fade lan\u00e7a campanha sobre import\u00e2ncia do programa Mais M\u00e9dicos.<\/a><\/li>\n<li><a href=\"https:\/\/agenciabrasil.ebc.com.br\/internacional\/noticia\/2025-08\/entenda-a-participacao-de-cubanos-no-programa-mais-medicos\">Entenda a participa\u00e7\u00e3o de cubanos no programa Mais M\u00e9dicos .<\/a><\/li>\n<\/ul>\n<p>Os profissionais interessados em participar devem se <a href=\"https:\/\/pgpp.agenciasus.org.br\/login\" target=\"_blank\">inscrever <\/a>por meio da Plataforma de Gerenciamento de Programas de Provimento, com <em>login<\/em> da conta do portal Gov.br.<\/p>\n<p>Para a participa\u00e7\u00e3o no chamamento p\u00fablico, \u00e9 indispens\u00e1vel a comprova\u00e7\u00e3o pr\u00e9via da habilita\u00e7\u00e3o para o exerc\u00edcio da medicina, com o devido registro no Conselho Regional de Medicina. <strong>Os profissionais selecionados atuar\u00e3o por at\u00e9 48 meses, combinando atendimento direto \u00e0 popula\u00e7\u00e3o com forma\u00e7\u00e3o continuada.<\/strong><\/p>\n<p><a href=\"https:\/\/www.whatsapp.com\/channel\/0029VaoRTgrInlqYLSk59B2M\" target=\"_blank\">>> Siga o canal da<strong> Ag\u00eancia Brasil <\/strong>no WhatsApp<\/a><\/p>\n<h2>Vagas<\/h2>\n<p><strong><a href=\"https:\/\/www.gov.br\/saude\/pt-br\/acesso-a-informacao\/participacao-social\/chamamentos-publicos\/2026\/chamamento-publico-sgtes-ms-no-3-2026-pmmb\/edital\" target=\"_blank\">Neste novo edital<\/a> (n\u00ba 24\/2026), o Minist\u00e9rio da Sa\u00fade abriu 1.524 vagas.<\/strong><\/p>\n<p><strong>S\u00e3o 1.351 vagas para equipes de Sa\u00fade da Fam\u00edlia (eSF), 75 para equipes de consult\u00f3rio na rua e 98 para Distritos Sanit\u00e1rios Especiais Ind\u00edgenas (DSEI).<\/strong><\/p>\n<p>O documento esclarece que as vagas dispon\u00edveis foram distribu\u00eddas conforme estudos de demografia m\u00e9dica e sobre vulnerabilidade social.<\/p>\n<p>Todos os m\u00e9dicos poder\u00e3o participar; no entanto, os profissionais formados em institui\u00e7\u00f5es de educa\u00e7\u00e3o superior brasileiras ou com diploma revalidado no Brasil ter\u00e3o prioridade na sele\u00e7\u00e3o e ocupa\u00e7\u00e3o das vagas ofertadas pelo Mais M\u00e9dicos.<\/p>\n<h2>O edital contempla tr\u00eas perfis principais:<\/h2>\n<p>perfil 1: m\u00e9dicos formados no Brasil ou com diploma revalidado, com registro ativo no Conselho Federal de Medicina (CRM);<\/p>\n<p>perfil 2: m\u00e9dicos brasileiros formados no exterior (intercambistas);<\/p>\n<p>perfil 3: m\u00e9dicos estrangeiros com habilita\u00e7\u00e3o para atuar no exterior.<\/p>\n<p><strong>Os profissionais selecionados atuar\u00e3o por 48 meses.<\/strong><\/p>\n<h2>Bolsa-forma\u00e7\u00e3o<\/h2>\n<p><strong>O programa oferece uma bolsa-forma\u00e7\u00e3o de R$ 14.121,63 para os m\u00e9dicos matriculados e com situa\u00e7\u00e3o regular quanto \u00e0s atividades educacionais previstas no projeto.<\/strong><\/p>\n<p>O m\u00e9dico participante dever\u00e1 cumprir semanalmente com a carga hor\u00e1ria de 44 horas de atividades que envolvem ensino, pesquisa e extens\u00e3o, com componente assistencial, nas unidades de sa\u00fade no munic\u00edpio ou distrito em que for alocado.<\/p>\n<p><strong>No caso de o m\u00e9dico comprovar a necessidade de mudan\u00e7a de domic\u00edlio em raz\u00e3o da aloca\u00e7\u00e3o em munic\u00edpio diferente do seu domic\u00edlio, o Minist\u00e9rio da Sa\u00fade poder\u00e1 conceder ajuda de custo, que n\u00e3o poder\u00e1 exceder ao valor de tr\u00eas bolsas-forma\u00e7\u00e3o.<\/strong><\/p>\n<h2>Mais M\u00e9dicos<\/h2>\n<p>Lan\u00e7ado em 2013 para suprir a falta de profissionais em regi\u00f5es remotas e fix\u00e1-los nesta \u00e1reas priorit\u00e1rias, atualmente, o Programa Mais M\u00e9dicos para o Brasil conta com mais de 26 mil m\u00e9dicos em atua\u00e7\u00e3o em todo o pa\u00eds.<\/p>\n<p>O Minist\u00e9rio da Sa\u00fade orienta os candidatos a acompanharem regularmente a p\u00e1gina eletr\u00f4nica do <a href=\"https:\/\/www.gov.br\/saude\/pt-br\/composicao\/sgtes\/mais-medicos\" target=\"_blank\">Programa Mais M\u00e9dicos<\/a>\u00a0para se informar oficialmente de todas as etapas relacionadas \u00e0 ades\u00e3o ao Projeto Mais M\u00e9dicos para o Brasil &#8211; PMMB.<\/p>\n<p>\u00a0<\/p>\n","protected":false},"excerpt":{"rendered":"<p>O prazo para os interessados em se inscrever para o 45\u00ba ciclo do projeto Mais M\u00e9dicos para o Brasil\u00a0(PMMB) termina \u00e0s 23 horas e 59 minutos desta quarta-feira (8). O projeto coordenado pelo Minist\u00e9rio da Sa\u00fade \u00e9 voltado \u00e0 atua\u00e7\u00e3o na Aten\u00e7\u00e3o Prim\u00e1ria \u00e0 Sa\u00fade (APS) do Sistema \u00danico de Sa\u00fade (SUS), em regi\u00f5es priorit\u00e1rias, [&hellip;]<\/p>\n","protected":false},"author":6,"featured_media":0,"comment_status":"open","ping_status":"open","sticky":false,"template":"","format":"standard","meta":{"site-sidebar-layout":"default","site-content-layout":"","ast-site-content-layout":"","site-content-style":"default","site-sidebar-style":"default","ast-global-header-display":"","ast-banner-title-visibility":"","ast-main-header-display":"","ast-hfb-above-header-display":"","ast-hfb-below-header-display":"","ast-hfb-mobile-header-display":"","site-post-title":"","ast-breadcrumbs-content":"","ast-featured-img":"","footer-sml-layout":"","theme-transparent-header-meta":"","adv-header-id-meta":"","stick-header-meta":"","header-above-stick-meta":"","header-main-stick-meta":"","header-below-stick-meta":"","astra-migrate-meta-layouts":"default","ast-page-background-enabled":"default","ast-page-background-meta":{"desktop":{"background-color":"var(--ast-global-color-4)","background-image":"","background-repeat":"repeat","background-position":"center center","background-size":"auto","background-attachment":"scroll","background-type":"","background-media":"","overlay-type":"","overlay-color":"","overlay-opacity":"","overlay-gradient":""},"tablet":{"background-color":"","background-image":"","background-repeat":"repeat","background-position":"center center","background-size":"auto","background-attachment":"scroll","background-type":"","background-media":"","overlay-type":"","overlay-color":"","overlay-opacity":"","overlay-gradient":""},"mobile":{"background-color":"","background-image":"","background-repeat":"repeat","background-position":"center center","background-size":"auto","background-attachment":"scroll","background-type":"","background-media":"","overlay-type":"","overlay-color":"","overlay-opacity":"","overlay-gradient":""}},"ast-content-background-meta":{"desktop":{"background-color":"var(--ast-global-color-5)","background-image":"","background-repeat":"repeat","background-position":"center center","background-size":"auto","background-attachment":"scroll","background-type":"","background-media":"","overlay-type":"","overlay-color":"","overlay-opacity":"","overlay-gradient":""},"tablet":{"background-color":"var(--ast-global-color-5)","background-image":"","background-repeat":"repeat","background-position":"center center","background-size":"auto","background-attachment":"scroll","background-type":"","background-media":"","overlay-type":"","overlay-color":"","overlay-opacity":"","overlay-gradient":""},"mobile":{"background-color":"var(--ast-global-color-5)","background-image":"","background-repeat":"repeat","background-position":"center center","background-size":"auto","background-attachment":"scroll","background-type":"","background-media":"","overlay-type":"","overlay-color":"","overlay-opacity":"","overlay-gradient":""}},"footnotes":""},"categories":[1],"tags":[],"class_list":["post-14576","post","type-post","status-publish","format-standard","hentry","category-sem-categoria"],"_links":{"self":[{"href":"https:\/\/jornalregionalms.com.br\/index.php?rest_route=\/wp\/v2\/posts\/14576","targetHints":{"allow":["GET"]}}],"collection":[{"href":"https:\/\/jornalregionalms.com.br\/index.php?rest_route=\/wp\/v2\/posts"}],"about":[{"href":"https:\/\/jornalregionalms.com.br\/index.php?rest_route=\/wp\/v2\/types\/post"}],"author":[{"embeddable":true,"href":"https:\/\/jornalregionalms.com.br\/index.php?rest_route=\/wp\/v2\/users\/6"}],"replies":[{"embeddable":true,"href":"https:\/\/jornalregionalms.com.br\/index.php?rest_route=%2Fwp%2Fv2%2Fcomments&post=14576"}],"version-history":[{"count":0,"href":"https:\/\/jornalregionalms.com.br\/index.php?rest_route=\/wp\/v2\/posts\/14576\/revisions"}],"wp:attachment":[{"href":"https:\/\/jornalregionalms.com.br\/index.php?rest_route=%2Fwp%2Fv2%2Fmedia&parent=14576"}],"wp:term":[{"taxonomy":"category","embeddable":true,"href":"https:\/\/jornalregionalms.com.br\/index.php?rest_route=%2Fwp%2Fv2%2Fcategories&post=14576"},{"taxonomy":"post_tag","embeddable":true,"href":"https:\/\/jornalregionalms.com.br\/index.php?rest_route=%2Fwp%2Fv2%2Ftags&post=14576"}],"curies":[{"name":"wp","href":"https:\/\/api.w.org\/{rel}","templated":true}]}}