{"id":14535,"date":"2026-04-06T22:29:02","date_gmt":"2026-04-07T02:29:02","guid":{"rendered":"https:\/\/jornalregionalms.com.br\/?p=14535"},"modified":"2026-04-06T22:29:02","modified_gmt":"2026-04-07T02:29:02","slug":"governo-muda-prazo-de-cadastro-biometrico-para-manter-programa-social","status":"publish","type":"post","link":"https:\/\/jornalregionalms.com.br\/?p=14535","title":{"rendered":"Governo muda prazo de cadastro biom\u00e9trico para manter programa social"},"content":{"rendered":"<\/p>\n<p><a class=\"\" href=\"https:\/\/agenciabrasil.ebc.com.br\/geral\/noticia\/2026-04\/governo-muda-prazo-de-cadastro-biometrico-para-manter-programa-social\"><br \/>\n                    <img decoding=\"async\" src=\"https:\/\/cdn.jsdelivr.net\/gh\/sergiosdlima\/assets-ebc@1.0.0\/abr\/assets\/images\/logo-agenciabrasil.svg\" alt=\"Logo Ag\u00eancia Brasil\"><br \/>\n\t\t\t\t<\/a><\/p>\n<p>As pessoas que ainda n\u00e3o t\u00eam nenhum cadastro biom\u00e9trico ter\u00e3o novo prazo para emiti-lo gratuitamente por meio da nova\u00a0Carteira de Identidade Nacional\u00a0(CIN) para concess\u00e3o ou renova\u00e7\u00e3o de benef\u00edcios sociais.<img decoding=\"async\" src=\"https:\/\/agenciabrasil.ebc.com.br\/ebc.png?id=1684888&#038;o=rss\"><img decoding=\"async\" src=\"https:\/\/agenciabrasil.ebc.com.br\/ebc.gif?id=1684888&#038;o=rss\"><\/p>\n<p><strong>O prazo que terminaria em 30 de abril foi prorrogado at\u00e9 31 de dezembro deste ano, conforme a portaria n\u00ba 2.907\/2026,\u00a0publicada no <a href=\"https:\/\/in.gov.br\/en\/web\/dou\/-\/portaria-sgd\/mgi-n-2.907-de-2-de-abril-de-2026-697410550\" target=\"_blank\">Di\u00e1rio Oficial da Uni\u00e3o<\/a>\u00a0de hoje.<\/strong><\/p>\n<h2>Cadastro biom\u00e9trico<\/h2>\n<\/p>\n<h3>Not\u00edcias relacionadas:<\/h3>\n<ul>\n<li><a href=\"https:\/\/agenciabrasil.ebc.com.br\/geral\/noticia\/2026-04\/ouvidoria-falabr-passa-usar-ia-para-agilizar-atendimento\">Ouvidoria: Fala.BR passa a usar IA para agilizar atendimento .<\/a><\/li>\n<li><a href=\"https:\/\/agenciabrasil.ebc.com.br\/geral\/noticia\/2026-04\/ouvidoria-falabr-passa-usar-ia-para-agilizar-atendimento\">Ouvidoria: Fala.BR passa a usar IA para agilizar atendimento .<\/a><\/li>\n<\/ul>\n<p>O cadastro biom\u00e9trico da carteira de Identidade\u00a0\u00e9 o registro da impress\u00e3o digital dos dedos das duas m\u00e3os e da foto do rosto do cidad\u00e3o em uma base de dados do governo federal. <strong>O objetivo da biometria \u00e9 confirmar a identidade do benefici\u00e1rio e evitar que terceiros recebam seus valores indevidamente.<\/strong><\/p>\n<p>A CIN possui n\u00famero \u00fanico nacional e estar\u00e1 dispon\u00edvel em formato f\u00edsico ou digital.<\/p>\n<h2>Prazo para outras biometrias existentes<\/h2>\n<p>O Minist\u00e9rio da Gest\u00e3o e da Inova\u00e7\u00e3o em Servi\u00e7os P\u00fablicos\u00a0estabeleceu que os\u00a0cadastros biom\u00e9tricos\u00a0existentes do\u00a0Tribunal Superior Eleitoral (TSE)\u00a0ou da\u00a0Carteira Nacional de Habilita\u00e7\u00e3o (CNH)\u00a0ou de\u00a0passaportes\u00a0ser\u00e3o aceitos\u00a0para concess\u00e3o, manuten\u00e7\u00e3o e renova\u00e7\u00e3o de benef\u00edcios sociais <strong>at\u00e9\u00a031 de dezembro de 2027<\/strong>,\u00a0desde que estes tenham sido realizados at\u00e9 31 de dezembro de 2026.<\/p>\n<p>Tamb\u00e9m ser\u00e3o considerados v\u00e1lidos os nomes de quem j\u00e1 era benefici\u00e1rio de programas sociais\u00a0<strong>at\u00e9 31 de dezembro de 2026.<\/strong><\/p>\n<p>De acordo com o <a href=\"https:\/\/in.gov.br\/en\/web\/dou\/-\/portaria-sgd\/mgi-n-2.907-de-2-de-abril-de-2026-697410550\" target=\"_blank\">novo cronograma<\/a>, ap\u00f3s essa data, ou seja, <strong>a partir de\u00a01\u00ba de janeiro de 2028<\/strong>, apenas a biometria da nova Carteira de Identidade Nacional (CIN) ser\u00e1 aceita para as finalidades mencionadas.<\/p>\n<h2>Como emitir<\/h2>\n<p>O primeiro passo para a emiss\u00e3o \u00e9 acessar o<a href=\"https:\/\/www.gov.br\/governodigital\/pt-br\/identidade\/identificacao-do-cidadao-e-carteira-de-identidade-nacional\" target=\"_blank\"> site<\/a> da Carteira de Identidade Nacional, entrar no link de agendamento no estado onde mora e escolher a data dispon\u00edvel para a coleta da biometria.<\/p>\n<p><strong>A primeira emiss\u00e3o em papel da CIN \u00e9 gratuita.<\/strong><\/p>\n<p>No dia marcado, \u00e9 necess\u00e1rio levar ao posto de identifica\u00e7\u00e3o a certid\u00e3o de nascimento ou de casamento. Caso seja do interesse, a vers\u00e3o digital da CIN tamb\u00e9m possibilita a inclus\u00e3o de outros documentos, como a Carteira Nacional de Habilita\u00e7\u00e3o (CNH) e o t\u00edtulo de eleitor.<\/p>\n<h2>Quem est\u00e1 dispensado<\/h2>\n<p><strong>Quem j\u00e1 tem a\u00a0Carteira de Identidade Nacional (CIN) antes da concess\u00e3o do benef\u00edcio social, n\u00e3o precisar\u00e1 repetir o processo de emiss\u00e3o do documento.<\/strong><\/p>\n<p>A base biom\u00e9trica da CIN\u00a0\u00e9 \u00fanica e definitiva na identifica\u00e7\u00e3o dos brasileiros. Por isso, o documento \u00e9 aceito a qualquer momento\u00a0para concess\u00e3o, manuten\u00e7\u00e3o e renova\u00e7\u00e3o de benef\u00edcios sociais.<\/p>\n<p><strong>Na pr\u00e1tica, a\u00a0nova portaria unifica as\u00a0regras para quem j\u00e1 \u00e9 benefici\u00e1rio e para os novos, disse em nota o Minist\u00e9rio da Gest\u00e3o.<\/strong>\u00a0\u00a0<\/p>\n<h2>Verifica\u00e7\u00e3o biom\u00e9trica<\/h2>\n<p>A nova portaria tamb\u00e9m trata do\u00a0Servi\u00e7o de Verifica\u00e7\u00e3o Biom\u00e9trica, que ser\u00e1 disponibilizado aos \u00f3rg\u00e3os gestores dos benef\u00edcios da seguridade social at\u00e9 31 de dezembro.<\/p>\n<p><strong>A tecnologia permite confirmar a identidade de uma pessoa por meio de caracter\u00edsticas f\u00edsicas \u00fanicas (como digitais e\/ou reconhecimento facial).<\/strong><\/p>\n<p>A infraestrutura p\u00fablica digital\u00a0usar\u00e1 tanto a base da carteira CIN, que conta com 49,8 milh\u00f5es de brasileiros, quanto a identidade digital da plataforma Gov.br, com mais de 175 milh\u00f5es de usu\u00e1rios.<\/p>\n<p>A portaria obriga ainda os \u00f3rg\u00e3os gestores de benef\u00edcios a publicarem suas pr\u00f3prias regras explicando como o cidad\u00e3o deve incluir sua biometria nos atendimentos. Os \u00f3rg\u00e3os ter\u00e3o que orientar a popula\u00e7\u00e3o sobre como esse novo fluxo vai funcionar na pr\u00e1tica.<\/p>\n","protected":false},"excerpt":{"rendered":"<p>As pessoas que ainda n\u00e3o t\u00eam nenhum cadastro biom\u00e9trico ter\u00e3o novo prazo para emiti-lo gratuitamente por meio da nova\u00a0Carteira de Identidade Nacional\u00a0(CIN) para concess\u00e3o ou renova\u00e7\u00e3o de benef\u00edcios sociais. O prazo que terminaria em 30 de abril foi prorrogado at\u00e9 31 de dezembro deste ano, conforme a portaria n\u00ba 2.907\/2026,\u00a0publicada no Di\u00e1rio Oficial da Uni\u00e3o\u00a0de [&hellip;]<\/p>\n","protected":false},"author":6,"featured_media":0,"comment_status":"open","ping_status":"open","sticky":false,"template":"","format":"standard","meta":{"site-sidebar-layout":"default","site-content-layout":"","ast-site-content-layout":"","site-content-style":"default","site-sidebar-style":"default","ast-global-header-display":"","ast-banner-title-visibility":"","ast-main-header-display":"","ast-hfb-above-header-display":"","ast-hfb-below-header-display":"","ast-hfb-mobile-header-display":"","site-post-title":"","ast-breadcrumbs-content":"","ast-featured-img":"","footer-sml-layout":"","theme-transparent-header-meta":"","adv-header-id-meta":"","stick-header-meta":"","header-above-stick-meta":"","header-main-stick-meta":"","header-below-stick-meta":"","astra-migrate-meta-layouts":"default","ast-page-background-enabled":"default","ast-page-background-meta":{"desktop":{"background-color":"var(--ast-global-color-4)","background-image":"","background-repeat":"repeat","background-position":"center center","background-size":"auto","background-attachment":"scroll","background-type":"","background-media":"","overlay-type":"","overlay-color":"","overlay-opacity":"","overlay-gradient":""},"tablet":{"background-color":"","background-image":"","background-repeat":"repeat","background-position":"center center","background-size":"auto","background-attachment":"scroll","background-type":"","background-media":"","overlay-type":"","overlay-color":"","overlay-opacity":"","overlay-gradient":""},"mobile":{"background-color":"","background-image":"","background-repeat":"repeat","background-position":"center center","background-size":"auto","background-attachment":"scroll","background-type":"","background-media":"","overlay-type":"","overlay-color":"","overlay-opacity":"","overlay-gradient":""}},"ast-content-background-meta":{"desktop":{"background-color":"var(--ast-global-color-5)","background-image":"","background-repeat":"repeat","background-position":"center center","background-size":"auto","background-attachment":"scroll","background-type":"","background-media":"","overlay-type":"","overlay-color":"","overlay-opacity":"","overlay-gradient":""},"tablet":{"background-color":"var(--ast-global-color-5)","background-image":"","background-repeat":"repeat","background-position":"center center","background-size":"auto","background-attachment":"scroll","background-type":"","background-media":"","overlay-type":"","overlay-color":"","overlay-opacity":"","overlay-gradient":""},"mobile":{"background-color":"var(--ast-global-color-5)","background-image":"","background-repeat":"repeat","background-position":"center center","background-size":"auto","background-attachment":"scroll","background-type":"","background-media":"","overlay-type":"","overlay-color":"","overlay-opacity":"","overlay-gradient":""}},"footnotes":""},"categories":[1],"tags":[],"class_list":["post-14535","post","type-post","status-publish","format-standard","hentry","category-sem-categoria"],"_links":{"self":[{"href":"https:\/\/jornalregionalms.com.br\/index.php?rest_route=\/wp\/v2\/posts\/14535","targetHints":{"allow":["GET"]}}],"collection":[{"href":"https:\/\/jornalregionalms.com.br\/index.php?rest_route=\/wp\/v2\/posts"}],"about":[{"href":"https:\/\/jornalregionalms.com.br\/index.php?rest_route=\/wp\/v2\/types\/post"}],"author":[{"embeddable":true,"href":"https:\/\/jornalregionalms.com.br\/index.php?rest_route=\/wp\/v2\/users\/6"}],"replies":[{"embeddable":true,"href":"https:\/\/jornalregionalms.com.br\/index.php?rest_route=%2Fwp%2Fv2%2Fcomments&post=14535"}],"version-history":[{"count":0,"href":"https:\/\/jornalregionalms.com.br\/index.php?rest_route=\/wp\/v2\/posts\/14535\/revisions"}],"wp:attachment":[{"href":"https:\/\/jornalregionalms.com.br\/index.php?rest_route=%2Fwp%2Fv2%2Fmedia&parent=14535"}],"wp:term":[{"taxonomy":"category","embeddable":true,"href":"https:\/\/jornalregionalms.com.br\/index.php?rest_route=%2Fwp%2Fv2%2Fcategories&post=14535"},{"taxonomy":"post_tag","embeddable":true,"href":"https:\/\/jornalregionalms.com.br\/index.php?rest_route=%2Fwp%2Fv2%2Ftags&post=14535"}],"curies":[{"name":"wp","href":"https:\/\/api.w.org\/{rel}","templated":true}]}}