{"id":14534,"date":"2026-04-06T22:29:03","date_gmt":"2026-04-07T02:29:03","guid":{"rendered":"https:\/\/jornalregionalms.com.br\/?p=14534"},"modified":"2026-04-06T22:29:03","modified_gmt":"2026-04-07T02:29:03","slug":"em-duas-acoes-na-via-dutra-pf-apreende-10-fuzis-e-12-pistolas","status":"publish","type":"post","link":"https:\/\/jornalregionalms.com.br\/?p=14534","title":{"rendered":"Em duas a\u00e7\u00f5es na Via Dutra, PF apreende 10 fuzis e 12 pistolas"},"content":{"rendered":"<\/p>\n<p><a class=\"\" href=\"https:\/\/agenciabrasil.ebc.com.br\/geral\/noticia\/2026-04\/em-duas-acoes-na-dutra-pf-apreende-10-fuzis-e-12-pistolas\"><br \/>\n                    <img decoding=\"async\" src=\"https:\/\/cdn.jsdelivr.net\/gh\/sergiosdlima\/assets-ebc@1.0.0\/abr\/assets\/images\/logo-agenciabrasil.svg\" alt=\"Logo Ag\u00eancia Brasil\"><br \/>\n\t\t\t\t<\/a><\/p>\n<p>Agentes da Pol\u00edcia Federal prenderam em flagrante em uma barreira policial na Rodovia Presidente Dutra, altura do munic\u00edpio de Pira\u00ed, no sul fluminense, um casal que transportava armamento pesado.\u00a0<img decoding=\"async\" src=\"https:\/\/agenciabrasil.ebc.com.br\/ebc.png?id=1684937&#038;o=rss\"><img decoding=\"async\" src=\"https:\/\/agenciabrasil.ebc.com.br\/ebc.gif?id=1684937&#038;o=rss\"><\/p>\n<p>A barreira foi montada com foco na repress\u00e3o ao tr\u00e1fico interestadual de drogas e armas.\u00a0<\/p>\n<\/p>\n<h3>Not\u00edcias relacionadas:<\/h3>\n<ul>\n<li><a href=\"https:\/\/agenciabrasil.ebc.com.br\/geral\/noticia\/2026-04\/operacao-semana-santa-acidentes-em-rodovias-resultam-em-57-mortes\">Opera\u00e7\u00e3o Semana Santa: acidentes em rodovias resultam em 57 mortes.<\/a><\/li>\n<li><a href=\"https:\/\/agenciabrasil.ebc.com.br\/justica\/noticia\/2026-04\/pf-diz-que-pm-do-rio-ainda-nao-entregou-imagens-da-operacao-contencao\">PF diz que PM do Rio ainda n\u00e3o entregou imagens da Opera\u00e7\u00e3o Conten\u00e7\u00e3o .<\/a><\/li>\n<li><a href=\"https:\/\/agenciabrasil.ebc.com.br\/justica\/noticia\/2026-03\/rede-nacional-vai-combater-trafico-de-armas-e-integrar-forcas\">Rede nacional vai combater tr\u00e1fico de armas .<\/a><\/li>\n<\/ul>\n<p>Os dois sa\u00edram de S\u00e3o Paulo e iam para o Rio de Janeiro. <strong>Ao serem parados, os ocupantes apresentaram nervosismo e vers\u00f5es diferentes sobre o motivo e a log\u00edstica da viagem durante a abordagem na barreira.<\/strong><\/p>\n<p>Diante das suspeitas, durante uma vistoria minuciosa na estrutura do autom\u00f3vel, os policiais federais localizaram em fundos falsos na carroceria do ve\u00edculo, seis fuzis e 11 pistolas, al\u00e9m de carregadores.<\/p>\n<p><strong>De acordo com a Delegacia de Repress\u00e3o a Drogas da Pol\u00edcia Federal, que coordenou a a\u00e7\u00e3o, \u201cas apreens\u00f5es representam um impacto direto na estrutura b\u00e9lica das fac\u00e7\u00f5es, retirando de circula\u00e7\u00e3o, armas de fogo cujo destino final seria o abastecimento de comunidades fluminenses dominadas pelo crime organizado\u201d.<\/strong><\/p>\n<p>O casal, o ve\u00edculo e todo o armamento apreendido foram encaminhados \u00e0 Superintend\u00eancia da PF, na Pra\u00e7a Mau\u00e1.\u00a0<\/p>\n<p>O casal responder\u00e1 pelo crime de tr\u00e1fico interestadual de armas de fogo de uso restrito e ficar\u00e1 \u00e0 disposi\u00e7\u00e3o da Justi\u00e7a, aguardando julgamento.<\/p>\n<h2>Outra apreens\u00e3o<\/h2>\n<p><strong>Em outra a\u00e7\u00e3o, agentes da Pol\u00edcia Federal apreenderam armas, tamb\u00e9m na Via Dutra, com uma mulher que viajava em um carro de aplicativo.<\/strong>\u00a0<\/p>\n<p>A presa viajava em um carro de aplicativo que foi parado durante barreira policial. O armamento, quatro fuzis autom\u00e1ticos e uma pistola, foi localizado dentro de malas de viagem, com apoio de um c\u00e3o farejador.<\/p>\n<p><strong>A intercepta\u00e7\u00e3o ocorreu durante uma barreira policial na altura do munic\u00edpio de Itatiaia, no sul do Rio de Janeiro, altura da Serra da Mantiqueira, divisa de Minas Gerais e S\u00e3o Paulo.<\/strong>\u00a0<\/p>\n<p>Ap\u00f3s a sinaliza\u00e7\u00e3o positiva do c\u00e3o adestrado para farejar drogas, os agentes fizeram uma checagem na bagagem e localizaram o armamento.<\/p>\n<p>A mulher n\u00e3o teve a identifica\u00e7\u00e3o divulgada. <strong>Ela contou que saiu de S\u00e3o Paulo e levaria as armas para uma comunidade na capital fluminense, dominada pelo crime organizado, mas se negou a dar outras informa\u00e7\u00f5es.<\/strong><\/p>\n<p>A mulher foi autuada em flagrante na sede da PF no Rio de Janeiro e, em seguida, encaminhada a um pres\u00eddio do estado, onde aguardar\u00e1 julgamento.<\/p>\n","protected":false},"excerpt":{"rendered":"<p>Agentes da Pol\u00edcia Federal prenderam em flagrante em uma barreira policial na Rodovia Presidente Dutra, altura do munic\u00edpio de Pira\u00ed, no sul fluminense, um casal que transportava armamento pesado.\u00a0 A barreira foi montada com foco na repress\u00e3o ao tr\u00e1fico interestadual de drogas e armas.\u00a0 Not\u00edcias relacionadas: Opera\u00e7\u00e3o Semana Santa: acidentes em rodovias resultam em 57 [&hellip;]<\/p>\n","protected":false},"author":32,"featured_media":0,"comment_status":"open","ping_status":"open","sticky":false,"template":"","format":"standard","meta":{"site-sidebar-layout":"default","site-content-layout":"","ast-site-content-layout":"","site-content-style":"default","site-sidebar-style":"default","ast-global-header-display":"","ast-banner-title-visibility":"","ast-main-header-display":"","ast-hfb-above-header-display":"","ast-hfb-below-header-display":"","ast-hfb-mobile-header-display":"","site-post-title":"","ast-breadcrumbs-content":"","ast-featured-img":"","footer-sml-layout":"","theme-transparent-header-meta":"","adv-header-id-meta":"","stick-header-meta":"","header-above-stick-meta":"","header-main-stick-meta":"","header-below-stick-meta":"","astra-migrate-meta-layouts":"default","ast-page-background-enabled":"default","ast-page-background-meta":{"desktop":{"background-color":"var(--ast-global-color-4)","background-image":"","background-repeat":"repeat","background-position":"center center","background-size":"auto","background-attachment":"scroll","background-type":"","background-media":"","overlay-type":"","overlay-color":"","overlay-opacity":"","overlay-gradient":""},"tablet":{"background-color":"","background-image":"","background-repeat":"repeat","background-position":"center center","background-size":"auto","background-attachment":"scroll","background-type":"","background-media":"","overlay-type":"","overlay-color":"","overlay-opacity":"","overlay-gradient":""},"mobile":{"background-color":"","background-image":"","background-repeat":"repeat","background-position":"center center","background-size":"auto","background-attachment":"scroll","background-type":"","background-media":"","overlay-type":"","overlay-color":"","overlay-opacity":"","overlay-gradient":""}},"ast-content-background-meta":{"desktop":{"background-color":"var(--ast-global-color-5)","background-image":"","background-repeat":"repeat","background-position":"center center","background-size":"auto","background-attachment":"scroll","background-type":"","background-media":"","overlay-type":"","overlay-color":"","overlay-opacity":"","overlay-gradient":""},"tablet":{"background-color":"var(--ast-global-color-5)","background-image":"","background-repeat":"repeat","background-position":"center center","background-size":"auto","background-attachment":"scroll","background-type":"","background-media":"","overlay-type":"","overlay-color":"","overlay-opacity":"","overlay-gradient":""},"mobile":{"background-color":"var(--ast-global-color-5)","background-image":"","background-repeat":"repeat","background-position":"center center","background-size":"auto","background-attachment":"scroll","background-type":"","background-media":"","overlay-type":"","overlay-color":"","overlay-opacity":"","overlay-gradient":""}},"footnotes":""},"categories":[1],"tags":[],"class_list":["post-14534","post","type-post","status-publish","format-standard","hentry","category-sem-categoria"],"_links":{"self":[{"href":"https:\/\/jornalregionalms.com.br\/index.php?rest_route=\/wp\/v2\/posts\/14534","targetHints":{"allow":["GET"]}}],"collection":[{"href":"https:\/\/jornalregionalms.com.br\/index.php?rest_route=\/wp\/v2\/posts"}],"about":[{"href":"https:\/\/jornalregionalms.com.br\/index.php?rest_route=\/wp\/v2\/types\/post"}],"author":[{"embeddable":true,"href":"https:\/\/jornalregionalms.com.br\/index.php?rest_route=\/wp\/v2\/users\/32"}],"replies":[{"embeddable":true,"href":"https:\/\/jornalregionalms.com.br\/index.php?rest_route=%2Fwp%2Fv2%2Fcomments&post=14534"}],"version-history":[{"count":0,"href":"https:\/\/jornalregionalms.com.br\/index.php?rest_route=\/wp\/v2\/posts\/14534\/revisions"}],"wp:attachment":[{"href":"https:\/\/jornalregionalms.com.br\/index.php?rest_route=%2Fwp%2Fv2%2Fmedia&parent=14534"}],"wp:term":[{"taxonomy":"category","embeddable":true,"href":"https:\/\/jornalregionalms.com.br\/index.php?rest_route=%2Fwp%2Fv2%2Fcategories&post=14534"},{"taxonomy":"post_tag","embeddable":true,"href":"https:\/\/jornalregionalms.com.br\/index.php?rest_route=%2Fwp%2Fv2%2Ftags&post=14534"}],"curies":[{"name":"wp","href":"https:\/\/api.w.org\/{rel}","templated":true}]}}