{"id":14200,"date":"2026-03-24T11:33:55","date_gmt":"2026-03-24T15:33:55","guid":{"rendered":"https:\/\/jornalregionalms.com.br\/?p=14200"},"modified":"2026-03-24T11:33:55","modified_gmt":"2026-03-24T15:33:55","slug":"brasil-atinge-meta-com-66-das-criancas-alfabetizadas-em-idade-certa","status":"publish","type":"post","link":"https:\/\/jornalregionalms.com.br\/?p=14200","title":{"rendered":"Brasil atinge meta com 66% das crian\u00e7as alfabetizadas em idade certa"},"content":{"rendered":"<\/p>\n<p><a class=\"\" href=\"https:\/\/agenciabrasil.ebc.com.br\/educacao\/noticia\/2026-03\/brasil-atinge-meta-com-66-das-criancas-alfabetizadas-em-idade-certa\"><br \/>\n                    <img decoding=\"async\" src=\"https:\/\/cdn.jsdelivr.net\/gh\/sergiosdlima\/assets-ebc@1.0.0\/abr\/assets\/images\/logo-agenciabrasil.svg\" alt=\"Logo Ag\u00eancia Brasil\"><br \/>\n\t\t\t\t<\/a><\/p>\n<p>O Brasil superou a meta de crian\u00e7as alfabetizadas na idade certa ao alcan\u00e7ar,\u00a0em 2025,\u00a066% dos estudantes aptos a ler e escrever ao final do segundo ano do ensino fundamental. O an\u00fancio foi feito nesta segunda-feira (23), em Bras\u00edlia, pelo presidente Luiz In\u00e1cio Lula da Silva e pelo ministro da Educa\u00e7\u00e3o, Camilo Santana.<img decoding=\"async\" src=\"https:\/\/agenciabrasil.ebc.com.br\/ebc.png?id=1683221&#038;o=rss\"><img decoding=\"async\" src=\"https:\/\/agenciabrasil.ebc.com.br\/ebc.gif?id=1683221&#038;o=rss\"><\/p>\n<p><strong>O percentual significa que duas a cada tr\u00eas crian\u00e7as brasileiras que conclu\u00edram essa etapa de ensino no ano passado\u00a0estavam alfabetizadas<\/strong>. A meta estipulada inicialmente pelo Compromisso Nacional Crian\u00e7a Alfabetizada era de alcan\u00e7ar 64% em 2025.\u00a0<\/p>\n<blockquote>\n<h3>Not\u00edcias relacionadas:<\/h3>\n<ul>\n<li><a href=\"https:\/\/agenciabrasil.ebc.com.br\/direitos-humanos\/noticia\/2026-03\/edital-apoiara-protecao-de-criancas-e-adolescentes-na-internet\">Edital apoiar\u00e1 prote\u00e7\u00e3o de crian\u00e7as e adolescentes na internet.<\/a><\/li>\n<li><a href=\"https:\/\/agenciabrasil.ebc.com.br\/educacao\/noticia\/2026-02\/encontro-debate-rede-latino-americana-por-alfabetizacao-na-idade-certa\">Encontro debate rede latino-americana por alfabetiza\u00e7\u00e3o na idade certa.<\/a><\/li>\n<li><a href=\"https:\/\/agenciabrasil.ebc.com.br\/educacao\/noticia\/2026-02\/selo-nacional-compromisso-com-alfabetizacao-tem-resultado-divulgado\">Selo Nacional Compromisso com a Alfabetiza\u00e7\u00e3o tem resultado divulgado.<\/a><\/li>\n<\/ul>\n<p>\u201cN\u00f3s resolvemos fazer esse pacto pela alfabetiza\u00e7\u00e3o na idade certa para chegarmos a 2030 com 80% das crian\u00e7as alfabetizadas no segundo ano. Parecia uma meta imposs\u00edvel. Veja que, com apenas dois anos, n\u00f3s chegamos a 66%\u201d, afirmou o presidente.\u00a0\n<\/p><\/blockquote>\n<p>Lula disse que espera\u00a0que a quantidade de crian\u00e7as\u00a0alfabetizadas chegue a 70% no ano que vem.<\/p>\n<p>\u201cIsso \u00e9 maravilhoso, porque \u00e9 o mais importante legado que um pa\u00eds pode dar ao seu povo: a boa forma\u00e7\u00e3o educacional. N\u00e3o existe exemplo de nenhum pa\u00eds do mundo que tenha se desenvolvido e que o povo tenha alcan\u00e7ado um padr\u00e3o de vida digno e respeitoso\u00a0sem que antes se pudesse investir na educa\u00e7\u00e3o\u201d.\u00a0<\/p>\n<p>Lula e Camilo Santana anunciaram o resultado em solenidade de premia\u00e7\u00e3o da 2\u00aa edi\u00e7\u00e3o do <a href=\"https:\/\/agenciabrasil.ebc.com.br\/educacao\/noticia\/2026-02\/selo-nacional-compromisso-com-alfabetizacao-tem-resultado-divulgado\" target=\"_blank\">Selo Nacional Compromisso com a Alfabetiza\u00e7\u00e3o (Selo Alfabetiza\u00e7\u00e3o)<\/a>. O reconhecimento foi entregue a 4.710 munic\u00edpios e a 18 estados, contemplados nas categorias ouro, prata e bronze.\u00a0<\/p>\n<p>Foram condecorados 11 estados e 2.274 munic\u00edpios no selo ouro, enquanto seis estados e 1.890 munic\u00edpios ficaram no selo prata. O selo bronze foi para um estado e 546 munic\u00edpios.\u00a0<\/p>\n<p><a href=\"https:\/\/whatsapp.com\/channel\/0029VaoRTgrInlqYLSk59B2M\" target=\"_blank\">>> Siga o canal da <strong>Ag\u00eancia Brasil <\/strong>no WhatsApp<\/a><\/p>\n<p>O selo busca reconhecer os esfor\u00e7os e as iniciativas de gest\u00e3o das secretarias de educa\u00e7\u00e3o dos estados, do Distrito Federal e dos munic\u00edpios na formula\u00e7\u00e3o e implementa\u00e7\u00e3o de pol\u00edticas p\u00fablicas.\u00a0<\/p>\n<p><strong>Confira mais informa\u00e7\u00f5es sobre o assunto no Rep\u00f3rter Brasil, da TV Brasil<\/strong><\/p>\n<p><iframe allow=\"accelerometer; autoplay; clipboard-write; encrypted-media; gyroscope; picture-in-picture; web-share\" allowfullscreen=\"\" frameborder=\"0\" height=\"315\" referrerpolicy=\"strict-origin-when-cross-origin\" src=\"https:\/\/www.youtube.com\/embed\/Io9LTsc01Fc?si=I4qUBS2ZYD4jkC1Y&#038;start=1730\" title=\"YouTube video player\" width=\"560\" sandbox=\"allow-scripts allow-same-origin\"><\/iframe><\/p>\n<h2>Supera\u00e7\u00e3o de desafios<\/h2>\n<p>O ministro da Educa\u00e7\u00e3o, Camilo Santana, tamb\u00e9m celebrou o resultado e disse que o objetivo do pa\u00eds \u00e9 que 100% das crian\u00e7as brasileiras estejam alfabetizadas ao final do segundo ano do ensino fundamental, conforme previsto na Meta 5 do Plano Nacional de Educa\u00e7\u00e3o.\u00a0<\/p>\n<p><strong>O compromisso, segundo o ministro, tamb\u00e9m busca garantir a recomposi\u00e7\u00e3o das aprendizagens das crian\u00e7as matriculadas no terceiro,\u00a0no quarto e no quinto ano do ensino fundamental, tendo em vista o impacto da pandemia da Covid-19 para esse p\u00fablico.\u00a0<\/strong><\/p>\n<p>\u00a0<\/p>\n<div class=\"dnd-widget-wrapper context-cheio_8colunas type-image\">\n<div class=\"dnd-atom-rendered\"><!-- scald=457226:cheio_8colunas --><br \/>\n            <img decoding=\"async\" src=\"https:\/\/agenciabrasil.ebc.com.br\/sites\/default\/files\/thumbnails\/image\/loading_v2.gif\" data-echo=\"https:\/\/imagens.ebc.com.br\/Yn3CJYI1pMUrhCbc_UlncgxfCEk=\/754x0\/smart\/https:\/\/agenciabrasil.ebc.com.br\/sites\/default\/files\/thumbnails\/image\/2026\/03\/23\/0d7a9619.jpg.jpeg?itok=KKEMCuG6\" alt=\"Bras\u00edlia (DF), 23\/03\/2026 - O presidente da Rep\u00fablica, Luiz In\u00e1cio Lula da Silva, participa da cerim\u00f4nia de premia\u00e7\u00e3o da 2\u00aa edi\u00e7\u00e3o do Selo Nacional Compromisso com a Alfabetiza\u00e7\u00e3o. Foto: Valter Campanato\/Ag\u00eancia Brasil\" title=\"Valter Campanato\/Ag\u00eancia Brasil\"><br \/>\n        <noscript><img decoding=\"async\" src=\"https:\/\/imagens.ebc.com.br\/Yn3CJYI1pMUrhCbc_UlncgxfCEk=\/754x0\/smart\/https:\/\/agenciabrasil.ebc.com.br\/sites\/default\/files\/thumbnails\/image\/2026\/03\/23\/0d7a9619.jpg.jpeg?itok=KKEMCuG6\" alt=\"Bras\u00edlia (DF), 23\/03\/2026 - O presidente da Rep\u00fablica, Luiz In\u00e1cio Lula da Silva, participa da cerim\u00f4nia de premia\u00e7\u00e3o da 2\u00aa edi\u00e7\u00e3o do Selo Nacional Compromisso com a Alfabetiza\u00e7\u00e3o. Foto: Valter Campanato\/Ag\u00eancia Brasil\" title=\"Valter Campanato\/Ag\u00eancia Brasil\"><\/noscript><br \/>\n    <!-- END scald=457226 --><\/div>\n<div class=\"dnd-caption-wrapper\">\n<h6 class=\"meta\">O presidente da Rep\u00fablica, Luiz In\u00e1cio Lula da Silva, participa da cerim\u00f4nia de premia\u00e7\u00e3o da 2\u00aa edi\u00e7\u00e3o do Selo Nacional Compromisso com a Alfabetiza\u00e7\u00e3o. Foto: Valter Campanato\/Ag\u00eancia Brasil<!--END copyright=457226--><\/h6>\n<\/div>\n<\/div>\n<p>\u201cEsse compromisso da crian\u00e7a alfabetizada n\u00e3o prop\u00f5e uma resposta \u00fanica ou centralizada para todo o pa\u00eds. Cada estado, em colabora\u00e7\u00e3o com seus munic\u00edpios, faz a pol\u00edtica de alfabetiza\u00e7\u00e3o do territ\u00f3rio de acordo com as suas especificidades\u201d, explicou.\u00a0<\/p>\n<p>Al\u00e9m da melhora no \u00edndice de alfabetiza\u00e7\u00e3o, o ministro lembrou que, nos \u00faltimos tr\u00eas anos, a evas\u00e3o escolar diminuiu pela metade, e as matr\u00edculas em educa\u00e7\u00e3o integral passaram de 15% para 25,7%.<\/p>\n","protected":false},"excerpt":{"rendered":"<p>O Brasil superou a meta de crian\u00e7as alfabetizadas na idade certa ao alcan\u00e7ar,\u00a0em 2025,\u00a066% dos estudantes aptos a ler e escrever ao final do segundo ano do ensino fundamental. O an\u00fancio foi feito nesta segunda-feira (23), em Bras\u00edlia, pelo presidente Luiz In\u00e1cio Lula da Silva e pelo ministro da Educa\u00e7\u00e3o, Camilo Santana. O percentual significa [&hellip;]<\/p>\n","protected":false},"author":74,"featured_media":0,"comment_status":"open","ping_status":"open","sticky":false,"template":"","format":"standard","meta":{"site-sidebar-layout":"default","site-content-layout":"","ast-site-content-layout":"","site-content-style":"default","site-sidebar-style":"default","ast-global-header-display":"","ast-banner-title-visibility":"","ast-main-header-display":"","ast-hfb-above-header-display":"","ast-hfb-below-header-display":"","ast-hfb-mobile-header-display":"","site-post-title":"","ast-breadcrumbs-content":"","ast-featured-img":"","footer-sml-layout":"","theme-transparent-header-meta":"","adv-header-id-meta":"","stick-header-meta":"","header-above-stick-meta":"","header-main-stick-meta":"","header-below-stick-meta":"","astra-migrate-meta-layouts":"default","ast-page-background-enabled":"default","ast-page-background-meta":{"desktop":{"background-color":"var(--ast-global-color-4)","background-image":"","background-repeat":"repeat","background-position":"center center","background-size":"auto","background-attachment":"scroll","background-type":"","background-media":"","overlay-type":"","overlay-color":"","overlay-opacity":"","overlay-gradient":""},"tablet":{"background-color":"","background-image":"","background-repeat":"repeat","background-position":"center center","background-size":"auto","background-attachment":"scroll","background-type":"","background-media":"","overlay-type":"","overlay-color":"","overlay-opacity":"","overlay-gradient":""},"mobile":{"background-color":"","background-image":"","background-repeat":"repeat","background-position":"center center","background-size":"auto","background-attachment":"scroll","background-type":"","background-media":"","overlay-type":"","overlay-color":"","overlay-opacity":"","overlay-gradient":""}},"ast-content-background-meta":{"desktop":{"background-color":"var(--ast-global-color-5)","background-image":"","background-repeat":"repeat","background-position":"center center","background-size":"auto","background-attachment":"scroll","background-type":"","background-media":"","overlay-type":"","overlay-color":"","overlay-opacity":"","overlay-gradient":""},"tablet":{"background-color":"var(--ast-global-color-5)","background-image":"","background-repeat":"repeat","background-position":"center center","background-size":"auto","background-attachment":"scroll","background-type":"","background-media":"","overlay-type":"","overlay-color":"","overlay-opacity":"","overlay-gradient":""},"mobile":{"background-color":"var(--ast-global-color-5)","background-image":"","background-repeat":"repeat","background-position":"center center","background-size":"auto","background-attachment":"scroll","background-type":"","background-media":"","overlay-type":"","overlay-color":"","overlay-opacity":"","overlay-gradient":""}},"footnotes":""},"categories":[123],"tags":[],"class_list":["post-14200","post","type-post","status-publish","format-standard","hentry","category-politica"],"_links":{"self":[{"href":"https:\/\/jornalregionalms.com.br\/index.php?rest_route=\/wp\/v2\/posts\/14200","targetHints":{"allow":["GET"]}}],"collection":[{"href":"https:\/\/jornalregionalms.com.br\/index.php?rest_route=\/wp\/v2\/posts"}],"about":[{"href":"https:\/\/jornalregionalms.com.br\/index.php?rest_route=\/wp\/v2\/types\/post"}],"author":[{"embeddable":true,"href":"https:\/\/jornalregionalms.com.br\/index.php?rest_route=\/wp\/v2\/users\/74"}],"replies":[{"embeddable":true,"href":"https:\/\/jornalregionalms.com.br\/index.php?rest_route=%2Fwp%2Fv2%2Fcomments&post=14200"}],"version-history":[{"count":0,"href":"https:\/\/jornalregionalms.com.br\/index.php?rest_route=\/wp\/v2\/posts\/14200\/revisions"}],"wp:attachment":[{"href":"https:\/\/jornalregionalms.com.br\/index.php?rest_route=%2Fwp%2Fv2%2Fmedia&parent=14200"}],"wp:term":[{"taxonomy":"category","embeddable":true,"href":"https:\/\/jornalregionalms.com.br\/index.php?rest_route=%2Fwp%2Fv2%2Fcategories&post=14200"},{"taxonomy":"post_tag","embeddable":true,"href":"https:\/\/jornalregionalms.com.br\/index.php?rest_route=%2Fwp%2Fv2%2Ftags&post=14200"}],"curies":[{"name":"wp","href":"https:\/\/api.w.org\/{rel}","templated":true}]}}