{"id":14198,"date":"2026-03-24T11:33:50","date_gmt":"2026-03-24T15:33:50","guid":{"rendered":"https:\/\/jornalregionalms.com.br\/?p=14198"},"modified":"2026-03-24T11:33:50","modified_gmt":"2026-03-24T15:33:50","slug":"ata-do-copom-bc-nao-indica-mais-cortes-na-taxa-de-juros","status":"publish","type":"post","link":"https:\/\/jornalregionalms.com.br\/?p=14198","title":{"rendered":"Ata do Copom: BC n\u00e3o indica mais cortes na taxa de juros"},"content":{"rendered":"<\/p>\n<p><a class=\"\" href=\"https:\/\/agenciabrasil.ebc.com.br\/economia\/noticia\/2026-03\/ata-do-copom-bc-nao-indica-mais-cortes-na-taxa-de-juros\"><br \/>\n                    <img decoding=\"async\" src=\"https:\/\/cdn.jsdelivr.net\/gh\/sergiosdlima\/assets-ebc@1.0.0\/abr\/assets\/images\/logo-agenciabrasil.svg\" alt=\"Logo Ag\u00eancia Brasil\"><br \/>\n\t\t\t\t<\/a><\/p>\n<p>O Banco Central (BC) n\u00e3o indicou um novo corte na taxa Selic, os juros b\u00e1sicos da economia. Em meio \u00e0s tens\u00f5es em torno da guerra no Oriente M\u00e9dio, o Comit\u00ea de Pol\u00edtica Monet\u00e1ria (Copom) do BC afirmou que a magnitude e o \u201cciclo de calibra\u00e7\u00e3o\u201d (para cima ou para baixo) da Selic ser\u00e3o determinados \u201cao longo do tempo\u201d, \u00e0 medida que novas informa\u00e7\u00f5es forem incorporadas \u00e0s an\u00e1lises.<img decoding=\"async\" src=\"https:\/\/agenciabrasil.ebc.com.br\/ebc.png?id=1683284&#038;o=rss\"><img decoding=\"async\" src=\"https:\/\/agenciabrasil.ebc.com.br\/ebc.gif?id=1683284&#038;o=rss\"><\/p>\n<p><strong>As informa\u00e7\u00f5es est\u00e3o na ata da reuni\u00e3o do Copom da semana passada, divulgada nesta ter\u00e7a-feira (24). Na ocasi\u00e3o, o colegiado <a href=\"https:\/\/agenciabrasil.ebc.com.br\/economia\/noticia\/2026-03\/bc-reduz-juros-basicos-para-1475-ao-ano\" target=\"_blank\">reduziu os juros<\/a> em de 0,25 ponto percentual, para 14,75% ao ano.<\/strong><\/p>\n<blockquote>\n<h3>Not\u00edcias relacionadas:<\/h3>\n<ul>\n<li><a href=\"https:\/\/agenciabrasil.ebc.com.br\/economia\/noticia\/2026-03\/copom-se-reune-nesta-quarta-com-petroleo-sob-pressao-da-guerra\">Copom se re\u00fane nesta quarta com petr\u00f3leo sob press\u00e3o da guerra.<\/a><\/li>\n<li><a href=\"https:\/\/agenciabrasil.ebc.com.br\/economia\/noticia\/2026-02\/banco-central-tem-prejuizo-de-r-11997-bilhoes-em-2025\">Banco Central tem preju\u00edzo de R$ 119,97 bilh\u00f5es em 2025.<\/a><\/li>\n<\/ul>\n<p>\u201cEssa decis\u00e3o \u00e9 compat\u00edvel com o cen\u00e1rio atual, no qual a dura\u00e7\u00e3o e extens\u00e3o dos conflitos geopol\u00edticos, assim como sinais mistos sobre o ritmo de desacelera\u00e7\u00e3o da atividade econ\u00f4mica e seus efeitos sobre o n\u00edvel de pre\u00e7os, dificultam a identifica\u00e7\u00e3o de tend\u00eancias claras\u201d, diz a ata.\n<\/p><\/blockquote>\n<p><strong>Antes da escalada do conflito no Ir\u00e3, a expectativa predominante era de um corte de 0,5 ponto percentual na taxa. Para o Copom, a atual conjuntura exige \u201cperseveran\u00e7a, firmeza e serenidade\u201d na condu\u00e7\u00e3o da pol\u00edtica monet\u00e1ria e uma restri\u00e7\u00e3o maior e por mais tempo do que seria apropriado antes.<\/strong><\/p>\n<p>\u201cAs expectativas de infla\u00e7\u00e3o, medidas por diferentes instrumentos e obtidas de diferentes grupos de agentes, que seguiam em trajet\u00f3ria de decl\u00ednio, subiram ap\u00f3s o in\u00edcio dos conflitos no Oriente M\u00e9dio, permanecendo acima da meta de infla\u00e7\u00e3o em todos os horizontes. Foi ressaltado que o custo de desinfla\u00e7\u00e3o sobre o n\u00edvel de atividade ao longo do tempo \u00e9 maior em ambientes com expectativas desancoradas\u201d, explicou o BC.<\/p>\n<p><strong>\u201cNo cen\u00e1rio atual, caracterizado por forte aumento da incerteza, o Comit\u00ea reafirma serenidade e cautela na condu\u00e7\u00e3o da pol\u00edtica monet\u00e1ria<\/strong>, de forma que os passos futuros do processo de calibra\u00e7\u00e3o da taxa b\u00e1sica de juros possam incorporar novas informa\u00e7\u00f5es que aumentem a clareza sobre a profundidade e a extens\u00e3o dos conflitos no Oriente M\u00e9dio, assim como seus efeitos diretos e indiretos sobre o n\u00edvel de pre\u00e7os ao longo do tempo [principalmente de commodities, como o petr\u00f3leo]\u201d, diz a ata.<\/p>\n<p><a href=\"https:\/\/whatsapp.com\/channel\/0029VaoRTgrInlqYLSk59B2M\" target=\"_blank\">>> Siga o canal da <strong>Ag\u00eancia Brasil <\/strong>no WhatsApp<\/a><\/p>\n<p>A taxa b\u00e1sica de juros serve de refer\u00eancia para as demais taxas da economia e \u00e9 o principal instrumento do Banco Central para manter a infla\u00e7\u00e3o sob controle.<\/p>\n<p>Definida pelo Conselho Monet\u00e1rio Nacional (CMN), a meta de infla\u00e7\u00e3o \u00e9 de 3%, com intervalo de toler\u00e2ncia de 1,5 ponto percentual para cima ou para baixo. Ou seja, o limite inferior \u00e9 1,5%, e o superior, 4,5%. Para este ano, a previs\u00e3o do mercado financeiro para o <a href=\"https:\/\/agenciabrasil.ebc.com.br\/economia\/noticia\/2026-03\/mercado-eleva-previsao-da-inflacao-para-417-este-ano\" target=\"_blank\">\u00cdndice Nacional de Pre\u00e7os ao Consumidor Amplo<\/a> (IPCA) &#8211; refer\u00eancia oficial da infla\u00e7\u00e3o no pa\u00eds \u2013 subiu para 4,17%, de acordo com o \u00faltimo boletim do BC.<\/p>\n<p><strong>Os analistas tamb\u00e9m estimam que a Selic termine 2026 em 12,5% ao ano.<\/strong><\/p>\n<p>Desde junho do ano passado, a Selic estava em 15% ao ano. A \u00faltima vez em que o Copom reduziu\u00a0os juros foi\u00a0em maio de 2024, quando a Selic passou de 10,75% para 10,5% ao ano. Em setembro do mesmo ano, a taxa come\u00e7ou a ser elevada, at\u00e9 chegar aos 15% ao ano.<\/p>\n<h2>Cen\u00e1rios<\/h2>\n<p>De acordo com ata divulgada hoje, at\u00e9 o in\u00edcio dos conflitos, as leituras indicavam algum arrefecimento da infla\u00e7\u00e3o e\u00a0crescimento econ\u00f4mico compat\u00edvel\u00a0com a pol\u00edtica monet\u00e1ria em curso. Por isso, na reuni\u00e3o de janeiro, o Copom julgou adequado sinalizar o in\u00edcio de um ciclo de calibra\u00e7\u00e3o da taxa b\u00e1sica de juros, ainda que mantendo seu <a href=\"https:\/\/agenciabrasil.ebc.com.br\/economia\/noticia\/2026-02\/bc-confirma-corte-da-selic-em-marco-mas-mantera-juros-restritivos\" target=\"_blank\">car\u00e1ter restritivo<\/a>.<\/p>\n<p>Mas a incerteza com rela\u00e7\u00e3o ao cen\u00e1rio externo se elevou consideravelmente, avaliou o colegiado.<\/p>\n<blockquote>\n<p>&#8220;Al\u00e9m do agravamento das tens\u00f5es geopol\u00edticas, novas incertezas com rela\u00e7\u00e3o \u00e0 pol\u00edtica econ\u00f4mica dos Estados Unidos colaboraram para tornar esse cen\u00e1rio ainda mais incerto\u201d, diz a ata.<\/p>\n<\/blockquote>\n<p><strong>Sobre o ambiente dom\u00e9stico, o Copom reafirma que a sa\u00fade das contas p\u00fablicas tamb\u00e9m \u00e9 fator determinante para o sucesso do controle da infla\u00e7\u00e3o<\/strong>. Segundo o BC, a pol\u00edtica fiscal n\u00e3o apenas estimula a demanda no curto prazo, mas molda a confian\u00e7a dos investidores na sustentabilidade da d\u00edvida brasileira.<\/p>\n<p>O Copom enfatizou que uma pol\u00edtica fiscal contrac\u00edclica \u2014 aquela que ajuda a equilibrar a economia em momentos de euforia ou retra\u00e7\u00e3o \u2014 \u00e9 essencial para reduzir o &#8220;pr\u00eamio de risco&#8221;. Quando o mercado percebe incerteza sobre o pagamento da d\u00edvida p\u00fablica, exige juros mais altos para emprestar dinheiro ao pa\u00eds.<\/p>\n<p>\u201cO esmorecimento no esfor\u00e7o de reformas estruturais e disciplina fiscal, o aumento de cr\u00e9dito direcionado e as incertezas sobre a estabiliza\u00e7\u00e3o da d\u00edvida p\u00fablica t\u00eam o potencial de elevar a taxa de juros neutra da economia, com impactos delet\u00e9rios sobre a pot\u00eancia da pol\u00edtica monet\u00e1ria e, consequentemente, sobre o custo de desinfla\u00e7\u00e3o em termos de atividade\u201d, explicou.<\/p>\n","protected":false},"excerpt":{"rendered":"<p>O Banco Central (BC) n\u00e3o indicou um novo corte na taxa Selic, os juros b\u00e1sicos da economia. Em meio \u00e0s tens\u00f5es em torno da guerra no Oriente M\u00e9dio, o Comit\u00ea de Pol\u00edtica Monet\u00e1ria (Copom) do BC afirmou que a magnitude e o \u201cciclo de calibra\u00e7\u00e3o\u201d (para cima ou para baixo) da Selic ser\u00e3o determinados \u201cao [&hellip;]<\/p>\n","protected":false},"author":91,"featured_media":0,"comment_status":"open","ping_status":"open","sticky":false,"template":"","format":"standard","meta":{"site-sidebar-layout":"default","site-content-layout":"","ast-site-content-layout":"","site-content-style":"default","site-sidebar-style":"default","ast-global-header-display":"","ast-banner-title-visibility":"","ast-main-header-display":"","ast-hfb-above-header-display":"","ast-hfb-below-header-display":"","ast-hfb-mobile-header-display":"","site-post-title":"","ast-breadcrumbs-content":"","ast-featured-img":"","footer-sml-layout":"","theme-transparent-header-meta":"","adv-header-id-meta":"","stick-header-meta":"","header-above-stick-meta":"","header-main-stick-meta":"","header-below-stick-meta":"","astra-migrate-meta-layouts":"default","ast-page-background-enabled":"default","ast-page-background-meta":{"desktop":{"background-color":"var(--ast-global-color-4)","background-image":"","background-repeat":"repeat","background-position":"center center","background-size":"auto","background-attachment":"scroll","background-type":"","background-media":"","overlay-type":"","overlay-color":"","overlay-opacity":"","overlay-gradient":""},"tablet":{"background-color":"","background-image":"","background-repeat":"repeat","background-position":"center center","background-size":"auto","background-attachment":"scroll","background-type":"","background-media":"","overlay-type":"","overlay-color":"","overlay-opacity":"","overlay-gradient":""},"mobile":{"background-color":"","background-image":"","background-repeat":"repeat","background-position":"center center","background-size":"auto","background-attachment":"scroll","background-type":"","background-media":"","overlay-type":"","overlay-color":"","overlay-opacity":"","overlay-gradient":""}},"ast-content-background-meta":{"desktop":{"background-color":"var(--ast-global-color-5)","background-image":"","background-repeat":"repeat","background-position":"center center","background-size":"auto","background-attachment":"scroll","background-type":"","background-media":"","overlay-type":"","overlay-color":"","overlay-opacity":"","overlay-gradient":""},"tablet":{"background-color":"var(--ast-global-color-5)","background-image":"","background-repeat":"repeat","background-position":"center center","background-size":"auto","background-attachment":"scroll","background-type":"","background-media":"","overlay-type":"","overlay-color":"","overlay-opacity":"","overlay-gradient":""},"mobile":{"background-color":"var(--ast-global-color-5)","background-image":"","background-repeat":"repeat","background-position":"center center","background-size":"auto","background-attachment":"scroll","background-type":"","background-media":"","overlay-type":"","overlay-color":"","overlay-opacity":"","overlay-gradient":""}},"footnotes":""},"categories":[126],"tags":[],"class_list":["post-14198","post","type-post","status-publish","format-standard","hentry","category-policial"],"_links":{"self":[{"href":"https:\/\/jornalregionalms.com.br\/index.php?rest_route=\/wp\/v2\/posts\/14198","targetHints":{"allow":["GET"]}}],"collection":[{"href":"https:\/\/jornalregionalms.com.br\/index.php?rest_route=\/wp\/v2\/posts"}],"about":[{"href":"https:\/\/jornalregionalms.com.br\/index.php?rest_route=\/wp\/v2\/types\/post"}],"author":[{"embeddable":true,"href":"https:\/\/jornalregionalms.com.br\/index.php?rest_route=\/wp\/v2\/users\/91"}],"replies":[{"embeddable":true,"href":"https:\/\/jornalregionalms.com.br\/index.php?rest_route=%2Fwp%2Fv2%2Fcomments&post=14198"}],"version-history":[{"count":0,"href":"https:\/\/jornalregionalms.com.br\/index.php?rest_route=\/wp\/v2\/posts\/14198\/revisions"}],"wp:attachment":[{"href":"https:\/\/jornalregionalms.com.br\/index.php?rest_route=%2Fwp%2Fv2%2Fmedia&parent=14198"}],"wp:term":[{"taxonomy":"category","embeddable":true,"href":"https:\/\/jornalregionalms.com.br\/index.php?rest_route=%2Fwp%2Fv2%2Fcategories&post=14198"},{"taxonomy":"post_tag","embeddable":true,"href":"https:\/\/jornalregionalms.com.br\/index.php?rest_route=%2Fwp%2Fv2%2Ftags&post=14198"}],"curies":[{"name":"wp","href":"https:\/\/api.w.org\/{rel}","templated":true}]}}