{"id":14190,"date":"2026-03-23T23:29:27","date_gmt":"2026-03-24T03:29:27","guid":{"rendered":"https:\/\/jornalregionalms.com.br\/?p=14190"},"modified":"2026-03-23T23:29:27","modified_gmt":"2026-03-24T03:29:27","slug":"pgr-da-parecer-favoravel-a-prisao-domiciliar-de-bolsonaro","status":"publish","type":"post","link":"https:\/\/jornalregionalms.com.br\/?p=14190","title":{"rendered":"PGR d\u00e1 parecer favor\u00e1vel \u00e0 pris\u00e3o domiciliar de Bolsonaro"},"content":{"rendered":"<\/p>\n<p><a class=\"\" href=\"https:\/\/agenciabrasil.ebc.com.br\/politica\/noticia\/2026-03\/pgr-da-parecer-favoravel-prisao-domiciliar-humanitaria-de-bolsonaro\"><br \/>\n                    <img decoding=\"async\" src=\"https:\/\/cdn.jsdelivr.net\/gh\/sergiosdlima\/assets-ebc@1.0.0\/abr\/assets\/images\/logo-agenciabrasil.svg\" alt=\"Logo Ag\u00eancia Brasil\"><br \/>\n\t\t\t\t<\/a><\/p>\n<p><strong>O <a href=\"https:\/\/www.mpf.mp.br\/o-mpf\/unidades\/procuradoria-geral-da-republica-pgr\" target=\"_blank\">procurador-geral da Rep\u00fablica<\/a>, Paulo Gonet, enviou ao Supremo Tribunal Federal (STF), nesta segunda-feira (23), parecer favor\u00e1vel \u00e0 pris\u00e3o domiciliar humanit\u00e1ria\u00a0do ex-presidente Jair Bolsonaro, por motivos de sa\u00fade. <\/strong><img decoding=\"async\" src=\"https:\/\/agenciabrasil.ebc.com.br\/ebc.png?id=1683079&#038;o=rss\"><img decoding=\"async\" src=\"https:\/\/agenciabrasil.ebc.com.br\/ebc.gif?id=1683079&#038;o=rss\"><\/p>\n<p>O documento\u00a0ser\u00e1 avaliado pelo\u00a0ministro Alexandre de Moraes,\u00a0relator da execu\u00e7\u00e3o penal de Bolsonaro no STF.<\/p>\n<blockquote>\n<h3>Not\u00edcias relacionadas:<\/h3>\n<ul>\n<li><a href=\"https:\/\/agenciabrasil.ebc.com.br\/justica\/noticia\/2026-03\/moraes-pede-parecer-da-pgr-sobre-prisao-domiciliar-para-bolsonaro\">Moraes pede parecer da PGR sobre pris\u00e3o domiciliar para Bolsonaro.<\/a><\/li>\n<li><a href=\"https:\/\/agenciabrasil.ebc.com.br\/justica\/noticia\/2026-03\/medica-citou-risco-de-morte-ao-transferir-bolsonaro-para-hospital\">M\u00e9dica citou risco de morte ao transferir Bolsonaro para hospital.<\/a><\/li>\n<li><a href=\"https:\/\/agenciabrasil.ebc.com.br\/saude\/noticia\/2026-03\/bolsonaro-mantem-melhora-clinica-e-laboratorial-mas-segue-em-uti\">Bolsonaro mant\u00e9m melhora cl\u00ednica e laboratorial, mas segue em UTI.<\/a><\/li>\n<\/ul>\n<p>\u201cAo ver da Procuradoria-Geral da Rep\u00fablica, est\u00e1 positivada a necessidade da pris\u00e3o domiciliar, ensejadora dos cuidados indispens\u00e1veis ao monitoramento, em tempo integral, do estado de sa\u00fade do ex-presidente, que se acha, comprovadamente, sujeito a s\u00fabitas e imprevis\u00edveis altera\u00e7\u00f5es perniciosas de um momento para o outro\u201d, escreveu Gonet.\u00a0\n<\/p><\/blockquote>\n<p>Bolsonaro foi condenado pelo Supremo a 27 anos e tr\u00eas meses de pris\u00e3o por cinco crimes praticados contra a democracia. Ele foi considerado culpado por liderar uma organiza\u00e7\u00e3o criminosa armada que tentou um golpe de Estado.<\/p>\n<p><strong>Ou\u00e7a mais detalhes na Radioag\u00eancia Nacional:\u00a0<\/strong><\/p>\n<div class=\"dnd-widget-wrapper context-cheio_8colunas type-audio\">\n<div class=\"dnd-atom-rendered\"><!-- scald=457130:cheio_8colunas {\"additionalClasses\":\"\"} --><\/p>\n<div class=\"col-lg-12 shadow-sm sticky-element px-0 m-0 z-9\">\n<div class=\"rounded-lg\">\n<div class=\"player-wrapper bg-secondary\">\n            <audio preload=\"none\" controls class=\"rounded-lg shadow-sm\"><source src=\"https:\/\/audios.ebc.com.br\/b2\/b244981e1a1dce894dd3beb05dfd5a67.mp3\" type=\"audio\/mpeg\"><\/audio>\n        <\/div>\n<\/p><\/div>\n<\/div>\n<p><!-- END scald=457130 --><\/div>\n<\/div>\n<p><strong>Com 71 anos, o ex-presidente cumpre pena na Papudinha, como \u00e9 conhecida uma ala de celas especiais dentro do 19\u00aa Batalh\u00e3o da Pol\u00edcia Militar do Distrito Federal. Em 13 de mar\u00e7o, Bolsonaro passou mal em sua cela e foi levado \u00e0s pressas para atendimento hospitalar.\u00a0<\/strong><\/p>\n<p><a href=\"https:\/\/whatsapp.com\/channel\/0029VaoRTgrInlqYLSk59B2M\" target=\"_blank\">>> Siga o canal da <strong>Ag\u00eancia Brasil <\/strong>no WhatsApp<\/a><\/p>\n<p>Ao chegar ao hospital, Bolsonaro foi internado em Unidade de Tratamento Intensiva (UTI), com sudorese, calafrios e baixa oxigena\u00e7\u00e3o. Ele foi depois diagnosticado com <a href=\"https:\/\/agenciabrasil.ebc.com.br\/politica\/noticia\/2026-03\/bolsonaro-e-internado-em-uti-hospitalar-com-broncopneumonia-bilateral\" target=\"_blank\">broncopneumonia bacteriana bilateral <\/a>de prov\u00e1vel origem aspirativa. Ele segue internado no hospital DF Star, em Bras\u00edlia.\u00a0<\/p>\n<p>Ap\u00f3s a interna\u00e7\u00e3o, a defesa voltou a pedir a pris\u00e3o domiciliar de Bolsonaro, alegando sobretudo o risco de morte do ex-presidente por algum mal s\u00fabito, havendo a necessidade de monitoramento constante do estado de sa\u00fade.\u00a0<\/p>\n<p>Na \u00faltima sexta (20), o ministro Alexandre de Moraes\u00a0<a href=\"http:\/\/agenciabrasil.ebc.com.br\/justica\/noticia\/2026-03\/moraes-pede-parecer-da-pgr-sobre-prisao-domiciliar-para-bolsonaro\" target=\"_blank\">pediu\u00a0a manifesta\u00e7\u00e3o da PGR<\/a> sobre o novo pedido.\u00a0<\/p>\n<p><strong>Confira mais informa\u00e7\u00f5es no Rep\u00f3rter Brasil Tarde, da TV Brasil<\/strong><\/p>\n<p>\u00a0<\/p>\n<p><iframe allow=\"accelerometer; autoplay; clipboard-write; encrypted-media; gyroscope; picture-in-picture; web-share\" allowfullscreen=\"\" frameborder=\"0\" height=\"315\" referrerpolicy=\"strict-origin-when-cross-origin\" src=\"https:\/\/www.youtube.com\/embed\/L7Doetp82y4?si=QW5isJoPlvsRGbOQ&#038;start=1226\" title=\"YouTube video player\" width=\"560\" sandbox=\"allow-scripts allow-same-origin\"><\/iframe><\/p>\n","protected":false},"excerpt":{"rendered":"<p>O procurador-geral da Rep\u00fablica, Paulo Gonet, enviou ao Supremo Tribunal Federal (STF), nesta segunda-feira (23), parecer favor\u00e1vel \u00e0 pris\u00e3o domiciliar humanit\u00e1ria\u00a0do ex-presidente Jair Bolsonaro, por motivos de sa\u00fade. O documento\u00a0ser\u00e1 avaliado pelo\u00a0ministro Alexandre de Moraes,\u00a0relator da execu\u00e7\u00e3o penal de Bolsonaro no STF. Not\u00edcias relacionadas: Moraes pede parecer da PGR sobre pris\u00e3o domiciliar para Bolsonaro. M\u00e9dica [&hellip;]<\/p>\n","protected":false},"author":76,"featured_media":0,"comment_status":"open","ping_status":"open","sticky":false,"template":"","format":"standard","meta":{"site-sidebar-layout":"default","site-content-layout":"","ast-site-content-layout":"","site-content-style":"default","site-sidebar-style":"default","ast-global-header-display":"","ast-banner-title-visibility":"","ast-main-header-display":"","ast-hfb-above-header-display":"","ast-hfb-below-header-display":"","ast-hfb-mobile-header-display":"","site-post-title":"","ast-breadcrumbs-content":"","ast-featured-img":"","footer-sml-layout":"","theme-transparent-header-meta":"","adv-header-id-meta":"","stick-header-meta":"","header-above-stick-meta":"","header-main-stick-meta":"","header-below-stick-meta":"","astra-migrate-meta-layouts":"default","ast-page-background-enabled":"default","ast-page-background-meta":{"desktop":{"background-color":"var(--ast-global-color-4)","background-image":"","background-repeat":"repeat","background-position":"center center","background-size":"auto","background-attachment":"scroll","background-type":"","background-media":"","overlay-type":"","overlay-color":"","overlay-opacity":"","overlay-gradient":""},"tablet":{"background-color":"","background-image":"","background-repeat":"repeat","background-position":"center center","background-size":"auto","background-attachment":"scroll","background-type":"","background-media":"","overlay-type":"","overlay-color":"","overlay-opacity":"","overlay-gradient":""},"mobile":{"background-color":"","background-image":"","background-repeat":"repeat","background-position":"center center","background-size":"auto","background-attachment":"scroll","background-type":"","background-media":"","overlay-type":"","overlay-color":"","overlay-opacity":"","overlay-gradient":""}},"ast-content-background-meta":{"desktop":{"background-color":"var(--ast-global-color-5)","background-image":"","background-repeat":"repeat","background-position":"center center","background-size":"auto","background-attachment":"scroll","background-type":"","background-media":"","overlay-type":"","overlay-color":"","overlay-opacity":"","overlay-gradient":""},"tablet":{"background-color":"var(--ast-global-color-5)","background-image":"","background-repeat":"repeat","background-position":"center center","background-size":"auto","background-attachment":"scroll","background-type":"","background-media":"","overlay-type":"","overlay-color":"","overlay-opacity":"","overlay-gradient":""},"mobile":{"background-color":"var(--ast-global-color-5)","background-image":"","background-repeat":"repeat","background-position":"center center","background-size":"auto","background-attachment":"scroll","background-type":"","background-media":"","overlay-type":"","overlay-color":"","overlay-opacity":"","overlay-gradient":""}},"footnotes":""},"categories":[1],"tags":[],"class_list":["post-14190","post","type-post","status-publish","format-standard","hentry","category-sem-categoria"],"_links":{"self":[{"href":"https:\/\/jornalregionalms.com.br\/index.php?rest_route=\/wp\/v2\/posts\/14190","targetHints":{"allow":["GET"]}}],"collection":[{"href":"https:\/\/jornalregionalms.com.br\/index.php?rest_route=\/wp\/v2\/posts"}],"about":[{"href":"https:\/\/jornalregionalms.com.br\/index.php?rest_route=\/wp\/v2\/types\/post"}],"author":[{"embeddable":true,"href":"https:\/\/jornalregionalms.com.br\/index.php?rest_route=\/wp\/v2\/users\/76"}],"replies":[{"embeddable":true,"href":"https:\/\/jornalregionalms.com.br\/index.php?rest_route=%2Fwp%2Fv2%2Fcomments&post=14190"}],"version-history":[{"count":0,"href":"https:\/\/jornalregionalms.com.br\/index.php?rest_route=\/wp\/v2\/posts\/14190\/revisions"}],"wp:attachment":[{"href":"https:\/\/jornalregionalms.com.br\/index.php?rest_route=%2Fwp%2Fv2%2Fmedia&parent=14190"}],"wp:term":[{"taxonomy":"category","embeddable":true,"href":"https:\/\/jornalregionalms.com.br\/index.php?rest_route=%2Fwp%2Fv2%2Fcategories&post=14190"},{"taxonomy":"post_tag","embeddable":true,"href":"https:\/\/jornalregionalms.com.br\/index.php?rest_route=%2Fwp%2Fv2%2Ftags&post=14190"}],"curies":[{"name":"wp","href":"https:\/\/api.w.org\/{rel}","templated":true}]}}