{"id":14111,"date":"2026-03-20T20:30:15","date_gmt":"2026-03-21T00:30:15","guid":{"rendered":"https:\/\/jornalregionalms.com.br\/?p=14111"},"modified":"2026-03-20T20:30:15","modified_gmt":"2026-03-21T00:30:15","slug":"mendes-critica-vazamentos-e-envio-de-vorcaro-para-presidio-federal","status":"publish","type":"post","link":"https:\/\/jornalregionalms.com.br\/?p=14111","title":{"rendered":"Mendes critica vazamentos e envio de Vorcaro para pres\u00eddio federal"},"content":{"rendered":"<\/p>\n<p><a class=\"\" href=\"https:\/\/agenciabrasil.ebc.com.br\/justica\/noticia\/2026-03\/mendes-critica-vazamentos-e-envio-de-vorcaro-para-presidio-federal\"><br \/>\n                    <img decoding=\"async\" src=\"https:\/\/cdn.jsdelivr.net\/gh\/sergiosdlima\/assets-ebc@1.0.0\/abr\/assets\/images\/logo-agenciabrasil.svg\" alt=\"Logo Ag\u00eancia Brasil\"><br \/>\n\t\t\t\t<\/a><\/p>\n<p><strong>O ministro Gilmar Mendes, do Supremo Tribunal Federal (STF), criticou nesta sexta-feira (20) o envio do banqueiro Daniel Vorcaro, dono do Banco Master, para a Penitenci\u00e1ria Federal em Bras\u00edlia.<\/strong><img decoding=\"async\" src=\"https:\/\/agenciabrasil.ebc.com.br\/ebc.png?id=1682888&#038;o=rss\"><img decoding=\"async\" src=\"https:\/\/agenciabrasil.ebc.com.br\/ebc.gif?id=1682888&#038;o=rss\"><\/p>\n<p>Mendes tamb\u00e9m se manifestou contra o vazamento ilegal das conversas obtidas a partir da quebra de sigilo dos celulares de Vorcaro, apreendidos pela Policia Federal (PF).\u00a0<\/p>\n<\/p>\n<h3>Not\u00edcias relacionadas:<\/h3>\n<ul>\n<li><a href=\"https:\/\/agenciabrasil.ebc.com.br\/justica\/noticia\/2026-03\/gilmar-mendes-vota-prisao-de-vorcaro-e-mantida-por-unanimidade\">Gilmar Mendes vota; pris\u00e3o de Vorcaro \u00e9 mantida por unanimidade .<\/a><\/li>\n<li><a href=\"https:\/\/agenciabrasil.ebc.com.br\/justica\/noticia\/2026-03\/moraes-pede-parecer-da-pgr-sobre-prisao-domiciliar-para-bolsonaro\">Moraes pede parecer da PGR sobre pris\u00e3o domiciliar para Bolsonaro.<\/a><\/li>\n<li><a href=\"https:\/\/agenciabrasil.ebc.com.br\/justica\/noticia\/2026-03\/mpt-faz-acordo-com-meta-para-identificar-perfis-com-trabalho-infantil\">MPT faz acordo com Meta para identificar perfis com trabalho infantil.<\/a><\/li>\n<\/ul>\n<p>As declara\u00e7\u00f5es foram apresentadas por Mendes no momento em que ele votou pela manuten\u00e7\u00e3o da pris\u00e3o de Vorcaro, Com o voto do ministro, o placar final foi de 4 votos a 0.\u00a0<\/p>\n<p><strong>Para o ministro, o envio do banqueiro para um pres\u00eddio de seguran\u00e7a m\u00e1xima foi feito de forma ilegal. <\/strong>Ontem, <a href=\"https:\/\/agenciabrasil.ebc.com.br\/justica\/noticia\/2026-03\/vorcaro-e-transferido-para-superintendencia-da-pf-em-brasilia\" target=\"_blank\">Vorcaro foi transferido para a superintend\u00eancia da PF<\/a>.\u00a0<\/p>\n<p>&#8220;A toda evid\u00eancia, parece-me n\u00e3o ter sido devidamente caracterizada nenhuma das hip\u00f3teses da Lei 11.671\/2008 para manuten\u00e7\u00e3o do investigado Daniel Bueno Vorcaro sob cust\u00f3dia em Penitenci\u00e1ria Federal de Seguran\u00e7a M\u00e1xima \u2013 o que, em minha vis\u00e3o, resulta na ilegalidade de sua manuten\u00e7\u00e3o em tal regime carcer\u00e1rio&#8221;, afirmou.\u00a0<\/p>\n<h2>Vazamentos<\/h2>\n<p>Gilmar tamb\u00e9m criticou o vazamento de conversas \u00edntimas do banqueiro ap\u00f3s o <a href=\"https:\/\/agenciabrasil.ebc.com.br\/politica\/noticia\/2026-03\/policia-legislativa-vai-investigar-vazamento-de-dados-de-vorcaro-0\" target=\"_blank\">acesso da Comiss\u00e3o Parlamentar de Inqu\u00e9rito<\/a> (CPI) do INSS ter sido autorizado.\u00a0<\/p>\n<blockquote>\n<p>&#8220;Conversas \u00edntimas mantidas com terceiros, cujo teor n\u00e3o \u00e9 de interesse p\u00fablico algum, foram difundidas massivamente pela imprensa, dando lugar \u00e0 ampla ridiculariza\u00e7\u00e3o, achaque e objetifica\u00e7\u00e3o de pessoas que nada tinham a ver com a investiga\u00e7\u00e3o criminal e menos ainda com o objeto da citada CPMI&#8221;, comentou.\u00a0<\/p>\n<\/blockquote>\n<h2>Julgamento\u00a0<\/h2>\n<p>Na sexta-feira (13), a Segunda Turma\u00a0da Corte iniciou o julgamento virtual da decis\u00e3o do ministro Andr\u00e9 Mendon\u00e7a, que, no dia 4 deste m\u00eas\u00a0determinou a pris\u00e3o do banqueiro e mais dois aliados dele.\u00a0 No mesmo dia, foi formada maioria de <a href=\"https:\/\/agenciabrasil.ebc.com.br\/justica\/noticia\/2026-03\/supremo-tem-maioria-para-manter-prisao-preventiva-de-daniel-vorcaro\" target=\"_blank\">3 votos a 0 para manter a pris\u00e3o<\/a>.<\/p>\n<p>Mendes proferiu hoje o \u00faltimo voto do julgamento, que terminou com placar de 4 votos a 0 para <a href=\"https:\/\/agenciabrasil.ebc.com.br\/justica\/noticia\/2026-03\/gilmar-mendes-vota-prisao-de-vorcaro-e-mantida-por-unanimidade\" target=\"_blank\">manter a pris\u00e3o de Vorcaro<\/a> e mais dois aliados.<\/p>\n<h2>Dela\u00e7\u00e3o\u00a0<\/h2>\n<p>Na semana passada, ap\u00f3s o Supremo formar maioria de votos, Vorcaro decidiu mudar de advogado.\u00a0<\/p>\n<p>A banca do advogado Pierpaolo Bottini, cr\u00edtico de dela\u00e7\u00f5es, deixou o processo e foi substitu\u00edda por Jos\u00e9 Luis Oliveira, um dos criminalistas mais conhecidos do pa\u00eds.<\/p>\n<p><strong>A mudan\u00e7a sinalizou a inten\u00e7\u00e3o de Vorcaro de assinar um acordo de dela\u00e7\u00e3o premiada.\u00a0<\/strong><\/p>\n<p>Ontem, o banqueiro foi transferido da Penitenci\u00e1ria Federal em Bras\u00edlia para a carceragem da superintend\u00eancia da Pol\u00edcia Federal.<\/p>\n<p>A mudan\u00e7a do local de pris\u00e3o foi o primeiro passo das tratativas para o fechamento da colabora\u00e7\u00e3o premiada com os delegados\u00a0respons\u00e1veis pela investiga\u00e7\u00e3o e a Procuradoria-Geral da Rep\u00fablica (PGR).\u00a0<\/p>\n<h2>Mendon\u00e7a<\/h2>\n<p><strong>Gilmar tamb\u00e9m criticou parte dos argumentos do relator do caso, ministro Andr\u00e9 Mendon\u00e7a, para justificar a manuten\u00e7\u00e3o da pris\u00e3o de Vorcaro.<\/strong><\/p>\n<p>O ministro disse que h\u00e1 raz\u00f5es para que o banqueiro continue preso, mas discordou das palavras usadas por Mendon\u00e7a.<\/p>\n<p>\u201cGuardo reservas em rela\u00e7\u00e3o ao uso de conceitos el\u00e1sticos e ju\u00edzos morais, como \u2018confian\u00e7a social na Justi\u00e7a\u2019, \u2018pacifica\u00e7\u00e3o social\u2019 e \u2018resposta c\u00e9lere do sistema de Justi\u00e7a\u2019, como atalhos argumentativos para fundamentar a pris\u00e3o preventiva\u201d, escreveu Mendes.<\/p>\n<h2>Pris\u00e3o domiciliar<\/h2>\n<p>Mendes tamb\u00e9m defende que o cunhado de Vorcaro, Fabiano Zettel, que tamb\u00e9m est\u00e1 preso, passe a cumprir pris\u00e3o domiciliar ap\u00f3s a conclus\u00e3o das dilig\u00eancias investigativas. Ele \u00e9 pai de uma menor de idade, e sua esposa est\u00e1 gr\u00e1vida.<\/p>\n<p>\u201cNo que tange ao investigado Fabiano Campos Zettel, deve ser reavaliada a possibilidade de substitui\u00e7\u00e3o de sua pris\u00e3o preventiva por domiciliar, uma vez que a exist\u00eancia de filho menor de tenra idade sob os seus cuidados, bem como a imin\u00eancia do nascimento de outros filhos\u201d, afirmou.<\/p>\n","protected":false},"excerpt":{"rendered":"<p>O ministro Gilmar Mendes, do Supremo Tribunal Federal (STF), criticou nesta sexta-feira (20) o envio do banqueiro Daniel Vorcaro, dono do Banco Master, para a Penitenci\u00e1ria Federal em Bras\u00edlia. Mendes tamb\u00e9m se manifestou contra o vazamento ilegal das conversas obtidas a partir da quebra de sigilo dos celulares de Vorcaro, apreendidos pela Policia Federal (PF).\u00a0 [&hellip;]<\/p>\n","protected":false},"author":28,"featured_media":0,"comment_status":"open","ping_status":"open","sticky":false,"template":"","format":"standard","meta":{"site-sidebar-layout":"default","site-content-layout":"","ast-site-content-layout":"","site-content-style":"default","site-sidebar-style":"default","ast-global-header-display":"","ast-banner-title-visibility":"","ast-main-header-display":"","ast-hfb-above-header-display":"","ast-hfb-below-header-display":"","ast-hfb-mobile-header-display":"","site-post-title":"","ast-breadcrumbs-content":"","ast-featured-img":"","footer-sml-layout":"","theme-transparent-header-meta":"","adv-header-id-meta":"","stick-header-meta":"","header-above-stick-meta":"","header-main-stick-meta":"","header-below-stick-meta":"","astra-migrate-meta-layouts":"default","ast-page-background-enabled":"default","ast-page-background-meta":{"desktop":{"background-color":"var(--ast-global-color-4)","background-image":"","background-repeat":"repeat","background-position":"center center","background-size":"auto","background-attachment":"scroll","background-type":"","background-media":"","overlay-type":"","overlay-color":"","overlay-opacity":"","overlay-gradient":""},"tablet":{"background-color":"","background-image":"","background-repeat":"repeat","background-position":"center center","background-size":"auto","background-attachment":"scroll","background-type":"","background-media":"","overlay-type":"","overlay-color":"","overlay-opacity":"","overlay-gradient":""},"mobile":{"background-color":"","background-image":"","background-repeat":"repeat","background-position":"center center","background-size":"auto","background-attachment":"scroll","background-type":"","background-media":"","overlay-type":"","overlay-color":"","overlay-opacity":"","overlay-gradient":""}},"ast-content-background-meta":{"desktop":{"background-color":"var(--ast-global-color-5)","background-image":"","background-repeat":"repeat","background-position":"center center","background-size":"auto","background-attachment":"scroll","background-type":"","background-media":"","overlay-type":"","overlay-color":"","overlay-opacity":"","overlay-gradient":""},"tablet":{"background-color":"var(--ast-global-color-5)","background-image":"","background-repeat":"repeat","background-position":"center center","background-size":"auto","background-attachment":"scroll","background-type":"","background-media":"","overlay-type":"","overlay-color":"","overlay-opacity":"","overlay-gradient":""},"mobile":{"background-color":"var(--ast-global-color-5)","background-image":"","background-repeat":"repeat","background-position":"center center","background-size":"auto","background-attachment":"scroll","background-type":"","background-media":"","overlay-type":"","overlay-color":"","overlay-opacity":"","overlay-gradient":""}},"footnotes":""},"categories":[1],"tags":[],"class_list":["post-14111","post","type-post","status-publish","format-standard","hentry","category-sem-categoria"],"_links":{"self":[{"href":"https:\/\/jornalregionalms.com.br\/index.php?rest_route=\/wp\/v2\/posts\/14111","targetHints":{"allow":["GET"]}}],"collection":[{"href":"https:\/\/jornalregionalms.com.br\/index.php?rest_route=\/wp\/v2\/posts"}],"about":[{"href":"https:\/\/jornalregionalms.com.br\/index.php?rest_route=\/wp\/v2\/types\/post"}],"author":[{"embeddable":true,"href":"https:\/\/jornalregionalms.com.br\/index.php?rest_route=\/wp\/v2\/users\/28"}],"replies":[{"embeddable":true,"href":"https:\/\/jornalregionalms.com.br\/index.php?rest_route=%2Fwp%2Fv2%2Fcomments&post=14111"}],"version-history":[{"count":0,"href":"https:\/\/jornalregionalms.com.br\/index.php?rest_route=\/wp\/v2\/posts\/14111\/revisions"}],"wp:attachment":[{"href":"https:\/\/jornalregionalms.com.br\/index.php?rest_route=%2Fwp%2Fv2%2Fmedia&parent=14111"}],"wp:term":[{"taxonomy":"category","embeddable":true,"href":"https:\/\/jornalregionalms.com.br\/index.php?rest_route=%2Fwp%2Fv2%2Fcategories&post=14111"},{"taxonomy":"post_tag","embeddable":true,"href":"https:\/\/jornalregionalms.com.br\/index.php?rest_route=%2Fwp%2Fv2%2Ftags&post=14111"}],"curies":[{"name":"wp","href":"https:\/\/api.w.org\/{rel}","templated":true}]}}