{"id":14001,"date":"2026-03-16T14:29:49","date_gmt":"2026-03-16T18:29:49","guid":{"rendered":"https:\/\/jornalregionalms.com.br\/?p=14001"},"modified":"2026-03-16T14:29:49","modified_gmt":"2026-03-16T18:29:49","slug":"governo-apresenta-novo-plano-para-enfrentar-a-crise-climatica","status":"publish","type":"post","link":"https:\/\/jornalregionalms.com.br\/?p=14001","title":{"rendered":"Governo apresenta novo plano para enfrentar a crise clim\u00e1tica"},"content":{"rendered":"<p>O novo <strong>Plano Clima vai ser lan\u00e7ado na tarde desta segunda-feira (16\/3), no Pal\u00e1cio do Planalto em Bras\u00edlia<\/strong>. O documento \u00e9 um guia de a\u00e7\u00f5es para enfrentar a crise clim\u00e1tica no pa\u00eds at\u00e9 2035. Ele serve como um roteiro para o cumprimento da meta nacional prevista no Acordo de Paris. <strong>A ideia \u00e9 reduzir, at\u00e9 2035, entre 59% e 67% as emiss\u00f5es l\u00edquidas de gases de efeito, em rela\u00e7\u00e3o aos n\u00edveis registrados em 2005.<\/strong><img decoding=\"async\" src=\"https:\/\/agenciabrasil.ebc.com.br\/ebc.png?id=1682015&#038;o=rss\"><img decoding=\"async\" src=\"https:\/\/agenciabrasil.ebc.com.br\/ebc.gif?id=1682015&#038;o=rss\"><\/p>\n<p>Um dos objetivos \u00e9, por exemplo, reduzir as emiss\u00f5es de gases de efeito estufa de dois bilh\u00f5es de toneladas de di\u00f3xido de carbono equivalente, registradas em 2022, para entre 850 milh\u00f5es e um bilh\u00e3o de toneladas, em 2035. <strong>A meta \u00e9 alcan\u00e7ar emiss\u00f5es zero at\u00e9 2050<\/strong>.<\/p>\n<p>O plano envolve componentes como financiamento clim\u00e1tico e transi\u00e7\u00e3o justa, al\u00e9m de estrat\u00e9gias de redu\u00e7\u00e3o de emiss\u00f5es e adapta\u00e7\u00e3o. S\u00e3o \u00e1reas que envolvem sa\u00fade p\u00fablica, turismo, agricultura familiar, gest\u00e3o de riscos e desastres, assim como o combate ao racismo e a valoriza\u00e7\u00e3o das culturas tradicionais.\u00a0<\/p>\n<p>A constru\u00e7\u00e3o do Plano Clima contou com a participa\u00e7\u00e3o de <strong>25 minist\u00e9rios e de diversos setores da sociedade<\/strong>. A nova vers\u00e3o ser\u00e1 apresentada 17 anos depois da primeira edi\u00e7\u00e3o do plano. A ministra do Meio Ambiente e Mudan\u00e7a do Clima, Marina Silva, inclusive, participa da coletiva de imprensa de apresenta\u00e7\u00e3o do novo documento.<br \/>\n\u00a0<\/p>\n<p>  <span class=\"hms hms-format-m-ss\">1:42<\/span><\/p>\n","protected":false},"excerpt":{"rendered":"<p>O novo Plano Clima vai ser lan\u00e7ado na tarde desta segunda-feira (16\/3), no Pal\u00e1cio do Planalto em Bras\u00edlia. O documento \u00e9 um guia de a\u00e7\u00f5es para enfrentar a crise clim\u00e1tica no pa\u00eds at\u00e9 2035. Ele serve como um roteiro para o cumprimento da meta nacional prevista no Acordo de Paris. A ideia \u00e9 reduzir, at\u00e9 [&hellip;]<\/p>\n","protected":false},"author":1,"featured_media":0,"comment_status":"open","ping_status":"open","sticky":false,"template":"","format":"standard","meta":{"site-sidebar-layout":"default","site-content-layout":"","ast-site-content-layout":"","site-content-style":"default","site-sidebar-style":"default","ast-global-header-display":"","ast-banner-title-visibility":"","ast-main-header-display":"","ast-hfb-above-header-display":"","ast-hfb-below-header-display":"","ast-hfb-mobile-header-display":"","site-post-title":"","ast-breadcrumbs-content":"","ast-featured-img":"","footer-sml-layout":"","theme-transparent-header-meta":"","adv-header-id-meta":"","stick-header-meta":"","header-above-stick-meta":"","header-main-stick-meta":"","header-below-stick-meta":"","astra-migrate-meta-layouts":"default","ast-page-background-enabled":"default","ast-page-background-meta":{"desktop":{"background-color":"var(--ast-global-color-4)","background-image":"","background-repeat":"repeat","background-position":"center center","background-size":"auto","background-attachment":"scroll","background-type":"","background-media":"","overlay-type":"","overlay-color":"","overlay-opacity":"","overlay-gradient":""},"tablet":{"background-color":"","background-image":"","background-repeat":"repeat","background-position":"center center","background-size":"auto","background-attachment":"scroll","background-type":"","background-media":"","overlay-type":"","overlay-color":"","overlay-opacity":"","overlay-gradient":""},"mobile":{"background-color":"","background-image":"","background-repeat":"repeat","background-position":"center center","background-size":"auto","background-attachment":"scroll","background-type":"","background-media":"","overlay-type":"","overlay-color":"","overlay-opacity":"","overlay-gradient":""}},"ast-content-background-meta":{"desktop":{"background-color":"var(--ast-global-color-5)","background-image":"","background-repeat":"repeat","background-position":"center center","background-size":"auto","background-attachment":"scroll","background-type":"","background-media":"","overlay-type":"","overlay-color":"","overlay-opacity":"","overlay-gradient":""},"tablet":{"background-color":"var(--ast-global-color-5)","background-image":"","background-repeat":"repeat","background-position":"center center","background-size":"auto","background-attachment":"scroll","background-type":"","background-media":"","overlay-type":"","overlay-color":"","overlay-opacity":"","overlay-gradient":""},"mobile":{"background-color":"var(--ast-global-color-5)","background-image":"","background-repeat":"repeat","background-position":"center center","background-size":"auto","background-attachment":"scroll","background-type":"","background-media":"","overlay-type":"","overlay-color":"","overlay-opacity":"","overlay-gradient":""}},"footnotes":""},"categories":[1],"tags":[],"class_list":["post-14001","post","type-post","status-publish","format-standard","hentry","category-sem-categoria"],"_links":{"self":[{"href":"https:\/\/jornalregionalms.com.br\/index.php?rest_route=\/wp\/v2\/posts\/14001","targetHints":{"allow":["GET"]}}],"collection":[{"href":"https:\/\/jornalregionalms.com.br\/index.php?rest_route=\/wp\/v2\/posts"}],"about":[{"href":"https:\/\/jornalregionalms.com.br\/index.php?rest_route=\/wp\/v2\/types\/post"}],"author":[{"embeddable":true,"href":"https:\/\/jornalregionalms.com.br\/index.php?rest_route=\/wp\/v2\/users\/1"}],"replies":[{"embeddable":true,"href":"https:\/\/jornalregionalms.com.br\/index.php?rest_route=%2Fwp%2Fv2%2Fcomments&post=14001"}],"version-history":[{"count":0,"href":"https:\/\/jornalregionalms.com.br\/index.php?rest_route=\/wp\/v2\/posts\/14001\/revisions"}],"wp:attachment":[{"href":"https:\/\/jornalregionalms.com.br\/index.php?rest_route=%2Fwp%2Fv2%2Fmedia&parent=14001"}],"wp:term":[{"taxonomy":"category","embeddable":true,"href":"https:\/\/jornalregionalms.com.br\/index.php?rest_route=%2Fwp%2Fv2%2Fcategories&post=14001"},{"taxonomy":"post_tag","embeddable":true,"href":"https:\/\/jornalregionalms.com.br\/index.php?rest_route=%2Fwp%2Fv2%2Ftags&post=14001"}],"curies":[{"name":"wp","href":"https:\/\/api.w.org\/{rel}","templated":true}]}}