{"id":13997,"date":"2026-03-16T14:29:43","date_gmt":"2026-03-16T18:29:43","guid":{"rendered":"https:\/\/jornalregionalms.com.br\/?p=13997"},"modified":"2026-03-16T14:29:43","modified_gmt":"2026-03-16T18:29:43","slug":"bolsonaro-apresenta-melhora-clinica-mas-segue-em-uti","status":"publish","type":"post","link":"https:\/\/jornalregionalms.com.br\/?p=13997","title":{"rendered":"Bolsonaro apresenta melhora cl\u00ednica, mas segue em UTI"},"content":{"rendered":"<\/p>\n<p><a class=\"\" href=\"https:\/\/agenciabrasil.ebc.com.br\/politica\/noticia\/2026-03\/bolsonaro-apresenta-melhora-clinica-mas-segue-em-uti\"><br \/>\n                    <img decoding=\"async\" src=\"https:\/\/cdn.jsdelivr.net\/gh\/sergiosdlima\/assets-ebc@1.0.0\/abr\/assets\/images\/logo-agenciabrasil.svg\" alt=\"Logo Ag\u00eancia Brasil\"><br \/>\n\t\t\t\t<\/a><\/p>\n<p>Boletim m\u00e9dico divulgado nesta segunda-feira (16) pelo <strong>Hospital DF Star indica que o ex-presidente Jair Messias Bolsonaro apresentou melhora cl\u00ednica e laboratorial ao longo das \u00faltimas 24 horas.<\/strong><img decoding=\"async\" src=\"https:\/\/agenciabrasil.ebc.com.br\/ebc.png?id=1682035&#038;o=rss\"><img decoding=\"async\" src=\"https:\/\/agenciabrasil.ebc.com.br\/ebc.gif?id=1682035&#038;o=rss\"><\/p>\n<p><a href=\"https:\/\/agenciabrasil.ebc.com.br\/saude\/noticia\/2026-03\/broncopneumonia-entenda-quadro-que-causou-internacao-de-bolsonaro\" target=\"_blank\">Bolsonaro est\u00e1 internado na unidade de terapia intensiva<\/a> (UTI) da unidade desde a manh\u00e3 da \u00faltima sexta-feira (13), tratando de uma <a href=\"https:\/\/agenciabrasil.ebc.com.br\/politica\/noticia\/2026-03\/bolsonaro-e-internado-em-uti-hospitalar-com-broncopneumonia-bilateral\" target=\"_blank\">broncopneumonia bacteriana bilateral<\/a> de prov\u00e1vel origem aspirativa.<\/p>\n<\/p>\n<h3>Not\u00edcias relacionadas:<\/h3>\n<ul>\n<li><a href=\"https:\/\/agenciabrasil.ebc.com.br\/politica\/noticia\/2026-03\/bolsonaro-tem-melhora-na-funcao-renal-mas-marcadores-inflamatorios-sobem\">Bolsonaro melhora fun\u00e7\u00e3o renal, mas marcadores inflamat\u00f3rios sobem.<\/a><\/li>\n<li><a href=\"https:\/\/agenciabrasil.ebc.com.br\/politica\/noticia\/2026-03\/bolsonaro-tem-piora-da-funcao-renal-e-aumento-de-inflamacao\">Bolsonaro tem piora da fun\u00e7\u00e3o renal e aumento de inflama\u00e7\u00e3o.<\/a><\/li>\n<li><a href=\"https:\/\/agenciabrasil.ebc.com.br\/saude\/noticia\/2026-03\/broncopneumonia-entenda-quadro-que-causou-internacao-de-bolsonaro\">Broncopneumonia: entenda quadro que causou interna\u00e7\u00e3o de Bolsonaro.<\/a><\/li>\n<\/ul>\n<p><strong>De acordo com a equipe m\u00e9dica, houve recupera\u00e7\u00e3o da fun\u00e7\u00e3o renal e melhora parcial de marcadores inflamat\u00f3rios, \u201cdenotando resposta favor\u00e1vel \u00e0 antibioticoterapia institu\u00edda\u201d.<\/strong><\/p>\n<p>Ainda segundo o boletim, <strong>Bolsonaro permanece internado na unidade de terapia intensiva (UTI), com suporte cl\u00ednico intensivo, fisioterapia respirat\u00f3ria e motora e sem previs\u00e3o de alta.<\/strong><\/p>\n<p>O documento \u00e9 assinado pelo cirurgi\u00e3o-geral Cl\u00e1udio Birolini; pelos cardiologistas Leandro Echenique e Brasil Caiado; pelo coordenador da UTI Geral, Ant\u00f4nio Aur\u00e9lio de Paiva Fagundes J\u00fanior; e pelo diretor-geral do hospital, Allisson B. Barcelos Borges.<\/p>\n<p><a href=\"https:\/\/whatsapp.com\/channel\/0029VaoRTgrInlqYLSk59B2\" target=\"_blank\">>> Siga o canal da <strong>Ag\u00eancia Brasil <\/strong>no WhatsApp<\/a><\/p>\n<h2>Entenda<\/h2>\n<p>O ex-presidente est\u00e1 detido na Papudinha (pr\u00e9dio no Complexo Penitenci\u00e1rio da Papuda), onde cumpre pena de 27 anos e 3 meses, por tentativa de golpe de Estado e outros crimes relacionados.<\/p>\n<p>Na \u00faltima sexta-feira, ele passou mal e foi levado por uma equipe do Servi\u00e7o de Atendimento M\u00f3vel de Urg\u00eancia (Samu) ao Hospital DF Star, com febre alta, queda da satura\u00e7\u00e3o de oxig\u00eanio, sudorese e calafrios.<\/p>\n<p>\u00a0<\/p>\n","protected":false},"excerpt":{"rendered":"<p>Boletim m\u00e9dico divulgado nesta segunda-feira (16) pelo Hospital DF Star indica que o ex-presidente Jair Messias Bolsonaro apresentou melhora cl\u00ednica e laboratorial ao longo das \u00faltimas 24 horas. Bolsonaro est\u00e1 internado na unidade de terapia intensiva (UTI) da unidade desde a manh\u00e3 da \u00faltima sexta-feira (13), tratando de uma broncopneumonia bacteriana bilateral de prov\u00e1vel origem [&hellip;]<\/p>\n","protected":false},"author":1,"featured_media":0,"comment_status":"open","ping_status":"open","sticky":false,"template":"","format":"standard","meta":{"site-sidebar-layout":"default","site-content-layout":"","ast-site-content-layout":"","site-content-style":"default","site-sidebar-style":"default","ast-global-header-display":"","ast-banner-title-visibility":"","ast-main-header-display":"","ast-hfb-above-header-display":"","ast-hfb-below-header-display":"","ast-hfb-mobile-header-display":"","site-post-title":"","ast-breadcrumbs-content":"","ast-featured-img":"","footer-sml-layout":"","theme-transparent-header-meta":"","adv-header-id-meta":"","stick-header-meta":"","header-above-stick-meta":"","header-main-stick-meta":"","header-below-stick-meta":"","astra-migrate-meta-layouts":"default","ast-page-background-enabled":"default","ast-page-background-meta":{"desktop":{"background-color":"var(--ast-global-color-4)","background-image":"","background-repeat":"repeat","background-position":"center center","background-size":"auto","background-attachment":"scroll","background-type":"","background-media":"","overlay-type":"","overlay-color":"","overlay-opacity":"","overlay-gradient":""},"tablet":{"background-color":"","background-image":"","background-repeat":"repeat","background-position":"center center","background-size":"auto","background-attachment":"scroll","background-type":"","background-media":"","overlay-type":"","overlay-color":"","overlay-opacity":"","overlay-gradient":""},"mobile":{"background-color":"","background-image":"","background-repeat":"repeat","background-position":"center center","background-size":"auto","background-attachment":"scroll","background-type":"","background-media":"","overlay-type":"","overlay-color":"","overlay-opacity":"","overlay-gradient":""}},"ast-content-background-meta":{"desktop":{"background-color":"var(--ast-global-color-5)","background-image":"","background-repeat":"repeat","background-position":"center center","background-size":"auto","background-attachment":"scroll","background-type":"","background-media":"","overlay-type":"","overlay-color":"","overlay-opacity":"","overlay-gradient":""},"tablet":{"background-color":"var(--ast-global-color-5)","background-image":"","background-repeat":"repeat","background-position":"center center","background-size":"auto","background-attachment":"scroll","background-type":"","background-media":"","overlay-type":"","overlay-color":"","overlay-opacity":"","overlay-gradient":""},"mobile":{"background-color":"var(--ast-global-color-5)","background-image":"","background-repeat":"repeat","background-position":"center center","background-size":"auto","background-attachment":"scroll","background-type":"","background-media":"","overlay-type":"","overlay-color":"","overlay-opacity":"","overlay-gradient":""}},"footnotes":""},"categories":[1],"tags":[],"class_list":["post-13997","post","type-post","status-publish","format-standard","hentry","category-sem-categoria"],"_links":{"self":[{"href":"https:\/\/jornalregionalms.com.br\/index.php?rest_route=\/wp\/v2\/posts\/13997","targetHints":{"allow":["GET"]}}],"collection":[{"href":"https:\/\/jornalregionalms.com.br\/index.php?rest_route=\/wp\/v2\/posts"}],"about":[{"href":"https:\/\/jornalregionalms.com.br\/index.php?rest_route=\/wp\/v2\/types\/post"}],"author":[{"embeddable":true,"href":"https:\/\/jornalregionalms.com.br\/index.php?rest_route=\/wp\/v2\/users\/1"}],"replies":[{"embeddable":true,"href":"https:\/\/jornalregionalms.com.br\/index.php?rest_route=%2Fwp%2Fv2%2Fcomments&post=13997"}],"version-history":[{"count":0,"href":"https:\/\/jornalregionalms.com.br\/index.php?rest_route=\/wp\/v2\/posts\/13997\/revisions"}],"wp:attachment":[{"href":"https:\/\/jornalregionalms.com.br\/index.php?rest_route=%2Fwp%2Fv2%2Fmedia&parent=13997"}],"wp:term":[{"taxonomy":"category","embeddable":true,"href":"https:\/\/jornalregionalms.com.br\/index.php?rest_route=%2Fwp%2Fv2%2Fcategories&post=13997"},{"taxonomy":"post_tag","embeddable":true,"href":"https:\/\/jornalregionalms.com.br\/index.php?rest_route=%2Fwp%2Fv2%2Ftags&post=13997"}],"curies":[{"name":"wp","href":"https:\/\/api.w.org\/{rel}","templated":true}]}}