{"id":13944,"date":"2026-03-14T00:29:36","date_gmt":"2026-03-14T04:29:36","guid":{"rendered":"https:\/\/jornalregionalms.com.br\/?p=13944"},"modified":"2026-03-14T00:29:36","modified_gmt":"2026-03-14T04:29:36","slug":"mpf-pede-condenacao-de-ratinho-e-sbt-por-falas-contra-erika-hilton","status":"publish","type":"post","link":"https:\/\/jornalregionalms.com.br\/?p=13944","title":{"rendered":"MPF pede condena\u00e7\u00e3o de Ratinho e SBT por falas contra Erika Hilton\u00a0"},"content":{"rendered":"<\/p>\n<p><a class=\"\" href=\"https:\/\/agenciabrasil.ebc.com.br\/justica\/noticia\/2026-03\/mpf-pede-condenacao-de-ratinho-e-sbt-por-falas-contra-erika-hilton\"><br \/>\n                    <img decoding=\"async\" src=\"https:\/\/cdn.jsdelivr.net\/gh\/sergiosdlima\/assets-ebc@1.0.0\/abr\/assets\/images\/logo-agenciabrasil.svg\" alt=\"Logo Ag\u00eancia Brasil\"><br \/>\n\t\t\t\t<\/a><\/p>\n<p><strong>O Minist\u00e9rio P\u00fablico Federal (MPF) protocolou na Justi\u00e7a uma a\u00e7\u00e3o de danos morais coletivos contra o apresentador Carlos Massa, conhecido como Ratinho, e o Sistema Brasileiro de Televis\u00e3o (SBT). O \u00f3rg\u00e3o acusa Ratinho de praticar discurso transf\u00f3bico contra a deputada federal Erika Hilton (PSOL-SP).<\/strong><img decoding=\"async\" src=\"https:\/\/agenciabrasil.ebc.com.br\/ebc.png?id=1681921&#038;o=rss\"><img decoding=\"async\" src=\"https:\/\/agenciabrasil.ebc.com.br\/ebc.gif?id=1681921&#038;o=rss\"><\/p>\n<p>Na quarta-feira (11), durante seu programa no SBT, Ratinho questionou a<a href=\"http:\/\/agenciabrasil.ebc.com.br\/direitos-humanos\/noticia\/2026-03\/camara-comissao-de-direitos-da-mulher-elege-primeira-presidente-trans\"> elei\u00e7\u00e3o de Erika para a fun\u00e7\u00e3o de presidente<\/a> da Comiss\u00e3o de Defesa dos Direitos da Mulher da C\u00e2mara dos Deputados.<\/p>\n<\/p>\n<h3>Not\u00edcias relacionadas:<\/h3>\n<ul>\n<li><a href=\"https:\/\/agenciabrasil.ebc.com.br\/direitos-humanos\/noticia\/2026-03\/deputada-erika-hilton-processa-ratinho-por-discurso-transfobico\">Deputada Erika Hilton processa Ratinho por discurso transf\u00f3bico.<\/a><\/li>\n<li><a href=\"https:\/\/agenciabrasil.ebc.com.br\/direitos-humanos\/noticia\/2026-03\/camara-comissao-de-direitos-da-mulher-elege-primeira-presidente-trans\">C\u00e2mara: Comiss\u00e3o de Direitos da Mulher elege primeira presidente trans.<\/a><\/li>\n<\/ul>\n<p>\u201cN\u00e3o achei muito justo, n\u00e3o. Com tanta mulher, por que vai dar para uma mulher trans? A Erika Hilton. Ela n\u00e3o \u00e9 mulher, ela \u00e9 trans\u201d, disse.<\/p>\n<p><strong>O MPF pede que o apresentador e o SBT sejam condenados ao pagamento de R$ 10 milh\u00f5es em danos coletivos e solicita que a emissora retire imediatamente a fala de Ratinho das redes sociais e do site da emissora.<\/strong><\/p>\n<p>O promotor respons\u00e1vel pelo caso ainda pediu que o apresentador seja condenado a publicar uma retrata\u00e7\u00e3o.\u00a0<\/p>\n<p><strong>Ap\u00f3s a divulga\u00e7\u00e3o do coment\u00e1rio de Ratinho, a deputada informou que tamb\u00e9m <a href=\"https:\/\/agenciabrasil.ebc.com.br\/direitos-humanos\/noticia\/2026-03\/deputada-erika-hilton-processa-ratinho-por-discurso-transfobico\">entrou com um processo contra o apresentador<\/a>.<\/strong><\/p>\n<h2>Outro lado<\/h2>\n<p><strong>Em nota \u00e0 imprensa, o SBT afirmou que as declara\u00e7\u00f5es n\u00e3o representam a opini\u00e3o da emissora.<\/strong><\/p>\n<p>\u201cO SBT repudia qualquer tipo de discrimina\u00e7\u00e3o e preconceito, que s\u00e3o o oposto dos princ\u00edpios e valores da empresa. As declara\u00e7\u00f5es do apresentador Ratinho, expressadas ao vivo ontem em seu programa, n\u00e3o representam a opini\u00e3o da emissora e est\u00e3o sendo analisadas pela dire\u00e7\u00e3o da empresa, que tratar\u00e1 do tema internamente a fim de que nossos valores sejam respeitados por todos os colaboradores&#8221;, disse a emissora.\u00a0<\/p>\n","protected":false},"excerpt":{"rendered":"<p>O Minist\u00e9rio P\u00fablico Federal (MPF) protocolou na Justi\u00e7a uma a\u00e7\u00e3o de danos morais coletivos contra o apresentador Carlos Massa, conhecido como Ratinho, e o Sistema Brasileiro de Televis\u00e3o (SBT). O \u00f3rg\u00e3o acusa Ratinho de praticar discurso transf\u00f3bico contra a deputada federal Erika Hilton (PSOL-SP). Na quarta-feira (11), durante seu programa no SBT, Ratinho questionou a [&hellip;]<\/p>\n","protected":false},"author":28,"featured_media":0,"comment_status":"open","ping_status":"open","sticky":false,"template":"","format":"standard","meta":{"site-sidebar-layout":"default","site-content-layout":"","ast-site-content-layout":"","site-content-style":"default","site-sidebar-style":"default","ast-global-header-display":"","ast-banner-title-visibility":"","ast-main-header-display":"","ast-hfb-above-header-display":"","ast-hfb-below-header-display":"","ast-hfb-mobile-header-display":"","site-post-title":"","ast-breadcrumbs-content":"","ast-featured-img":"","footer-sml-layout":"","theme-transparent-header-meta":"","adv-header-id-meta":"","stick-header-meta":"","header-above-stick-meta":"","header-main-stick-meta":"","header-below-stick-meta":"","astra-migrate-meta-layouts":"default","ast-page-background-enabled":"default","ast-page-background-meta":{"desktop":{"background-color":"var(--ast-global-color-4)","background-image":"","background-repeat":"repeat","background-position":"center center","background-size":"auto","background-attachment":"scroll","background-type":"","background-media":"","overlay-type":"","overlay-color":"","overlay-opacity":"","overlay-gradient":""},"tablet":{"background-color":"","background-image":"","background-repeat":"repeat","background-position":"center center","background-size":"auto","background-attachment":"scroll","background-type":"","background-media":"","overlay-type":"","overlay-color":"","overlay-opacity":"","overlay-gradient":""},"mobile":{"background-color":"","background-image":"","background-repeat":"repeat","background-position":"center center","background-size":"auto","background-attachment":"scroll","background-type":"","background-media":"","overlay-type":"","overlay-color":"","overlay-opacity":"","overlay-gradient":""}},"ast-content-background-meta":{"desktop":{"background-color":"var(--ast-global-color-5)","background-image":"","background-repeat":"repeat","background-position":"center center","background-size":"auto","background-attachment":"scroll","background-type":"","background-media":"","overlay-type":"","overlay-color":"","overlay-opacity":"","overlay-gradient":""},"tablet":{"background-color":"var(--ast-global-color-5)","background-image":"","background-repeat":"repeat","background-position":"center center","background-size":"auto","background-attachment":"scroll","background-type":"","background-media":"","overlay-type":"","overlay-color":"","overlay-opacity":"","overlay-gradient":""},"mobile":{"background-color":"var(--ast-global-color-5)","background-image":"","background-repeat":"repeat","background-position":"center center","background-size":"auto","background-attachment":"scroll","background-type":"","background-media":"","overlay-type":"","overlay-color":"","overlay-opacity":"","overlay-gradient":""}},"footnotes":""},"categories":[1],"tags":[],"class_list":["post-13944","post","type-post","status-publish","format-standard","hentry","category-sem-categoria"],"_links":{"self":[{"href":"https:\/\/jornalregionalms.com.br\/index.php?rest_route=\/wp\/v2\/posts\/13944","targetHints":{"allow":["GET"]}}],"collection":[{"href":"https:\/\/jornalregionalms.com.br\/index.php?rest_route=\/wp\/v2\/posts"}],"about":[{"href":"https:\/\/jornalregionalms.com.br\/index.php?rest_route=\/wp\/v2\/types\/post"}],"author":[{"embeddable":true,"href":"https:\/\/jornalregionalms.com.br\/index.php?rest_route=\/wp\/v2\/users\/28"}],"replies":[{"embeddable":true,"href":"https:\/\/jornalregionalms.com.br\/index.php?rest_route=%2Fwp%2Fv2%2Fcomments&post=13944"}],"version-history":[{"count":0,"href":"https:\/\/jornalregionalms.com.br\/index.php?rest_route=\/wp\/v2\/posts\/13944\/revisions"}],"wp:attachment":[{"href":"https:\/\/jornalregionalms.com.br\/index.php?rest_route=%2Fwp%2Fv2%2Fmedia&parent=13944"}],"wp:term":[{"taxonomy":"category","embeddable":true,"href":"https:\/\/jornalregionalms.com.br\/index.php?rest_route=%2Fwp%2Fv2%2Fcategories&post=13944"},{"taxonomy":"post_tag","embeddable":true,"href":"https:\/\/jornalregionalms.com.br\/index.php?rest_route=%2Fwp%2Fv2%2Ftags&post=13944"}],"curies":[{"name":"wp","href":"https:\/\/api.w.org\/{rel}","templated":true}]}}