{"id":13942,"date":"2026-03-14T00:29:31","date_gmt":"2026-03-14T04:29:31","guid":{"rendered":"https:\/\/jornalregionalms.com.br\/?p=13942"},"modified":"2026-03-14T00:29:31","modified_gmt":"2026-03-14T04:29:31","slug":"com-tensao-no-ira-dolar-fecha-em-r-532-o-maior-valor-desde-janeiro","status":"publish","type":"post","link":"https:\/\/jornalregionalms.com.br\/?p=13942","title":{"rendered":"Com tens\u00e3o no Ir\u00e3, d\u00f3lar fecha em R$ 5,32, o maior valor desde janeiro"},"content":{"rendered":"<\/p>\n<p><a class=\"\" href=\"https:\/\/agenciabrasil.ebc.com.br\/economia\/noticia\/2026-03\/dolar-fecha-em-r-532-maior-valor-desde-janeiro-com-tensao-no-ira\"><br \/>\n                    <img decoding=\"async\" src=\"https:\/\/cdn.jsdelivr.net\/gh\/sergiosdlima\/assets-ebc@1.0.0\/abr\/assets\/images\/logo-agenciabrasil.svg\" alt=\"Logo Ag\u00eancia Brasil\"><br \/>\n\t\t\t\t<\/a><\/p>\n<p>Em mais um dia de nervosismo por causa da escalada do conflito no Oriente M\u00e9dio,<strong> o d\u00f3lar encerrou nesta sexta-feira (13)\u00a0no maior valor desde janeiro, impulsionado pelo aumento da avers\u00e3o ao risco global. A bolsa caiu quase 1% e atingiu o n\u00edvel mais baixo em quase dois meses.<\/strong><img decoding=\"async\" src=\"https:\/\/agenciabrasil.ebc.com.br\/ebc.png?id=1681928&#038;o=rss\"><img decoding=\"async\" src=\"https:\/\/agenciabrasil.ebc.com.br\/ebc.gif?id=1681928&#038;o=rss\"><\/p>\n<p><strong>A moeda norte-americana subiu 1,41% e fechou cotada a R$ 5,316. Na m\u00e1xima do dia, por volta das 16h45, atingiu R$ 5,325.<\/strong><\/p>\n<\/p>\n<h3>Not\u00edcias relacionadas:<\/h3>\n<ul>\n<li><a href=\"https:\/\/agenciabrasil.ebc.com.br\/internacional\/noticia\/2026-03\/sob-bombas-multidoes-vao-ruas-no-ira-em-apoio-aos-palestinos\">Sob bombas, multid\u00f5es v\u00e3o \u00e0s ruas no Ir\u00e3 em apoio aos palestinos.<\/a><\/li>\n<li><a href=\"https:\/\/agenciabrasil.ebc.com.br\/economia\/noticia\/2026-03\/petrobras-atribui-aumento-do-diesel-guerra-no-oriente-medio\">Petrobras atribui aumento do diesel \u00e0 guerra no Oriente M\u00e9dio.<\/a><\/li>\n<\/ul>\n<p>O valor de fechamento \u00e9 o mais alto desde 21 de janeiro e reflete um movimento global de busca por ativos considerados mais seguros, como o d\u00f3lar, diante do agravamento das tens\u00f5es envolvendo o Ir\u00e3 e ataques conduzidos por Israel.<\/p>\n<p>Declara\u00e7\u00f5es do presidente dos Estados Unidos, Donald Trump, prometendo intensificar a\u00e7\u00f5es militares contra o Ir\u00e3 ampliaram as preocupa\u00e7\u00f5es sobre um conflito mais duradouro e seus efeitos sobre os pre\u00e7os da energia.<\/p>\n<p>Na semana, o d\u00f3lar acumulou valoriza\u00e7\u00e3o de 1,38%. Em mar\u00e7o, a moeda j\u00e1 sobe 3,55%, revertendo parte da queda de 2,16% registrada em fevereiro. No acumulado de 2026, por\u00e9m, o d\u00f3lar ainda apresenta desvaloriza\u00e7\u00e3o de cerca de 3,15% frente ao real, depois de ter recuado mais de 6% nos primeiros meses do ano.<\/p>\n<p>No mercado cambial brasileiro, o real apresentou o pior desempenho entre as principais moedas emergentes. Houve sa\u00edda relevante de recursos do pa\u00eds e compra de d\u00f3lares por investidores que aproveitaram a cota\u00e7\u00e3o barata, ap\u00f3s o forte desempenho da moeda brasileira nos dois primeiros meses do ano.<\/p>\n<h2>Interven\u00e7\u00e3o<\/h2>\n<p>Pela manh\u00e3, <strong>o BC realizou uma opera\u00e7\u00e3o conhecida como \u201ccasad\u00e3o\u201d, vendendo US$ 1 bilh\u00e3o no mercado \u00e0 vista e ofertando 20 mil contratos de swap cambial reverso<\/strong>, opera\u00e7\u00e3o equivalente \u00e0 compra de d\u00f3lar futuro. A interven\u00e7\u00e3o ocorreu em meio a sinais de menor liquidez e press\u00e3o no chamado cupom cambial, que reflete a taxa de juros em d\u00f3lar no pa\u00eds.<\/p>\n<p>No exterior, o fortalecimento da moeda norte-americana tamb\u00e9m foi refletido pelo avan\u00e7o do Dollar Index (DXY), indicador que mede o desempenho do d\u00f3lar diante de uma cesta de moedas fortes. O \u00edndice superou a marca de 100 pontos pela primeira vez desde novembro de 2025 e encerrou o dia pr\u00f3ximo de 100,5 pontos, acumulando alta superior a 1,6% na semana.<\/p>\n<p>Segundo analistas, al\u00e9m da busca por prote\u00e7\u00e3o, o movimento tamb\u00e9m reflete mudan\u00e7as nas expectativas para a pol\u00edtica monet\u00e1ria dos Estados Unidos. A alta do petr\u00f3leo e as incertezas sobre infla\u00e7\u00e3o t\u00eam levado investidores a reduzir apostas de\u00a0cortes de juros pelo Federal Reserve.<\/p>\n<h2>Mercado de a\u00e7\u00f5es<\/h2>\n<p>No mercado acion\u00e1rio brasileiro, o movimento de avers\u00e3o ao risco tamb\u00e9m pressionou a bolsa. O Ibovespa caiu 0,91% e encerrou aos 177.653 pontos. Esse \u00e9 o menor n\u00edvel desde 22 de janeiro.<\/p>\n<p>Ao longo da sess\u00e3o, o indicador chegou a operar acima de 178 mil pontos, mas perdeu for\u00e7a na segunda metade do preg\u00e3o e terminou pr\u00f3ximo da m\u00ednima do dia.<\/p>\n<p>Na semana, o \u00edndice acumulou recuo de 0,95%, ap\u00f3s queda mais acentuada de 4,99% na semana anterior. Mesmo com o desempenho recente negativo, o Ibovespa ainda registra valoriza\u00e7\u00e3o de 10,26% no acumulado de 2026. Em mar\u00e7o, no entanto, a baixa j\u00e1 chega a 5,9%.<\/p>\n<h2>Incertezas<\/h2>\n<p>O movimento de queda refletiu principalmente o aumento das incertezas geopol\u00edticas, diante do risco de amplia\u00e7\u00e3o do conflito envolvendo o Ir\u00e3. Declara\u00e7\u00f5es do presidente dos Estados Unidos, Donald Trump, sobre a possibilidade de intensificar ataques contra o pa\u00eds elevaram a cautela entre investidores, especialmente \u00e0s v\u00e9speras do fim de semana, quando os mercados permanecem fechados.<\/p>\n<p>A tens\u00e3o geopol\u00edtica tamb\u00e9m impulsionou o pre\u00e7o do petr\u00f3leo. O contrato do petr\u00f3leo do tipo Brent, usado nas negocia\u00e7\u00f5es internacionais, para maio avan\u00e7ou 2,67% e fechou a US$ 103,14 por barril, acumulando ganho semanal de cerca de 11%.<\/p>\n<p>A commodity j\u00e1 sobe mais de 40% em mar\u00e7o e aproximadamente 70% no ano.<\/p>\n<p><em>* Com informa\u00e7\u00f5es da Reuters<\/em><\/p>\n","protected":false},"excerpt":{"rendered":"<p>Em mais um dia de nervosismo por causa da escalada do conflito no Oriente M\u00e9dio, o d\u00f3lar encerrou nesta sexta-feira (13)\u00a0no maior valor desde janeiro, impulsionado pelo aumento da avers\u00e3o ao risco global. A bolsa caiu quase 1% e atingiu o n\u00edvel mais baixo em quase dois meses. A moeda norte-americana subiu 1,41% e fechou [&hellip;]<\/p>\n","protected":false},"author":1,"featured_media":0,"comment_status":"open","ping_status":"open","sticky":false,"template":"","format":"standard","meta":{"site-sidebar-layout":"default","site-content-layout":"","ast-site-content-layout":"","site-content-style":"default","site-sidebar-style":"default","ast-global-header-display":"","ast-banner-title-visibility":"","ast-main-header-display":"","ast-hfb-above-header-display":"","ast-hfb-below-header-display":"","ast-hfb-mobile-header-display":"","site-post-title":"","ast-breadcrumbs-content":"","ast-featured-img":"","footer-sml-layout":"","theme-transparent-header-meta":"","adv-header-id-meta":"","stick-header-meta":"","header-above-stick-meta":"","header-main-stick-meta":"","header-below-stick-meta":"","astra-migrate-meta-layouts":"default","ast-page-background-enabled":"default","ast-page-background-meta":{"desktop":{"background-color":"var(--ast-global-color-4)","background-image":"","background-repeat":"repeat","background-position":"center center","background-size":"auto","background-attachment":"scroll","background-type":"","background-media":"","overlay-type":"","overlay-color":"","overlay-opacity":"","overlay-gradient":""},"tablet":{"background-color":"","background-image":"","background-repeat":"repeat","background-position":"center center","background-size":"auto","background-attachment":"scroll","background-type":"","background-media":"","overlay-type":"","overlay-color":"","overlay-opacity":"","overlay-gradient":""},"mobile":{"background-color":"","background-image":"","background-repeat":"repeat","background-position":"center center","background-size":"auto","background-attachment":"scroll","background-type":"","background-media":"","overlay-type":"","overlay-color":"","overlay-opacity":"","overlay-gradient":""}},"ast-content-background-meta":{"desktop":{"background-color":"var(--ast-global-color-5)","background-image":"","background-repeat":"repeat","background-position":"center center","background-size":"auto","background-attachment":"scroll","background-type":"","background-media":"","overlay-type":"","overlay-color":"","overlay-opacity":"","overlay-gradient":""},"tablet":{"background-color":"var(--ast-global-color-5)","background-image":"","background-repeat":"repeat","background-position":"center center","background-size":"auto","background-attachment":"scroll","background-type":"","background-media":"","overlay-type":"","overlay-color":"","overlay-opacity":"","overlay-gradient":""},"mobile":{"background-color":"var(--ast-global-color-5)","background-image":"","background-repeat":"repeat","background-position":"center center","background-size":"auto","background-attachment":"scroll","background-type":"","background-media":"","overlay-type":"","overlay-color":"","overlay-opacity":"","overlay-gradient":""}},"footnotes":""},"categories":[126],"tags":[],"class_list":["post-13942","post","type-post","status-publish","format-standard","hentry","category-policial"],"_links":{"self":[{"href":"https:\/\/jornalregionalms.com.br\/index.php?rest_route=\/wp\/v2\/posts\/13942","targetHints":{"allow":["GET"]}}],"collection":[{"href":"https:\/\/jornalregionalms.com.br\/index.php?rest_route=\/wp\/v2\/posts"}],"about":[{"href":"https:\/\/jornalregionalms.com.br\/index.php?rest_route=\/wp\/v2\/types\/post"}],"author":[{"embeddable":true,"href":"https:\/\/jornalregionalms.com.br\/index.php?rest_route=\/wp\/v2\/users\/1"}],"replies":[{"embeddable":true,"href":"https:\/\/jornalregionalms.com.br\/index.php?rest_route=%2Fwp%2Fv2%2Fcomments&post=13942"}],"version-history":[{"count":0,"href":"https:\/\/jornalregionalms.com.br\/index.php?rest_route=\/wp\/v2\/posts\/13942\/revisions"}],"wp:attachment":[{"href":"https:\/\/jornalregionalms.com.br\/index.php?rest_route=%2Fwp%2Fv2%2Fmedia&parent=13942"}],"wp:term":[{"taxonomy":"category","embeddable":true,"href":"https:\/\/jornalregionalms.com.br\/index.php?rest_route=%2Fwp%2Fv2%2Fcategories&post=13942"},{"taxonomy":"post_tag","embeddable":true,"href":"https:\/\/jornalregionalms.com.br\/index.php?rest_route=%2Fwp%2Fv2%2Ftags&post=13942"}],"curies":[{"name":"wp","href":"https:\/\/api.w.org\/{rel}","templated":true}]}}