{"id":13941,"date":"2026-03-14T00:29:32","date_gmt":"2026-03-14T04:29:32","guid":{"rendered":"https:\/\/jornalregionalms.com.br\/?p=13941"},"modified":"2026-03-14T00:29:32","modified_gmt":"2026-03-14T04:29:32","slug":"economia-pode-crescer-1-no-primeiro-trimestre-diz-haddad","status":"publish","type":"post","link":"https:\/\/jornalregionalms.com.br\/?p=13941","title":{"rendered":"Economia pode crescer 1% no primeiro trimestre, diz Haddad"},"content":{"rendered":"<\/p>\n<p><a class=\"\" href=\"https:\/\/agenciabrasil.ebc.com.br\/economia\/noticia\/2026-03\/economia-pode-crescer-1-no-primeiro-trimestre-diz-haddad\"><br \/>\n                    <img decoding=\"async\" src=\"https:\/\/cdn.jsdelivr.net\/gh\/sergiosdlima\/assets-ebc@1.0.0\/abr\/assets\/images\/logo-agenciabrasil.svg\" alt=\"Logo Ag\u00eancia Brasil\"><br \/>\n\t\t\t\t<\/a><\/p>\n<p><strong>O Produto Interno Bruto (PIB) do pa\u00eds pode\u00a0ter crescimento entre 0,8% e 1% no primeiro trimestre deste ano, segundo\u00a0o ministro da Fazenda, Fernando Haddad.<\/strong><img decoding=\"async\" src=\"https:\/\/agenciabrasil.ebc.com.br\/ebc.png?id=1681935&#038;o=rss\"><img decoding=\"async\" src=\"https:\/\/agenciabrasil.ebc.com.br\/ebc.gif?id=1681935&#038;o=rss\"><\/p>\n<blockquote>\n<p>\u201cA economia brasileira \u00e9 capaz de crescer entre 0,8% e 1% nesse primeiro trimestre. Ent\u00e3o, os mecanismos de mudan\u00e7as no cr\u00e9dito, tudo que n\u00f3s estamos fazendo para manter a demanda efetiva est\u00e1 redundando em manuten\u00e7\u00e3o [da economia aquecida]&#8221;, disse o ministro.<\/p>\n<\/blockquote>\n<h3>Not\u00edcias relacionadas:<\/h3>\n<ul>\n<li><a href=\"https:\/\/agenciabrasil.ebc.com.br\/economia\/noticia\/2026-03\/conflito-oriente-medio-nao-impactara-reducao-dos-juros-diz-haddad\">Conflito Oriente M\u00e9dio n\u00e3o impactar\u00e1 redu\u00e7\u00e3o dos juros, diz Haddad.<\/a><\/li>\n<li><a href=\"https:\/\/agenciabrasil.ebc.com.br\/economia\/noticia\/2026-03\/petrobras-atribui-aumento-do-diesel-guerra-no-oriente-medio\">Petrobras atribui aumento do diesel \u00e0 guerra no Oriente M\u00e9dio.<\/a><\/li>\n<\/ul>\n<p>Na noite desta sexta-feira (13), Haddad concedeu entrevista\u00a0ao programa 20 Minutos, do Opera Mundi. Na entrevista, o ministro preferiu n\u00e3o dar uma estimativa de crescimento para o ano, justificando que uma previs\u00e3o\u00a0depende\u00a0da taxa de juros.<\/p>\n<blockquote>\n<p>&#8220;Eu acho que n\u00f3s fizemos um trabalho de saneamento das contas. Eu n\u00e3o estou preocupado com as metas fiscais. Eu acho que o crescimento, pela maneira como n\u00f3s estamos conduzindo, sobretudo as reformas que foram feitas, v\u00e3o permanecer. Eu acho que a reforma tribut\u00e1ria, que entra em vigor ano que vem, vai dar um impulso para o PIB ainda maior&#8221;, afirmou.<\/p>\n<\/blockquote>\n<p>Durante a entrevista, o ministro voltou a defender a necessidade do arcabou\u00e7o fiscal e negou que o governo tenha apertado demais a conta.<\/p>\n<p>\u201cN\u00e3o [apertou a conta], porque isso tinha que vir acompanhado dessa batalha no Congresso Nacional \u2013 e que foi parcialmente bem-sucedida &#8211; de recomposi\u00e7\u00e3o da base tribut\u00e1ria. N\u00f3s perdemos 3% do PIB de base tribut\u00e1ria. Para voc\u00ea abrir m\u00e3o de carga tribut\u00e1ria, o Congresso aprova em 15 dias, mas n\u00e3o para recompor e cortar privil\u00e9gios no Brasil. Vai l\u00e1 no Congresso negociar redu\u00e7\u00e3o de privil\u00e9gio, desonera\u00e7\u00e3o da folha. Cada projeto desse s\u00e3o semanas de negocia\u00e7\u00e3o\u201d.<\/p>\n<h2>Sa\u00edda do minist\u00e9rio<\/h2>\n<p><strong>Haddad confirmou que vai deixar o minist\u00e9rio da Fazenda na pr\u00f3xima semana e que pretende\u00a0se candidatar nas pr\u00f3ximas elei\u00e7\u00f5es<\/strong>, <strong>embora n\u00e3o tenha informado\u00a0para qual cargo.<\/strong><\/p>\n<p>Segundo ele, a\u00a0ideia inicial era contribuir para uma\u00a0campanha \u00e0 reelei\u00e7\u00e3o do presidente Luiz In\u00e1cio Lula da Silva, mas mudou de\u00a0ideia.<\/p>\n<p>\u201cQueria estar mais livre para poder pensar, fora do Minist\u00e9rio, em um plano de desenvolvimento [para o pa\u00eds]. Era isso o que eu queria fazer. Nesses tr\u00eas meses de conversa com ele [com o presidente Lula], o cen\u00e1rio se complicou. O c\u00e9u est\u00e1 menos azul do que eu imaginava no final do ano passado. Ent\u00e3o, devo sair do Minist\u00e9rio da Fazenda na semana que vem\u201d, disse.<\/p>\n","protected":false},"excerpt":{"rendered":"<p>O Produto Interno Bruto (PIB) do pa\u00eds pode\u00a0ter crescimento entre 0,8% e 1% no primeiro trimestre deste ano, segundo\u00a0o ministro da Fazenda, Fernando Haddad. \u201cA economia brasileira \u00e9 capaz de crescer entre 0,8% e 1% nesse primeiro trimestre. Ent\u00e3o, os mecanismos de mudan\u00e7as no cr\u00e9dito, tudo que n\u00f3s estamos fazendo para manter a demanda efetiva [&hellip;]<\/p>\n","protected":false},"author":1,"featured_media":0,"comment_status":"open","ping_status":"open","sticky":false,"template":"","format":"standard","meta":{"site-sidebar-layout":"default","site-content-layout":"","ast-site-content-layout":"","site-content-style":"default","site-sidebar-style":"default","ast-global-header-display":"","ast-banner-title-visibility":"","ast-main-header-display":"","ast-hfb-above-header-display":"","ast-hfb-below-header-display":"","ast-hfb-mobile-header-display":"","site-post-title":"","ast-breadcrumbs-content":"","ast-featured-img":"","footer-sml-layout":"","theme-transparent-header-meta":"","adv-header-id-meta":"","stick-header-meta":"","header-above-stick-meta":"","header-main-stick-meta":"","header-below-stick-meta":"","astra-migrate-meta-layouts":"default","ast-page-background-enabled":"default","ast-page-background-meta":{"desktop":{"background-color":"var(--ast-global-color-4)","background-image":"","background-repeat":"repeat","background-position":"center center","background-size":"auto","background-attachment":"scroll","background-type":"","background-media":"","overlay-type":"","overlay-color":"","overlay-opacity":"","overlay-gradient":""},"tablet":{"background-color":"","background-image":"","background-repeat":"repeat","background-position":"center center","background-size":"auto","background-attachment":"scroll","background-type":"","background-media":"","overlay-type":"","overlay-color":"","overlay-opacity":"","overlay-gradient":""},"mobile":{"background-color":"","background-image":"","background-repeat":"repeat","background-position":"center center","background-size":"auto","background-attachment":"scroll","background-type":"","background-media":"","overlay-type":"","overlay-color":"","overlay-opacity":"","overlay-gradient":""}},"ast-content-background-meta":{"desktop":{"background-color":"var(--ast-global-color-5)","background-image":"","background-repeat":"repeat","background-position":"center center","background-size":"auto","background-attachment":"scroll","background-type":"","background-media":"","overlay-type":"","overlay-color":"","overlay-opacity":"","overlay-gradient":""},"tablet":{"background-color":"var(--ast-global-color-5)","background-image":"","background-repeat":"repeat","background-position":"center center","background-size":"auto","background-attachment":"scroll","background-type":"","background-media":"","overlay-type":"","overlay-color":"","overlay-opacity":"","overlay-gradient":""},"mobile":{"background-color":"var(--ast-global-color-5)","background-image":"","background-repeat":"repeat","background-position":"center center","background-size":"auto","background-attachment":"scroll","background-type":"","background-media":"","overlay-type":"","overlay-color":"","overlay-opacity":"","overlay-gradient":""}},"footnotes":""},"categories":[126],"tags":[],"class_list":["post-13941","post","type-post","status-publish","format-standard","hentry","category-policial"],"_links":{"self":[{"href":"https:\/\/jornalregionalms.com.br\/index.php?rest_route=\/wp\/v2\/posts\/13941","targetHints":{"allow":["GET"]}}],"collection":[{"href":"https:\/\/jornalregionalms.com.br\/index.php?rest_route=\/wp\/v2\/posts"}],"about":[{"href":"https:\/\/jornalregionalms.com.br\/index.php?rest_route=\/wp\/v2\/types\/post"}],"author":[{"embeddable":true,"href":"https:\/\/jornalregionalms.com.br\/index.php?rest_route=\/wp\/v2\/users\/1"}],"replies":[{"embeddable":true,"href":"https:\/\/jornalregionalms.com.br\/index.php?rest_route=%2Fwp%2Fv2%2Fcomments&post=13941"}],"version-history":[{"count":0,"href":"https:\/\/jornalregionalms.com.br\/index.php?rest_route=\/wp\/v2\/posts\/13941\/revisions"}],"wp:attachment":[{"href":"https:\/\/jornalregionalms.com.br\/index.php?rest_route=%2Fwp%2Fv2%2Fmedia&parent=13941"}],"wp:term":[{"taxonomy":"category","embeddable":true,"href":"https:\/\/jornalregionalms.com.br\/index.php?rest_route=%2Fwp%2Fv2%2Fcategories&post=13941"},{"taxonomy":"post_tag","embeddable":true,"href":"https:\/\/jornalregionalms.com.br\/index.php?rest_route=%2Fwp%2Fv2%2Ftags&post=13941"}],"curies":[{"name":"wp","href":"https:\/\/api.w.org\/{rel}","templated":true}]}}