{"id":13314,"date":"2026-03-01T02:40:32","date_gmt":"2026-03-01T06:40:32","guid":{"rendered":"https:\/\/jornalregionalms.com.br\/?p=13314"},"modified":"2026-03-01T02:40:32","modified_gmt":"2026-03-01T06:40:32","slug":"revisao-em-taxas-de-importacao-de-eletronicos-mantem-preco-sem-aumento","status":"publish","type":"post","link":"https:\/\/jornalregionalms.com.br\/?p=13314","title":{"rendered":"Revis\u00e3o em taxas de importa\u00e7\u00e3o de eletr\u00f4nicos mant\u00e9m pre\u00e7o sem aumento"},"content":{"rendered":"<\/p>\n<p><a class=\"\" href=\"https:\/\/agenciabrasil.ebc.com.br\/economia\/noticia\/2026-02\/revisao-em-taxas-de-importacao-de-eletronicos-mantem-preco-sem-aumento\"><br \/>\n                    <img decoding=\"async\" src=\"https:\/\/cdn.jsdelivr.net\/gh\/sergiosdlima\/assets-ebc@1.0.0\/abr\/assets\/images\/logo-agenciabrasil.svg\" alt=\"Logo Ag\u00eancia Brasil\"><br \/>\n\t\t\t\t<\/a><\/p>\n<p>O governo federal decidiu revisar as tarifas de importa\u00e7\u00e3o de smartphones e de produtos eletroeletr\u00f4nicos. <a href=\"https:\/\/agenciabrasil.ebc.com.br\/economia\/noticia\/2026-02\/governo-derruba-alta-de-imposto-para-smartphones-e-eletronicos\" target=\"_blank\">A medida foi aprovada nesta sexta-feira (27)<\/a> pelo Comit\u00ea-Executivo de Gest\u00e3o da C\u00e2mara de Com\u00e9rcio Exterior (Gecex), vinculado \u00e0 C\u00e2mara de Com\u00e9rcio Exterior (Camex).<img decoding=\"async\" src=\"https:\/\/agenciabrasil.ebc.com.br\/ebc.png?id=1679899&#038;o=rss\"><img decoding=\"async\" src=\"https:\/\/agenciabrasil.ebc.com.br\/ebc.gif?id=1679899&#038;o=rss\"><\/p>\n<p><strong>O impacto da decis\u00e3o sobre os pre\u00e7os ao consumidor \u00e9 \u201cpraticamente nulo\u201d, estimado em um aumento de 0,062%. <\/strong><\/p>\n<\/p>\n<h3>Not\u00edcias relacionadas:<\/h3>\n<ul>\n<li><a href=\"https:\/\/agenciabrasil.ebc.com.br\/economia\/noticia\/2026-02\/governo-prepara-plano-para-socorrer-setores-afetados-por-tarifaco\">Governo prepara plano para socorrer setores afetados por tarifa\u00e7o.<\/a><\/li>\n<li><a href=\"https:\/\/agenciabrasil.ebc.com.br\/economia\/noticia\/2026-02\/bndes-vai-destinar-mais-r-70-bi-para-o-programa-nova-industria-brasil\">BNDES vai destinar mais R$ 70 bi para o programa Nova Ind\u00fastria Brasil.<\/a><\/li>\n<li><a href=\"https:\/\/agenciabrasil.ebc.com.br\/economia\/noticia\/2026-02\/contas-de-luz-seguem-com-bandeira-tarifaria-verde-em-marco\">Contas de luz seguem com bandeira tarif\u00e1ria verde em mar\u00e7o.<\/a><\/li>\n<\/ul>\n<p>O c\u00e1lculo \u00e9 de Uallace Moreira Lima, secret\u00e1rio de Desenvolvimento Industrial, Inova\u00e7\u00e3o, Com\u00e9rcio e Servi\u00e7os do Minist\u00e9rio do Desenvolvimento, Ind\u00fastria, Com\u00e9rcio e Servi\u00e7os, que acompanhou o vice-presidente Geraldo Alckmin em agenda neste s\u00e1bado, em S\u00e3o Paulo.<\/p>\n<p>Segundo ele, a produ\u00e7\u00e3o de celulares no pa\u00eds j\u00e1 \u00e9 majoritariamente nacional: cerca de 95% dos aparelhos comprados pelos brasileiros s\u00e3o fabricados no Brasil. Por isso, as mudan\u00e7as t\u00eam impacto t\u00e3o baixo para o consumidor.<\/p>\n<div class=\"dnd-widget-wrapper context-grande_6colunas type-image atom-align-left\">\n<div class=\"dnd-atom-rendered\"><!-- scald=454356:grande_6colunas {\"additionalClasses\":\"\"} --><br \/>\n            <img decoding=\"async\" src=\"https:\/\/agenciabrasil.ebc.com.br\/sites\/default\/files\/thumbnails\/image\/loading_v2.gif\" data-echo=\"https:\/\/imagens.ebc.com.br\/GHHpf9djiUHcKEM6zHGo3ifagJ4=\/463x0\/smart\/https:\/\/agenciabrasil.ebc.com.br\/sites\/default\/files\/thumbnails\/image\/2026\/02\/28\/image.jpg?itok=4_b9YkM9\" alt=\"28\/02\/2026 - Secret\u00e1rio(a) de Desenvolvimento Industrial, Inova\u00e7\u00e3o, Com\u00e9rcio e Servi\u00e7os, Uallace Moreira Lima. Foto: MDIC\/Divulga\u00e7\u00e3o\" title=\"MDIC\/Divulga\u00e7\u00e3o\"><br \/>\n        <noscript><img decoding=\"async\" src=\"https:\/\/imagens.ebc.com.br\/GHHpf9djiUHcKEM6zHGo3ifagJ4=\/463x0\/smart\/https:\/\/agenciabrasil.ebc.com.br\/sites\/default\/files\/thumbnails\/image\/2026\/02\/28\/image.jpg?itok=4_b9YkM9\" alt=\"28\/02\/2026 - Secret\u00e1rio(a) de Desenvolvimento Industrial, Inova\u00e7\u00e3o, Com\u00e9rcio e Servi\u00e7os, Uallace Moreira Lima. Foto: MDIC\/Divulga\u00e7\u00e3o\" title=\"MDIC\/Divulga\u00e7\u00e3o\"><\/noscript><br \/>\n    <!-- END scald=454356 --><\/div>\n<div class=\"dnd-caption-wrapper\">\n<h6 class=\"meta\"><!--copyright=454356-->28\/02\/2026 &#8211; Secret\u00e1rio de Desenvolvimento Industrial, Inova\u00e7\u00e3o, Com\u00e9rcio e Servi\u00e7os, Uallace Moreira Lima. Foto:\u00a0<strong>MDIC\/Divulga\u00e7\u00e3o<\/strong><!--END copyright=454356--><\/h6>\n<\/div>\n<\/div>\n<h2>O que mudou?<\/h2>\n<p>A decis\u00e3o do governo envolve um conjunto de 120 produtos. Desse total:<\/p>\n<p>&#8211; 105 itens tiveram o imposto de importa\u00e7\u00e3o zerado;<\/p>\n<p>&#8211; 15 produtos continuaram nos percentuais anteriores. Entre eles, notebooks, smartphones, roteadores, impressoras em braile e mesas digitalizadoras.<\/p>\n<p>Esses 15 itens, segundo o secret\u00e1rio, seriam reajustados para 16% ou 20%, ou passariam de 12% para 16%, por possu\u00edrem similares produzidos no pa\u00eds.<\/p>\n<p>Com a revis\u00e3o, foram mantidas as al\u00edquotas anteriores, como 10% ou 16%.<\/p>\n<p>Na pr\u00e1tica, a medida aprovada na sexta-feira mant\u00e9m as condi\u00e7\u00f5es anteriores para esses produtos e amplia a lista de itens com tarifa zerada.<\/p>\n<h2>Custos baixos<\/h2>\n<p>Segundo Uallace Moreira Lima, o objetivo central da decis\u00e3o \u00e9 defender a cadeia produtiva nacional e, ao mesmo tempo, manter baixos os custos de produ\u00e7\u00e3o.<\/p>\n<p>O secret\u00e1rio explicou que foi mantido o regime de ex-tarif\u00e1rio, que reduz praticamente a zero o imposto de importa\u00e7\u00e3o para determinados bens.<\/p>\n<blockquote>\n<p>&#8220;A l\u00f3gica \u00e9 garantir que as empresas continuem tendo acesso a insumos e equipamentos com menor custo, sem prejudicar a ind\u00fastria nacional.&#8221;<\/p>\n<\/blockquote>\n<p>A concess\u00e3o de ex-tarif\u00e1rio, quando for solicitada pela ind\u00fastria, ser\u00e1 dada automaticamente, antes da an\u00e1lise de 150 dias para averiguar se o item tem produ\u00e7\u00e3o nacional.\u00a0<\/p>\n<p>Para o governo, a calibragem das tarifas permite proteger a produ\u00e7\u00e3o, o emprego e a renda, sem gerar aumento de pre\u00e7os para a popula\u00e7\u00e3o.<\/p>\n<h2>Di\u00e1logo<\/h2>\n<p>De acordo com o secret\u00e1rio, parte das cr\u00edticas e da repercuss\u00e3o negativa iniciais ocorreu por uma \u201cfalta de leitura atenta\u201d das resolu\u00e7\u00f5es que regulamentaram a mudan\u00e7a.<\/p>\n<p>Ele ressaltou que ficou acordado com o setor que todos os produtos que estavam com al\u00edquota zero e passariam para 7% poderiam ter o benef\u00edcio restabelecido imediatamente, mediante pedido das empresas.<\/p>\n<blockquote>\n<p>&#8220;Esse compromisso est\u00e1 sendo cumprido pelo governo&#8221;, destacou Uallace.<\/p>\n<\/blockquote>\n<p>Para ele, \u00e0 medida que o setor produtivo passa a compreender os detalhes da decis\u00e3o, fica claro que a pol\u00edtica foi formulada de forma criteriosa, preservando o incentivo \u00e0 importa\u00e7\u00e3o de insumos e, ao mesmo tempo, protegendo a produ\u00e7\u00e3o nacional.<\/p>\n<h2>Como funciona<\/h2>\n<p>Pelas regras estabelecidas, as empresas que tiveram a al\u00edquota elevada de 0% para 7% podem apresentar um pedido de revis\u00e3o. A partir disso, o governo passa a analisar se o produto possui ou n\u00e3o similar nacional.<\/p>\n<p>Se n\u00e3o houver produto equivalente fabricado no pa\u00eds, a al\u00edquota permanece em 0%;<\/p>\n<p>Se, ao final da an\u00e1lise, for constatado que h\u00e1 similar nacional, a tarifa volta para 7%.<\/p>\n<p>O mesmo procedimento vale para novos investimentos. Caso uma empresa pretenda importar uma m\u00e1quina ou equipamento que ainda n\u00e3o tenha o benef\u00edcio da tarifa zero, poder\u00e1 solicitar o enquadramento no ex-tarif\u00e1rio.\u00a0<\/p>\n<p>O governo, ent\u00e3o, verificar\u00e1 se existe produ\u00e7\u00e3o nacional equivalente antes de conceder o benef\u00edcio.<\/p>\n<p>Segundo o secret\u00e1rio, o regime continuar\u00e1 funcionando normalmente, refor\u00e7ando o car\u00e1ter t\u00e9cnico e dialogado da pol\u00edtica de tarifas adotada pelo governo.<\/p>\n<p><em>* Mat\u00e9ria atualizada \u00e0s 19h36 para ajuste de percentual impacto estimado.<\/em><\/p>\n","protected":false},"excerpt":{"rendered":"<p>O governo federal decidiu revisar as tarifas de importa\u00e7\u00e3o de smartphones e de produtos eletroeletr\u00f4nicos. A medida foi aprovada nesta sexta-feira (27) pelo Comit\u00ea-Executivo de Gest\u00e3o da C\u00e2mara de Com\u00e9rcio Exterior (Gecex), vinculado \u00e0 C\u00e2mara de Com\u00e9rcio Exterior (Camex). O impacto da decis\u00e3o sobre os pre\u00e7os ao consumidor \u00e9 \u201cpraticamente nulo\u201d, estimado em um aumento [&hellip;]<\/p>\n","protected":false},"author":304,"featured_media":13315,"comment_status":"open","ping_status":"open","sticky":false,"template":"","format":"standard","meta":{"site-sidebar-layout":"default","site-content-layout":"","ast-site-content-layout":"","site-content-style":"default","site-sidebar-style":"default","ast-global-header-display":"","ast-banner-title-visibility":"","ast-main-header-display":"","ast-hfb-above-header-display":"","ast-hfb-below-header-display":"","ast-hfb-mobile-header-display":"","site-post-title":"","ast-breadcrumbs-content":"","ast-featured-img":"","footer-sml-layout":"","theme-transparent-header-meta":"","adv-header-id-meta":"","stick-header-meta":"","header-above-stick-meta":"","header-main-stick-meta":"","header-below-stick-meta":"","astra-migrate-meta-layouts":"default","ast-page-background-enabled":"default","ast-page-background-meta":{"desktop":{"background-color":"var(--ast-global-color-4)","background-image":"","background-repeat":"repeat","background-position":"center center","background-size":"auto","background-attachment":"scroll","background-type":"","background-media":"","overlay-type":"","overlay-color":"","overlay-opacity":"","overlay-gradient":""},"tablet":{"background-color":"","background-image":"","background-repeat":"repeat","background-position":"center center","background-size":"auto","background-attachment":"scroll","background-type":"","background-media":"","overlay-type":"","overlay-color":"","overlay-opacity":"","overlay-gradient":""},"mobile":{"background-color":"","background-image":"","background-repeat":"repeat","background-position":"center center","background-size":"auto","background-attachment":"scroll","background-type":"","background-media":"","overlay-type":"","overlay-color":"","overlay-opacity":"","overlay-gradient":""}},"ast-content-background-meta":{"desktop":{"background-color":"var(--ast-global-color-5)","background-image":"","background-repeat":"repeat","background-position":"center center","background-size":"auto","background-attachment":"scroll","background-type":"","background-media":"","overlay-type":"","overlay-color":"","overlay-opacity":"","overlay-gradient":""},"tablet":{"background-color":"var(--ast-global-color-5)","background-image":"","background-repeat":"repeat","background-position":"center center","background-size":"auto","background-attachment":"scroll","background-type":"","background-media":"","overlay-type":"","overlay-color":"","overlay-opacity":"","overlay-gradient":""},"mobile":{"background-color":"var(--ast-global-color-5)","background-image":"","background-repeat":"repeat","background-position":"center center","background-size":"auto","background-attachment":"scroll","background-type":"","background-media":"","overlay-type":"","overlay-color":"","overlay-opacity":"","overlay-gradient":""}},"footnotes":""},"categories":[126],"tags":[],"class_list":["post-13314","post","type-post","status-publish","format-standard","has-post-thumbnail","hentry","category-policial"],"_links":{"self":[{"href":"https:\/\/jornalregionalms.com.br\/index.php?rest_route=\/wp\/v2\/posts\/13314","targetHints":{"allow":["GET"]}}],"collection":[{"href":"https:\/\/jornalregionalms.com.br\/index.php?rest_route=\/wp\/v2\/posts"}],"about":[{"href":"https:\/\/jornalregionalms.com.br\/index.php?rest_route=\/wp\/v2\/types\/post"}],"author":[{"embeddable":true,"href":"https:\/\/jornalregionalms.com.br\/index.php?rest_route=\/wp\/v2\/users\/304"}],"replies":[{"embeddable":true,"href":"https:\/\/jornalregionalms.com.br\/index.php?rest_route=%2Fwp%2Fv2%2Fcomments&post=13314"}],"version-history":[{"count":0,"href":"https:\/\/jornalregionalms.com.br\/index.php?rest_route=\/wp\/v2\/posts\/13314\/revisions"}],"wp:featuredmedia":[{"embeddable":true,"href":"https:\/\/jornalregionalms.com.br\/index.php?rest_route=\/wp\/v2\/media\/13315"}],"wp:attachment":[{"href":"https:\/\/jornalregionalms.com.br\/index.php?rest_route=%2Fwp%2Fv2%2Fmedia&parent=13314"}],"wp:term":[{"taxonomy":"category","embeddable":true,"href":"https:\/\/jornalregionalms.com.br\/index.php?rest_route=%2Fwp%2Fv2%2Fcategories&post=13314"},{"taxonomy":"post_tag","embeddable":true,"href":"https:\/\/jornalregionalms.com.br\/index.php?rest_route=%2Fwp%2Fv2%2Ftags&post=13314"}],"curies":[{"name":"wp","href":"https:\/\/api.w.org\/{rel}","templated":true}]}}