{"id":13148,"date":"2026-02-25T22:27:32","date_gmt":"2026-02-26T02:27:32","guid":{"rendered":"https:\/\/jornalregionalms.com.br\/?p=13148"},"modified":"2026-02-25T22:27:32","modified_gmt":"2026-02-26T02:27:32","slug":"desabrigados-enfrentam-incertezas-depois-de-chuvas-em-juiz-de-fora","status":"publish","type":"post","link":"https:\/\/jornalregionalms.com.br\/?p=13148","title":{"rendered":"Desabrigados enfrentam incertezas depois de chuvas em Juiz de Fora"},"content":{"rendered":"<\/p>\n<p><a class=\"\" href=\"https:\/\/agenciabrasil.ebc.com.br\/geral\/noticia\/2026-02\/desabrigados-enfrentam-incertezas-depois-de-chuvas-em-juiz-de-fora\"><br \/>\n                    <img decoding=\"async\" src=\"https:\/\/cdn.jsdelivr.net\/gh\/sergiosdlima\/assets-ebc@1.0.0\/abr\/assets\/images\/logo-agenciabrasil.svg\" alt=\"Logo Ag\u00eancia Brasil\"><br \/>\n\t\t\t\t<\/a><\/p>\n<p>Em uma das salas de aula da Escola Municipal Murilo Mendes, em Juiz de Fora, a auxiliar de cozinha Daniele Saldanha tenta reorganizar a vida. <strong>Os pertences est\u00e3o distribu\u00eddos de forma improvisada em cadeiras, e h\u00e1 colchonetes espalhados pelo ch\u00e3o sobre um tapete de borracha infantil.<\/strong><img decoding=\"async\" src=\"https:\/\/agenciabrasil.ebc.com.br\/ebc.png?id=1679393&#038;o=rss\"><img decoding=\"async\" src=\"https:\/\/agenciabrasil.ebc.com.br\/ebc.gif?id=1679393&#038;o=rss\"><\/p>\n<p>A casa em que Daniele morava com a fam\u00edlia no Alto Graja\u00fa, na zona leste da cidade, foi condenada pela Defesa Civil: apenas uma coluna mant\u00e9m a estrutura de p\u00e9, depois do deslizamento de terra que aconteceu no barranco pr\u00f3ximo.<\/p>\n<blockquote>\n<h3>Not\u00edcias relacionadas:<\/h3>\n<ul>\n<li><a href=\"https:\/\/agenciabrasil.ebc.com.br\/geral\/noticia\/2026-02\/chega-46-o-numero-de-mortos-nas-chuvas-na-zona-da-mata-mineira\">Chega a 46 o n\u00famero de mortos nas chuvas na Zona da Mata Mineira.<\/a><\/li>\n<li><a href=\"https:\/\/agenciabrasil.ebc.com.br\/geral\/noticia\/2026-02\/ministro-diz-que-equipes-federais-permanecerao-na-zona-da-mata-mineira\">Ministro diz que equipes federais permanecer\u00e3o na Zona da Mata mineira.<\/a><\/li>\n<li><a href=\"https:\/\/agenciabrasil.ebc.com.br\/direitos-humanos\/noticia\/2026-02\/soterrado-homem-sobrevive-com-ajuda-de-amigo-em-juiz-de-fora\">Soterrado, homem sobrevive com ajuda de amigo em Juiz de Fora.<\/a><\/li>\n<\/ul>\n<p>\u201cPerdemos nossa casa e agora \u00e9 esperar para ver o que vai acontecer. Muito dif\u00edcil, ainda mais porque estou com seis crian\u00e7as e um pai idoso. Estamos nos ajeitando aqui como podemos. Tentando ligar um pouco a televis\u00e3o para distrair as crian\u00e7as, que ficam muito agitadas com tudo isso\u201d, conta a auxiliar de cozinha.\n<\/p><\/blockquote>\n<p>\u00a0<\/p>\n<div class=\"dnd-widget-wrapper context-cheio_8colunas type-image\">\n<div class=\"dnd-atom-rendered\"><!-- scald=453912:cheio_8colunas --><br \/>\n            <img decoding=\"async\" src=\"https:\/\/agenciabrasil.ebc.com.br\/sites\/default\/files\/thumbnails\/image\/loading_v2.gif\" data-echo=\"https:\/\/imagens.ebc.com.br\/ccq3KIT35Yqu713nnPQ6W6VuCHM=\/754x0\/smart\/https:\/\/agenciabrasil.ebc.com.br\/sites\/default\/files\/thumbnails\/image\/2026\/02\/25\/toms9866.jpg?itok=UThHFYIl\" alt=\"Juiz de Fora (MG), 25\/02\/2026 \u2013Volunt\u00e1rios recebem doa\u00e7\u00f5es na Escola Municipal Murilo Mendes, no Alto do Graja\u00fa, em Juiz de Fora. Foto: Tomaz Silva\/Ag\u00eancia Brasil\" title=\"Tomaz Silva\/Ag\u00eancia Brasil\"><br \/>\n        <noscript><img decoding=\"async\" src=\"https:\/\/imagens.ebc.com.br\/ccq3KIT35Yqu713nnPQ6W6VuCHM=\/754x0\/smart\/https:\/\/agenciabrasil.ebc.com.br\/sites\/default\/files\/thumbnails\/image\/2026\/02\/25\/toms9866.jpg?itok=UThHFYIl\" alt=\"Juiz de Fora (MG), 25\/02\/2026 \u2013Volunt\u00e1rios recebem doa\u00e7\u00f5es na Escola Municipal Murilo Mendes, no Alto do Graja\u00fa, em Juiz de Fora. Foto: Tomaz Silva\/Ag\u00eancia Brasil\" title=\"Tomaz Silva\/Ag\u00eancia Brasil\"><\/noscript><br \/>\n    <!-- END scald=453912 --><\/div>\n<div class=\"dnd-caption-wrapper\">\n<h6 class=\"meta\">Volunt\u00e1rios recebem doa\u00e7\u00f5es na Escola Municipal Murilo Mendes, no Alto do Graja\u00fa, em Juiz de Fora &#8211;<strong> Foto:\u00a0Tomaz Silva\/Ag\u00eancia Brasil<\/strong><!--END copyright=453912--><\/h6>\n<\/div>\n<\/div>\n<p><strong>Ansiedade e ang\u00fastia aumentam porque, al\u00e9m de n\u00e3o ter nenhuma previs\u00e3o sobre uma moradia fixa no futuro, Daniele est\u00e1 h\u00e1 meses pagando as contas apenas com o aux\u00edlio-desemprego.<\/strong><\/p>\n<p>Poucas horas depois da entrevista, a prefeitura de Juiz de Fora informou que, por quest\u00e3o de seguran\u00e7a, o abrigo que funcionava na Escola Municipal Murilo Mendes estava sendo transferido para a Escola Estadual Padre Frederico Vienken, no Bairro Bonfim, tamb\u00e9m na zona leste.<\/p>\n<p><strong>A \u00faltima atualiza\u00e7\u00e3o do Corpo de Bombeiros Militar de Minas Gerais indicava um total de 3 mil desabrigados em Juiz de Fora e 26 em Ub\u00e1<\/strong>, principais munic\u00edpios afetados pelas chuvas e deslizamentos de terra que come\u00e7aram na segunda-feira (23).<\/p>\n<p>At\u00e9 o momento, <a href=\"https:\/\/agenciabrasil.ebc.com.br\/geral\/noticia\/2026-02\/chuvas-em-mg-ja-deixaram-47-mortos-e-20-desaparecidos\" target=\"_blank\">foram confirmadas\u00a047\u00a0mortes<\/a>, e 20\u00a0pessoas est\u00e3o desaparecidas.<\/p>\n<p>\u00a0<\/p>\n<div class=\"dnd-widget-wrapper context-cheio_8colunas type-image\">\n<div class=\"dnd-atom-rendered\"><!-- scald=453918:cheio_8colunas --><br \/>\n            <img decoding=\"async\" src=\"https:\/\/agenciabrasil.ebc.com.br\/sites\/default\/files\/thumbnails\/image\/loading_v2.gif\" data-echo=\"https:\/\/imagens.ebc.com.br\/sGJQg3AkFC1RkQoKtQkSzgrF3Oc=\/754x0\/smart\/https:\/\/agenciabrasil.ebc.com.br\/sites\/default\/files\/thumbnails\/image\/2026\/02\/25\/toms9860.jpg?itok=_o1V2PXB\" alt=\"Juiz de Fora (MG), 25\/02\/2026 \u2013 Crian\u00e7as brincam na quadra da Escola Municipal Murilo Mendes, no Alto do Graja\u00fa, em Juiz de Fora. Foto: Tomaz Silva\/Ag\u00eancia Brasil\" title=\"Tomaz Silva\/Ag\u00eancia Brasil\"><br \/>\n        <noscript><img decoding=\"async\" src=\"https:\/\/imagens.ebc.com.br\/sGJQg3AkFC1RkQoKtQkSzgrF3Oc=\/754x0\/smart\/https:\/\/agenciabrasil.ebc.com.br\/sites\/default\/files\/thumbnails\/image\/2026\/02\/25\/toms9860.jpg?itok=_o1V2PXB\" alt=\"Juiz de Fora (MG), 25\/02\/2026 \u2013 Crian\u00e7as brincam na quadra da Escola Municipal Murilo Mendes, no Alto do Graja\u00fa, em Juiz de Fora. Foto: Tomaz Silva\/Ag\u00eancia Brasil\" title=\"Tomaz Silva\/Ag\u00eancia Brasil\"><\/noscript><br \/>\n    <!-- END scald=453918 --><\/div>\n<div class=\"dnd-caption-wrapper\">\n<h6 class=\"meta\">Crian\u00e7as brincam na quadra da Escola Municipal Murilo Mendes, para onde foram levados desabrigados em Juiz de Fora &#8211;\u00a0<strong>Foto: Tomaz Silva\/Ag\u00eancia Brasil<\/strong><!--END copyright=453918--><\/h6>\n<\/div>\n<\/div>\n<h2>Pontos de apoio<\/h2>\n<p>Com a situa\u00e7\u00e3o de calamidade, outros setores da sociedade tamb\u00e9m passaram a se mobilizar para ajudar os desabrigados. <strong>A presidente do Sindicato das Ind\u00fastrias de Alimenta\u00e7\u00e3o de Juiz de Fora, Fl\u00e1via Gonzaga Costa, conta que transformou um espa\u00e7o comercial no bairro Industrial, na zona norte, em ponto de apoio.<\/strong><\/p>\n<p>A regi\u00e3o fica muito pr\u00f3xima do Rio Paraibuna, que chegou a transbordar durante esta semana. O grupo liderado por Fl\u00e1via conseguiu botes para levar \u00e1gua e alimento para os que ficaram em \u00e1reas ilhadas do bairro.<\/p>\n<p>\u201cN\u00e3o esperava tanta colabora\u00e7\u00e3o do povo. Estamos com volume de doa\u00e7\u00f5es grande aqui. A gente mandou alimenta\u00e7\u00e3o, \u00f3leo, itens de a\u00e7ougue, marmitas. Tem distribui\u00e7\u00e3o de almo\u00e7o e jantar para os desabrigados e para os trabalhadores\u201d, diz Fl\u00e1via.<\/p>\n<p>\u201cE os moradores que conseguem chegar at\u00e9 aqui\u00a0v\u00eam com barro na altura da canela. Pedem rodo, vassouras, material de limpeza, \u00e1gua sanit\u00e1ria, tudo o que possa ajudar dentro de casa\u201d, complementa.<\/p>\n<p><em>Mat\u00e9ria alterada \u00e0s 19h58\u00a0para atualiza\u00e7\u00e3o do n\u00famero de mortos e desaparecidos.<\/em><\/p>\n","protected":false},"excerpt":{"rendered":"<p>Em uma das salas de aula da Escola Municipal Murilo Mendes, em Juiz de Fora, a auxiliar de cozinha Daniele Saldanha tenta reorganizar a vida. Os pertences est\u00e3o distribu\u00eddos de forma improvisada em cadeiras, e h\u00e1 colchonetes espalhados pelo ch\u00e3o sobre um tapete de borracha infantil. A casa em que Daniele morava com a fam\u00edlia [&hellip;]<\/p>\n","protected":false},"author":12,"featured_media":13149,"comment_status":"open","ping_status":"open","sticky":false,"template":"","format":"standard","meta":{"site-sidebar-layout":"default","site-content-layout":"","ast-site-content-layout":"","site-content-style":"default","site-sidebar-style":"default","ast-global-header-display":"","ast-banner-title-visibility":"","ast-main-header-display":"","ast-hfb-above-header-display":"","ast-hfb-below-header-display":"","ast-hfb-mobile-header-display":"","site-post-title":"","ast-breadcrumbs-content":"","ast-featured-img":"","footer-sml-layout":"","theme-transparent-header-meta":"","adv-header-id-meta":"","stick-header-meta":"","header-above-stick-meta":"","header-main-stick-meta":"","header-below-stick-meta":"","astra-migrate-meta-layouts":"default","ast-page-background-enabled":"default","ast-page-background-meta":{"desktop":{"background-color":"var(--ast-global-color-4)","background-image":"","background-repeat":"repeat","background-position":"center center","background-size":"auto","background-attachment":"scroll","background-type":"","background-media":"","overlay-type":"","overlay-color":"","overlay-opacity":"","overlay-gradient":""},"tablet":{"background-color":"","background-image":"","background-repeat":"repeat","background-position":"center center","background-size":"auto","background-attachment":"scroll","background-type":"","background-media":"","overlay-type":"","overlay-color":"","overlay-opacity":"","overlay-gradient":""},"mobile":{"background-color":"","background-image":"","background-repeat":"repeat","background-position":"center center","background-size":"auto","background-attachment":"scroll","background-type":"","background-media":"","overlay-type":"","overlay-color":"","overlay-opacity":"","overlay-gradient":""}},"ast-content-background-meta":{"desktop":{"background-color":"var(--ast-global-color-5)","background-image":"","background-repeat":"repeat","background-position":"center center","background-size":"auto","background-attachment":"scroll","background-type":"","background-media":"","overlay-type":"","overlay-color":"","overlay-opacity":"","overlay-gradient":""},"tablet":{"background-color":"var(--ast-global-color-5)","background-image":"","background-repeat":"repeat","background-position":"center center","background-size":"auto","background-attachment":"scroll","background-type":"","background-media":"","overlay-type":"","overlay-color":"","overlay-opacity":"","overlay-gradient":""},"mobile":{"background-color":"var(--ast-global-color-5)","background-image":"","background-repeat":"repeat","background-position":"center center","background-size":"auto","background-attachment":"scroll","background-type":"","background-media":"","overlay-type":"","overlay-color":"","overlay-opacity":"","overlay-gradient":""}},"footnotes":""},"categories":[1],"tags":[],"class_list":["post-13148","post","type-post","status-publish","format-standard","has-post-thumbnail","hentry","category-sem-categoria"],"_links":{"self":[{"href":"https:\/\/jornalregionalms.com.br\/index.php?rest_route=\/wp\/v2\/posts\/13148","targetHints":{"allow":["GET"]}}],"collection":[{"href":"https:\/\/jornalregionalms.com.br\/index.php?rest_route=\/wp\/v2\/posts"}],"about":[{"href":"https:\/\/jornalregionalms.com.br\/index.php?rest_route=\/wp\/v2\/types\/post"}],"author":[{"embeddable":true,"href":"https:\/\/jornalregionalms.com.br\/index.php?rest_route=\/wp\/v2\/users\/12"}],"replies":[{"embeddable":true,"href":"https:\/\/jornalregionalms.com.br\/index.php?rest_route=%2Fwp%2Fv2%2Fcomments&post=13148"}],"version-history":[{"count":0,"href":"https:\/\/jornalregionalms.com.br\/index.php?rest_route=\/wp\/v2\/posts\/13148\/revisions"}],"wp:featuredmedia":[{"embeddable":true,"href":"https:\/\/jornalregionalms.com.br\/index.php?rest_route=\/wp\/v2\/media\/13149"}],"wp:attachment":[{"href":"https:\/\/jornalregionalms.com.br\/index.php?rest_route=%2Fwp%2Fv2%2Fmedia&parent=13148"}],"wp:term":[{"taxonomy":"category","embeddable":true,"href":"https:\/\/jornalregionalms.com.br\/index.php?rest_route=%2Fwp%2Fv2%2Fcategories&post=13148"},{"taxonomy":"post_tag","embeddable":true,"href":"https:\/\/jornalregionalms.com.br\/index.php?rest_route=%2Fwp%2Fv2%2Ftags&post=13148"}],"curies":[{"name":"wp","href":"https:\/\/api.w.org\/{rel}","templated":true}]}}