{"id":13140,"date":"2026-02-25T22:27:23","date_gmt":"2026-02-26T02:27:23","guid":{"rendered":"https:\/\/jornalregionalms.com.br\/?p=13140"},"modified":"2026-02-25T22:27:23","modified_gmt":"2026-02-26T02:27:23","slug":"camara-aprova-acordo-comercial-entre-mercosul-e-uniao-europeia","status":"publish","type":"post","link":"https:\/\/jornalregionalms.com.br\/?p=13140","title":{"rendered":"C\u00e2mara aprova acordo comercial entre Mercosul e Uni\u00e3o Europeia"},"content":{"rendered":"<\/p>\n<p><a class=\"\" href=\"https:\/\/agenciabrasil.ebc.com.br\/politica\/noticia\/2026-02\/camara-aprova-acordo-entre-mercosul-e-uniao-europeia\"><br \/>\n                    <img decoding=\"async\" src=\"https:\/\/cdn.jsdelivr.net\/gh\/sergiosdlima\/assets-ebc@1.0.0\/abr\/assets\/images\/logo-agenciabrasil.svg\" alt=\"Logo Ag\u00eancia Brasil\"><br \/>\n\t\t\t\t<\/a><\/p>\n<p><strong>O plen\u00e1rio da C\u00e2mara dos Deputados aprovou nesta quarta-feira(25) o acordo de com\u00e9rcio entre o <a href=\"https:\/\/agenciabrasil.ebc.com.br\/internacional\/noticia\/2026-01\/uniao-europeia-aprova-assinatura-de-acordo-comercial-com-mercosul\">Mercosul e a Uni\u00e3o Europeia<\/a>. <\/strong>O texto do acordo <a href=\"https:\/\/agenciabrasil.ebc.com.br\/economia\/noticia\/2026-02\/representacao-brasileira-do-parlasul-aprova-acordo-mercosul-ue\">foi aprovado ontem<\/a> (24) pela representa\u00e7\u00e3o brasileira no Parlamento do Mercosul (Parlasul).\u00a0<img decoding=\"async\" src=\"https:\/\/agenciabrasil.ebc.com.br\/ebc.png?id=1679386&#038;o=rss\"><img decoding=\"async\" src=\"https:\/\/agenciabrasil.ebc.com.br\/ebc.gif?id=1679386&#038;o=rss\"><\/p>\n<p><strong>Com a aprova\u00e7\u00e3o, o texto segue para vota\u00e7\u00e3o no plen\u00e1rio do Senado.\u00a0O acordo ainda tem que ser ratificado ainda nos Congressos da Argentina, Paraguai e Uruguai. <\/strong><\/p>\n<\/p>\n<h3>Not\u00edcias relacionadas:<\/h3>\n<ul>\n<li><a href=\"https:\/\/agenciabrasil.ebc.com.br\/economia\/noticia\/2026-02\/representacao-brasileira-do-parlasul-aprova-acordo-mercosul-ue\">Representa\u00e7\u00e3o Brasileira do Parlasul aprova acordo Mercosul-UE.<\/a><\/li>\n<li><a href=\"https:\/\/agenciabrasil.ebc.com.br\/internacional\/noticia\/2026-02\/lula-envia-acordo-comercial-mercosul-ue-para-o-congresso-nacional\">Lula envia acordo comercial Mercosul-UE para o Congresso Nacional.<\/a><\/li>\n<li><a href=\"https:\/\/agenciabrasil.ebc.com.br\/economia\/noticia\/2026-01\/entenda-em-13-pontos-o-acordo-mercosul-ue\">Entenda em 13 pontos o acordo Mercosul\u2013UE.<\/a><\/li>\n<\/ul>\n<p>O Parlamento Europeu pediu\u00a0ao Tribunal de Justi\u00e7a da Uni\u00e3o Europeia <a href=\"https:\/\/agenciabrasil.ebc.com.br\/internacional\/noticia\/2026-01\/parlamento-europeu-pede-que-justica-avalie-acordo-com-mercosul\">uma avalia\u00e7\u00e3o jur\u00eddica sobre o acordo<\/a>.\u00a0<strong>A entrada em vigor apenas ap\u00f3s conclus\u00e3o de todos os tr\u00e2mites.<\/strong><\/p>\n<p>O acordo, aprovado na C\u00e2mara em vota\u00e7\u00e3o simb\u00f3lica com voto contr\u00e1rio da federa\u00e7\u00e3o Psol-Rede, cria uma \u00e1rea de livre com\u00e9rcio entre os dois blocos, com redu\u00e7\u00e3o gradual de tarifas e preserva\u00e7\u00e3o de setores considerados sens\u00edveis, al\u00e9m de prever salvaguardas e mecanismos de solu\u00e7\u00e3o de controv\u00e9rsias.\u00a0<\/p>\n<p><a href=\"https:\/\/agenciabrasil.ebc.com.br\/internacional\/noticia\/2026-01\/mercosul-e-uniao-europeia-assinam-acordo-comercial-neste-sabado\">Assinado no dia 17 de janeiro<\/a>, no Paraguai, o acordo <a href=\"https:\/\/agenciabrasil.ebc.com.br\/internacional\/noticia\/2026-02\/lula-envia-acordo-comercial-mercosul-ue-para-o-congresso-nacional\">foi enviado para an\u00e1lise<\/a> da representa\u00e7\u00e3o brasileira no Parlasul pelo presidente Luiz In\u00e1cio Lula da Silva no dia 2 de fevereiro.<\/p>\n<p>O debate na representa\u00e7\u00e3o brasileira come\u00e7ou no dia 10 de fevereiro, quando o deputado Arlindo Chinaglia (PT-SP) leu seu relat\u00f3rio sobre o acordo, mas um <a href=\"https:\/\/agenciabrasil.ebc.com.br\/politica\/noticia\/2026-02\/pedido-de-vista-adia-votacao-de-relatorio-sobre-acordo-mercosul-uniao\">pedido de vista adiou a an\u00e1lise<\/a>. Nesta ter\u00e7a-feira, o texto foi aprovado por unanimidade pela representa\u00e7\u00e3o.\u00a0<\/p>\n<p><strong>Por sugest\u00e3o do relator, estar\u00e3o sujeitos \u00e0 aprova\u00e7\u00e3o do Congresso quaisquer atos que possam resultar em den\u00fancia ou em revis\u00e3o do acordo, bem como eventuais ajustes que acarretem encargos ou compromissos para o Brasil<\/strong><\/p>\n<blockquote>\n<p>\u201cO acordo abre uma nova etapa de coopera\u00e7\u00e3o e parceria entre os pa\u00edses do Mercosul e da Uni\u00e3o Europeia\u201d, destacou Chinaglia no parecer.<\/p>\n<\/blockquote>\n<p><strong>O texto <a href=\"https:\/\/agenciabrasil.ebc.com.br\/economia\/noticia\/2026-01\/entenda-em-13-pontos-o-acordo-mercosul-ue\">cont\u00e9m 23 cap\u00edtulos<\/a> que tratam, entre outros pontos, da redu\u00e7\u00e3o de impostos de importa\u00e7\u00e3o e da cria\u00e7\u00e3o de regras para diversos setores. O Mercosul zerar\u00e1 tarifas sobre 91% dos bens europeus em at\u00e9 15 anos. J\u00e1 Uni\u00e3o Europeia eliminar\u00e1 tarifas sobre 95% dos bens do Mercosul em at\u00e9 12 anos.<\/strong><\/p>\n<p>O acordo estabelece a maior zona de livre com\u00e9rcio do mundo, com mais de 720 milh\u00f5es de habitantes. A Ag\u00eancia Brasileira de Promo\u00e7\u00e3o de Exporta\u00e7\u00f5es e Investimentos (ApexBrasil) <a href=\"https:\/\/agenciabrasil.ebc.com.br\/economia\/noticia\/2026-01\/apex-estima-que-acordo-mercosul-ue-pode-elevar-exportacoes-do-brasil\">estima que a implementa\u00e7\u00e3o do acordo<\/a> pode incrementar as exporta\u00e7\u00f5es brasileiras em cerca de US$ 7 bilh\u00f5es e ampliar a diversifica\u00e7\u00e3o das vendas internacionais brasileiras, beneficiando inclusive \u00e0 ind\u00fastria nacional.<\/p>\n","protected":false},"excerpt":{"rendered":"<p>O plen\u00e1rio da C\u00e2mara dos Deputados aprovou nesta quarta-feira(25) o acordo de com\u00e9rcio entre o Mercosul e a Uni\u00e3o Europeia. O texto do acordo foi aprovado ontem (24) pela representa\u00e7\u00e3o brasileira no Parlamento do Mercosul (Parlasul).\u00a0 Com a aprova\u00e7\u00e3o, o texto segue para vota\u00e7\u00e3o no plen\u00e1rio do Senado.\u00a0O acordo ainda tem que ser ratificado ainda [&hellip;]<\/p>\n","protected":false},"author":111,"featured_media":13141,"comment_status":"open","ping_status":"open","sticky":false,"template":"","format":"standard","meta":{"site-sidebar-layout":"default","site-content-layout":"","ast-site-content-layout":"","site-content-style":"default","site-sidebar-style":"default","ast-global-header-display":"","ast-banner-title-visibility":"","ast-main-header-display":"","ast-hfb-above-header-display":"","ast-hfb-below-header-display":"","ast-hfb-mobile-header-display":"","site-post-title":"","ast-breadcrumbs-content":"","ast-featured-img":"","footer-sml-layout":"","theme-transparent-header-meta":"","adv-header-id-meta":"","stick-header-meta":"","header-above-stick-meta":"","header-main-stick-meta":"","header-below-stick-meta":"","astra-migrate-meta-layouts":"default","ast-page-background-enabled":"default","ast-page-background-meta":{"desktop":{"background-color":"var(--ast-global-color-4)","background-image":"","background-repeat":"repeat","background-position":"center center","background-size":"auto","background-attachment":"scroll","background-type":"","background-media":"","overlay-type":"","overlay-color":"","overlay-opacity":"","overlay-gradient":""},"tablet":{"background-color":"","background-image":"","background-repeat":"repeat","background-position":"center center","background-size":"auto","background-attachment":"scroll","background-type":"","background-media":"","overlay-type":"","overlay-color":"","overlay-opacity":"","overlay-gradient":""},"mobile":{"background-color":"","background-image":"","background-repeat":"repeat","background-position":"center center","background-size":"auto","background-attachment":"scroll","background-type":"","background-media":"","overlay-type":"","overlay-color":"","overlay-opacity":"","overlay-gradient":""}},"ast-content-background-meta":{"desktop":{"background-color":"var(--ast-global-color-5)","background-image":"","background-repeat":"repeat","background-position":"center center","background-size":"auto","background-attachment":"scroll","background-type":"","background-media":"","overlay-type":"","overlay-color":"","overlay-opacity":"","overlay-gradient":""},"tablet":{"background-color":"var(--ast-global-color-5)","background-image":"","background-repeat":"repeat","background-position":"center center","background-size":"auto","background-attachment":"scroll","background-type":"","background-media":"","overlay-type":"","overlay-color":"","overlay-opacity":"","overlay-gradient":""},"mobile":{"background-color":"var(--ast-global-color-5)","background-image":"","background-repeat":"repeat","background-position":"center center","background-size":"auto","background-attachment":"scroll","background-type":"","background-media":"","overlay-type":"","overlay-color":"","overlay-opacity":"","overlay-gradient":""}},"footnotes":""},"categories":[1],"tags":[],"class_list":["post-13140","post","type-post","status-publish","format-standard","has-post-thumbnail","hentry","category-sem-categoria"],"_links":{"self":[{"href":"https:\/\/jornalregionalms.com.br\/index.php?rest_route=\/wp\/v2\/posts\/13140","targetHints":{"allow":["GET"]}}],"collection":[{"href":"https:\/\/jornalregionalms.com.br\/index.php?rest_route=\/wp\/v2\/posts"}],"about":[{"href":"https:\/\/jornalregionalms.com.br\/index.php?rest_route=\/wp\/v2\/types\/post"}],"author":[{"embeddable":true,"href":"https:\/\/jornalregionalms.com.br\/index.php?rest_route=\/wp\/v2\/users\/111"}],"replies":[{"embeddable":true,"href":"https:\/\/jornalregionalms.com.br\/index.php?rest_route=%2Fwp%2Fv2%2Fcomments&post=13140"}],"version-history":[{"count":0,"href":"https:\/\/jornalregionalms.com.br\/index.php?rest_route=\/wp\/v2\/posts\/13140\/revisions"}],"wp:featuredmedia":[{"embeddable":true,"href":"https:\/\/jornalregionalms.com.br\/index.php?rest_route=\/wp\/v2\/media\/13141"}],"wp:attachment":[{"href":"https:\/\/jornalregionalms.com.br\/index.php?rest_route=%2Fwp%2Fv2%2Fmedia&parent=13140"}],"wp:term":[{"taxonomy":"category","embeddable":true,"href":"https:\/\/jornalregionalms.com.br\/index.php?rest_route=%2Fwp%2Fv2%2Fcategories&post=13140"},{"taxonomy":"post_tag","embeddable":true,"href":"https:\/\/jornalregionalms.com.br\/index.php?rest_route=%2Fwp%2Fv2%2Ftags&post=13140"}],"curies":[{"name":"wp","href":"https:\/\/api.w.org\/{rel}","templated":true}]}}