{"id":13138,"date":"2026-02-25T22:27:24","date_gmt":"2026-02-26T02:27:24","guid":{"rendered":"https:\/\/jornalregionalms.com.br\/?p=13138"},"modified":"2026-02-25T22:27:24","modified_gmt":"2026-02-26T02:27:24","slug":"ministro-pede-debate-sobre-recursos-para-combater-crime-organizado","status":"publish","type":"post","link":"https:\/\/jornalregionalms.com.br\/?p=13138","title":{"rendered":"Ministro pede debate sobre recursos para combater crime organizado"},"content":{"rendered":"<\/p>\n<p><a class=\"\" href=\"https:\/\/agenciabrasil.ebc.com.br\/politica\/noticia\/2026-02\/ministro-pede-debate-sobre-recursos-para-combater-crime-organizado\"><br \/>\n                    <img decoding=\"async\" src=\"https:\/\/cdn.jsdelivr.net\/gh\/sergiosdlima\/assets-ebc@1.0.0\/abr\/assets\/images\/logo-agenciabrasil.svg\" alt=\"Logo Ag\u00eancia Brasil\"><br \/>\n\t\t\t\t<\/a><\/p>\n<p>Ap\u00f3s aprova\u00e7\u00e3o pela C\u00e2mara dos Deputados do PL Antifac\u00e7\u00e3o na noite de ter\u00e7a-feira (24), o ministro da Justi\u00e7a e da Seguran\u00e7a P\u00fablica, Wellington Cesar Lima e Silva, disse hoje\u00a0(25)\u00a0que \u00e9 necess\u00e1rio que o Congresso debata propostas efetivas de recursos para combater o crime organizado no pa\u00eds.\u00a0<strong>O <a href=\"https:\/\/agenciabrasil.ebc.com.br\/politica\/noticia\/2026-02\/camara-aprova-pl-antifaccao-e-endurece-penas-para-crime-organizado\" target=\"_blank\">PL aprovado<\/a> prev\u00ea o aumento de penas pela participa\u00e7\u00e3o em organiza\u00e7\u00e3o criminosa ou mil\u00edcia.<\/strong><img decoding=\"async\" src=\"https:\/\/agenciabrasil.ebc.com.br\/ebc.png?id=1679391&#038;o=rss\"><img decoding=\"async\" src=\"https:\/\/agenciabrasil.ebc.com.br\/ebc.gif?id=1679391&#038;o=rss\"><\/p>\n<blockquote>\n<p>\u201cN\u00f3s temos certeza absoluta de que o Congresso brasileiro ter\u00e1 a oportunidade de viabilizar, no debate da PEC (da Seguran\u00e7a P\u00fablica), proposi\u00e7\u00f5es estruturantes de financiamento da seguran\u00e7a p\u00fablica\u201d, afirmou o ministro, em entrevista \u00e0 imprensa.<\/p>\n<\/blockquote>\n<h3>Not\u00edcias relacionadas:<\/h3>\n<ul>\n<li><a href=\"https:\/\/agenciabrasil.ebc.com.br\/justica\/noticia\/2026-02\/crime-organizado-cpi-convida-moraes-e-toffoli-para-falarem-do-master\">Crime Organizado: CPI convida Moraes e Toffoli para falarem do Master.<\/a><\/li>\n<\/ul>\n<p>No texto final, aprovado ontem, acabou sendo retirada pela C\u00e2mara a cria\u00e7\u00e3o da Contribui\u00e7\u00e3o de Interven\u00e7\u00e3o no Dom\u00ednio Econ\u00f4mico (Cide) sobre bets (apostas esportivas) para financiar o combate ao crime organizado. <strong>O ministro disse que n\u00e3o tinha conhecimento que essa forma de financiamento seria rejeitada.<\/strong><\/p>\n<p>Na entrevista, no entanto, ele disse que o tema de recursos para seguran\u00e7a p\u00fablica deve ser tratado com prioridade. Para o ministro, podem haver diferentes caminhos, <strong>al\u00e9m do financiamento do recurso das bets<\/strong>.\u00a0<\/p>\n<blockquote>\n<p>\u201cO fundamental \u00e9 que o Parlamento perceba essa expectativa e que seja atendido logo a seguir com a PEC, atrav\u00e9s de algum modelo que surja no Congresso ou que seja apresentado pelo governo.\u201d<\/p>\n<\/blockquote>\n<h2>Texto final &#8220;aperfei\u00e7oado&#8221;<\/h2>\n<p>A<strong> par do rev\u00e9s em rela\u00e7\u00e3o ao financiamento, Lima e Silva disse que o relat\u00f3rio final acolheu 14 das 23 propostas do Executivo para aperfei\u00e7oar o texto final apresentado pelo relator da mat\u00e9ria, o deputado Guilherme Derrite (PP-SP).<\/strong>\u00a0<\/p>\n<blockquote>\n<p>\u201cA nossa preocupa\u00e7\u00e3o \u00e9 dar \u00e0 seguran\u00e7a p\u00fablica e \u00e0 popula\u00e7\u00e3o brasileira uma financiabilidade compat\u00edvel com o tamanho do problema e da prioridade do assunto\u201d, disse.\u00a0<\/p>\n<\/blockquote>\n<p>O ministro\u00a0lembrou que a proposta original foi do governo federal e a aprova\u00e7\u00e3o, ao final de todo o processo, constitui\u00a0um marco importante no combate ao crime organizado. Entre as propostas, ele entende que foi poss\u00edvel evitar uma potencial criminaliza\u00e7\u00e3o dos movimentos sociais e aperfei\u00e7oamento dos tipos penais<\/p>\n<p>Antes da poss\u00edvel san\u00e7\u00e3o do presidente Lula, o ministro ainda disse que n\u00e3o foi definido se ocorrer\u00e3o vetos ao texto aprovado pela C\u00e2mara. <strong>H\u00e1 um prazo de 15 dias \u00fateis, ap\u00f3s recebimento da mat\u00e9ria. Segundo o ministro, a Casa Civil deve fazer as observa\u00e7\u00f5es e encaminhar ao presidente.<\/strong><\/p>\n","protected":false},"excerpt":{"rendered":"<p>Ap\u00f3s aprova\u00e7\u00e3o pela C\u00e2mara dos Deputados do PL Antifac\u00e7\u00e3o na noite de ter\u00e7a-feira (24), o ministro da Justi\u00e7a e da Seguran\u00e7a P\u00fablica, Wellington Cesar Lima e Silva, disse hoje\u00a0(25)\u00a0que \u00e9 necess\u00e1rio que o Congresso debata propostas efetivas de recursos para combater o crime organizado no pa\u00eds.\u00a0O PL aprovado prev\u00ea o aumento de penas pela participa\u00e7\u00e3o [&hellip;]<\/p>\n","protected":false},"author":74,"featured_media":13139,"comment_status":"open","ping_status":"open","sticky":false,"template":"","format":"standard","meta":{"site-sidebar-layout":"default","site-content-layout":"","ast-site-content-layout":"","site-content-style":"default","site-sidebar-style":"default","ast-global-header-display":"","ast-banner-title-visibility":"","ast-main-header-display":"","ast-hfb-above-header-display":"","ast-hfb-below-header-display":"","ast-hfb-mobile-header-display":"","site-post-title":"","ast-breadcrumbs-content":"","ast-featured-img":"","footer-sml-layout":"","theme-transparent-header-meta":"","adv-header-id-meta":"","stick-header-meta":"","header-above-stick-meta":"","header-main-stick-meta":"","header-below-stick-meta":"","astra-migrate-meta-layouts":"default","ast-page-background-enabled":"default","ast-page-background-meta":{"desktop":{"background-color":"var(--ast-global-color-4)","background-image":"","background-repeat":"repeat","background-position":"center center","background-size":"auto","background-attachment":"scroll","background-type":"","background-media":"","overlay-type":"","overlay-color":"","overlay-opacity":"","overlay-gradient":""},"tablet":{"background-color":"","background-image":"","background-repeat":"repeat","background-position":"center center","background-size":"auto","background-attachment":"scroll","background-type":"","background-media":"","overlay-type":"","overlay-color":"","overlay-opacity":"","overlay-gradient":""},"mobile":{"background-color":"","background-image":"","background-repeat":"repeat","background-position":"center center","background-size":"auto","background-attachment":"scroll","background-type":"","background-media":"","overlay-type":"","overlay-color":"","overlay-opacity":"","overlay-gradient":""}},"ast-content-background-meta":{"desktop":{"background-color":"var(--ast-global-color-5)","background-image":"","background-repeat":"repeat","background-position":"center center","background-size":"auto","background-attachment":"scroll","background-type":"","background-media":"","overlay-type":"","overlay-color":"","overlay-opacity":"","overlay-gradient":""},"tablet":{"background-color":"var(--ast-global-color-5)","background-image":"","background-repeat":"repeat","background-position":"center center","background-size":"auto","background-attachment":"scroll","background-type":"","background-media":"","overlay-type":"","overlay-color":"","overlay-opacity":"","overlay-gradient":""},"mobile":{"background-color":"var(--ast-global-color-5)","background-image":"","background-repeat":"repeat","background-position":"center center","background-size":"auto","background-attachment":"scroll","background-type":"","background-media":"","overlay-type":"","overlay-color":"","overlay-opacity":"","overlay-gradient":""}},"footnotes":""},"categories":[1],"tags":[],"class_list":["post-13138","post","type-post","status-publish","format-standard","has-post-thumbnail","hentry","category-sem-categoria"],"_links":{"self":[{"href":"https:\/\/jornalregionalms.com.br\/index.php?rest_route=\/wp\/v2\/posts\/13138","targetHints":{"allow":["GET"]}}],"collection":[{"href":"https:\/\/jornalregionalms.com.br\/index.php?rest_route=\/wp\/v2\/posts"}],"about":[{"href":"https:\/\/jornalregionalms.com.br\/index.php?rest_route=\/wp\/v2\/types\/post"}],"author":[{"embeddable":true,"href":"https:\/\/jornalregionalms.com.br\/index.php?rest_route=\/wp\/v2\/users\/74"}],"replies":[{"embeddable":true,"href":"https:\/\/jornalregionalms.com.br\/index.php?rest_route=%2Fwp%2Fv2%2Fcomments&post=13138"}],"version-history":[{"count":0,"href":"https:\/\/jornalregionalms.com.br\/index.php?rest_route=\/wp\/v2\/posts\/13138\/revisions"}],"wp:featuredmedia":[{"embeddable":true,"href":"https:\/\/jornalregionalms.com.br\/index.php?rest_route=\/wp\/v2\/media\/13139"}],"wp:attachment":[{"href":"https:\/\/jornalregionalms.com.br\/index.php?rest_route=%2Fwp%2Fv2%2Fmedia&parent=13138"}],"wp:term":[{"taxonomy":"category","embeddable":true,"href":"https:\/\/jornalregionalms.com.br\/index.php?rest_route=%2Fwp%2Fv2%2Fcategories&post=13138"},{"taxonomy":"post_tag","embeddable":true,"href":"https:\/\/jornalregionalms.com.br\/index.php?rest_route=%2Fwp%2Fv2%2Ftags&post=13138"}],"curies":[{"name":"wp","href":"https:\/\/api.w.org\/{rel}","templated":true}]}}