{"id":13134,"date":"2026-02-25T22:27:21","date_gmt":"2026-02-26T02:27:21","guid":{"rendered":"https:\/\/jornalregionalms.com.br\/?p=13134"},"modified":"2026-02-25T22:27:21","modified_gmt":"2026-02-26T02:27:21","slug":"sindicatos-repudiam-violencia-contra-jornalista-na-camara","status":"publish","type":"post","link":"https:\/\/jornalregionalms.com.br\/?p=13134","title":{"rendered":"Sindicatos repudiam viol\u00eancia contra jornalista na C\u00e2mara"},"content":{"rendered":"<\/p>\n<p><a class=\"\" href=\"https:\/\/agenciabrasil.ebc.com.br\/politica\/noticia\/2026-02\/sindicatos-repudiam-violencia-contra-jornalista-na-camara\"><br \/>\n                    <img decoding=\"async\" src=\"https:\/\/cdn.jsdelivr.net\/gh\/sergiosdlima\/assets-ebc@1.0.0\/abr\/assets\/images\/logo-agenciabrasil.svg\" alt=\"Logo Ag\u00eancia Brasil\"><br \/>\n\t\t\t\t<\/a><\/p>\n<p><strong>Entidades ligadas ao jornalismo repudiaram, em nota nesta quarta-feira (24), um epis\u00f3dio de viol\u00eancia sofrido pela jornalista Manuela Borges, do Portal ICL Not\u00edcias,\u00a0no Sal\u00e3o Verde da C\u00e2mara dos Deputados, em Bras\u00edlia, na tarde de ter\u00e7a-feira (23).\u00a0<\/strong><img decoding=\"async\" src=\"https:\/\/agenciabrasil.ebc.com.br\/ebc.png?id=1679416&#038;o=rss\"><img decoding=\"async\" src=\"https:\/\/agenciabrasil.ebc.com.br\/ebc.gif?id=1679416&#038;o=rss\"><\/p>\n<p><strong>As entidades consideraram o epis\u00f3dio \u201cinaceit\u00e1vel e absurdo\u201d e apontaram ter havido \u201cgrave viol\u00eancia\u201d e \u201ccoa\u00e7\u00e3o\u201d\u00a0profissional que estava no exerc\u00edcio da fun\u00e7\u00e3o dentro de uma Casa legislativa.\u00a0<\/strong><\/p>\n<\/p>\n<h3>Not\u00edcias relacionadas:<\/h3>\n<ul>\n<li><a href=\"https:\/\/agenciabrasil.ebc.com.br\/internacional\/noticia\/2026-02\/ong-2025-tem-129-jornalistas-mortos-mais-de-80-por-israel\">Em 2025, 129 jornalistas foram assassinados; mais de 80 por Israel.<\/a><\/li>\n<\/ul>\n<p>O documento \u00e9 assinado pelo Sindicato dos Jornalistas Profissionais do Distrito Federal (SJPDF), pelo Coletivo de Mulheres Jornalistas do DF, pela Federa\u00e7\u00e3o Nacional de Jornalistas (FENAJ) e pela Comiss\u00e3o de Mulheres Jornalistas da FENAJ.<\/p>\n<p>Ontem, Manuela Borges foi cercada e intimidada por um grupo de cerca de 20 servidores de gabinetes de parlamentares. As viol\u00eancias ocorreram depois de ela questionar parlamentares do PL sobre a instala\u00e7\u00e3o de outdoors no Distrito Federal com imagens da ex-primeira-dama\u00a0Michelle Bolsonaro e da deputada federal, Bia Kicis (PL-DF).<\/p>\n<p>Ela cobria uma entrevista \u00e0 imprensa de\u00a0parlamentares opositores ao governo federal em que estavam presentes assessores e tamb\u00e9m pessoas que filmavam sem credenciamento.\u00a0Depois de fazer a pergunta sobre os outdoors no Distrito Federal, Manuela passou a ser hostilizada. Ela conta que simpatizantes dos pol\u00edticos passaram a colocar os celulares muito perto de\u00a0seu rosto\u00a0e houve gritos em tom de intimida\u00e7\u00e3o.\u00a0<\/p>\n<p><strong>\u201cNosso papel \u00e9 o de fazer perguntas. Doa a quem doer. N\u00e3o podemos sofrer viol\u00eancia por causa disso\u201d, disse a jornalista em entrevista \u00e0\u00a0Ag\u00eancia Brasil.<\/strong><\/p>\n<h2>Viol\u00eancia de g\u00eanero<\/h2>\n<p>Para as entidades, o cerco agressivo contra uma mulher jornalista tem por objetivo silenciar os questionamentos e fragilizar a presen\u00e7a feminina nos espa\u00e7os de poder.<\/p>\n<p><strong>\u201cA liberdade de imprensa \u00e9 pilar fundamental da democracia e n\u00e3o pode ser cerceada por m\u00e9todos de coa\u00e7\u00e3o f\u00edsica e psicol\u00f3gica praticados por servidores p\u00fablicos pagos com o dinheiro da sociedade\u201d, destacou a nota.<\/strong><\/p>\n<p>Para os representantes dos profissionais, a viol\u00eancia excede o ataque individual \u00e0 profissional, e se constitui um ataque frontal contra a categoria de jornalistas, contra a profiss\u00e3o e contra o pr\u00f3prio jornalismo.\u00a0<\/p>\n<p>As entidades afirmaram ainda que a Pol\u00edcia Legislativa, que estava presente no local, n\u00e3o interferiu de nenhuma forma para garantir a integridade da jornalista durante o epis\u00f3dio.\u00a0<\/p>\n<h2>Responsabiliza\u00e7\u00e3o<\/h2>\n<p><strong>Na nota, os representantes da categoria pedem \u00e0 presid\u00eancia da C\u00e2mara dos Deputados a imediata e rigorosa apura\u00e7\u00e3o do caso<\/strong> e exigem a \u201cresponsabiliza\u00e7\u00e3o administrativa e legal de todos os servidores e parlamentares envolvidos na viol\u00eancia contra a jornalista\u201d.<\/p>\n<p>As entidades ainda querem medidas de seguran\u00e7a que \u201cgarantam o livre exerc\u00edcio da profiss\u00e3o por jornalistas em todas as depend\u00eancias do Congresso Nacional\u201d. Os representantes da categoria far\u00e3o uma representa\u00e7\u00e3o formal \u00e0 Presid\u00eancia da C\u00e2mara, com imagens e v\u00eddeos que auxiliem na identifica\u00e7\u00e3o dos agressores.<\/p>\n<p>De acordo com as entidades, entre\u00a0os agressores, havia, inclusive, pessoas com crach\u00e1 de servidores de gabinetes parlamentares, al\u00e9m de militantes pol\u00edticos.<\/p>\n<p>Apesar desse epis\u00f3dio de viol\u00eancia, a jornalista Manuela Borges disse que n\u00e3o vai se intimidar e que pretende continuar a cobertura na C\u00e2mara dos Deputados normalmente, como faz h\u00e1 mais de 20 anos.\u00a0Em 2014, ela tamb\u00e9m foi ofendida pelo ent\u00e3o deputado federal Jair Bolsonaro depois de fazer perguntas sobre o golpe de 1964.\u00a0<\/p>\n<p>A reportagem da <strong>Ag\u00eancia Brasil<\/strong> buscou posicionamento do Partido Liberal e da presid\u00eancia da C\u00e2mara sobre o epis\u00f3dio, que ainda n\u00e3o se manifestaram. O espa\u00e7o est\u00e1 aberto para manifesta\u00e7\u00e3o.\u00a0\u00a0<\/p>\n","protected":false},"excerpt":{"rendered":"<p>Entidades ligadas ao jornalismo repudiaram, em nota nesta quarta-feira (24), um epis\u00f3dio de viol\u00eancia sofrido pela jornalista Manuela Borges, do Portal ICL Not\u00edcias,\u00a0no Sal\u00e3o Verde da C\u00e2mara dos Deputados, em Bras\u00edlia, na tarde de ter\u00e7a-feira (23).\u00a0 As entidades consideraram o epis\u00f3dio \u201cinaceit\u00e1vel e absurdo\u201d e apontaram ter havido \u201cgrave viol\u00eancia\u201d e \u201ccoa\u00e7\u00e3o\u201d\u00a0profissional que estava no [&hellip;]<\/p>\n","protected":false},"author":74,"featured_media":13135,"comment_status":"open","ping_status":"open","sticky":false,"template":"","format":"standard","meta":{"site-sidebar-layout":"default","site-content-layout":"","ast-site-content-layout":"","site-content-style":"default","site-sidebar-style":"default","ast-global-header-display":"","ast-banner-title-visibility":"","ast-main-header-display":"","ast-hfb-above-header-display":"","ast-hfb-below-header-display":"","ast-hfb-mobile-header-display":"","site-post-title":"","ast-breadcrumbs-content":"","ast-featured-img":"","footer-sml-layout":"","theme-transparent-header-meta":"","adv-header-id-meta":"","stick-header-meta":"","header-above-stick-meta":"","header-main-stick-meta":"","header-below-stick-meta":"","astra-migrate-meta-layouts":"default","ast-page-background-enabled":"default","ast-page-background-meta":{"desktop":{"background-color":"var(--ast-global-color-4)","background-image":"","background-repeat":"repeat","background-position":"center center","background-size":"auto","background-attachment":"scroll","background-type":"","background-media":"","overlay-type":"","overlay-color":"","overlay-opacity":"","overlay-gradient":""},"tablet":{"background-color":"","background-image":"","background-repeat":"repeat","background-position":"center center","background-size":"auto","background-attachment":"scroll","background-type":"","background-media":"","overlay-type":"","overlay-color":"","overlay-opacity":"","overlay-gradient":""},"mobile":{"background-color":"","background-image":"","background-repeat":"repeat","background-position":"center center","background-size":"auto","background-attachment":"scroll","background-type":"","background-media":"","overlay-type":"","overlay-color":"","overlay-opacity":"","overlay-gradient":""}},"ast-content-background-meta":{"desktop":{"background-color":"var(--ast-global-color-5)","background-image":"","background-repeat":"repeat","background-position":"center center","background-size":"auto","background-attachment":"scroll","background-type":"","background-media":"","overlay-type":"","overlay-color":"","overlay-opacity":"","overlay-gradient":""},"tablet":{"background-color":"var(--ast-global-color-5)","background-image":"","background-repeat":"repeat","background-position":"center center","background-size":"auto","background-attachment":"scroll","background-type":"","background-media":"","overlay-type":"","overlay-color":"","overlay-opacity":"","overlay-gradient":""},"mobile":{"background-color":"var(--ast-global-color-5)","background-image":"","background-repeat":"repeat","background-position":"center center","background-size":"auto","background-attachment":"scroll","background-type":"","background-media":"","overlay-type":"","overlay-color":"","overlay-opacity":"","overlay-gradient":""}},"footnotes":""},"categories":[1],"tags":[],"class_list":["post-13134","post","type-post","status-publish","format-standard","has-post-thumbnail","hentry","category-sem-categoria"],"_links":{"self":[{"href":"https:\/\/jornalregionalms.com.br\/index.php?rest_route=\/wp\/v2\/posts\/13134","targetHints":{"allow":["GET"]}}],"collection":[{"href":"https:\/\/jornalregionalms.com.br\/index.php?rest_route=\/wp\/v2\/posts"}],"about":[{"href":"https:\/\/jornalregionalms.com.br\/index.php?rest_route=\/wp\/v2\/types\/post"}],"author":[{"embeddable":true,"href":"https:\/\/jornalregionalms.com.br\/index.php?rest_route=\/wp\/v2\/users\/74"}],"replies":[{"embeddable":true,"href":"https:\/\/jornalregionalms.com.br\/index.php?rest_route=%2Fwp%2Fv2%2Fcomments&post=13134"}],"version-history":[{"count":0,"href":"https:\/\/jornalregionalms.com.br\/index.php?rest_route=\/wp\/v2\/posts\/13134\/revisions"}],"wp:featuredmedia":[{"embeddable":true,"href":"https:\/\/jornalregionalms.com.br\/index.php?rest_route=\/wp\/v2\/media\/13135"}],"wp:attachment":[{"href":"https:\/\/jornalregionalms.com.br\/index.php?rest_route=%2Fwp%2Fv2%2Fmedia&parent=13134"}],"wp:term":[{"taxonomy":"category","embeddable":true,"href":"https:\/\/jornalregionalms.com.br\/index.php?rest_route=%2Fwp%2Fv2%2Fcategories&post=13134"},{"taxonomy":"post_tag","embeddable":true,"href":"https:\/\/jornalregionalms.com.br\/index.php?rest_route=%2Fwp%2Fv2%2Ftags&post=13134"}],"curies":[{"name":"wp","href":"https:\/\/api.w.org\/{rel}","templated":true}]}}