{"id":13130,"date":"2026-02-25T22:27:18","date_gmt":"2026-02-26T02:27:18","guid":{"rendered":"https:\/\/jornalregionalms.com.br\/?p=13130"},"modified":"2026-02-25T22:27:18","modified_gmt":"2026-02-26T02:27:18","slug":"stf-entidades-ingressam-em-acao-contra-anistia-no-caso-rubens-paiva","status":"publish","type":"post","link":"https:\/\/jornalregionalms.com.br\/?p=13130","title":{"rendered":"STF: entidades ingressam em a\u00e7\u00e3o contra anistia no caso Rubens Paiva"},"content":{"rendered":"<\/p>\n<p><a class=\"\" href=\"https:\/\/agenciabrasil.ebc.com.br\/justica\/noticia\/2026-02\/stf-entidades-ingressam-em-acao-contra-anistia-no-caso-rubens-paiva\"><br \/>\n                    <img decoding=\"async\" src=\"https:\/\/cdn.jsdelivr.net\/gh\/sergiosdlima\/assets-ebc@1.0.0\/abr\/assets\/images\/logo-agenciabrasil.svg\" alt=\"Logo Ag\u00eancia Brasil\"><br \/>\n\t\t\t\t<\/a><\/p>\n<p><strong>O ministro Alexandre de Moraes, do Supremo Tribunal Federal (STF), autorizou 11 entidades a ingressarem como <em>amicus curiae<\/em> em tr\u00eas a\u00e7\u00f5es que tratam da validade da Lei da Anistia em crimes de sequestro e c\u00e1rcere privado cometidos durante a ditadura militar, vigente entre 1964 e 1985.<\/strong><img decoding=\"async\" src=\"https:\/\/agenciabrasil.ebc.com.br\/ebc.png?id=1679408&#038;o=rss\"><img decoding=\"async\" src=\"https:\/\/agenciabrasil.ebc.com.br\/ebc.gif?id=1679408&#038;o=rss\"><\/p>\n<p><em>\u200b\u200bAmicus curiae<\/em> (amigo da Corte) \u00e9 uma express\u00e3o latina utilizada para designar a entidade que ingressa no processo com a fun\u00e7\u00e3o de fornecer subs\u00eddios ao \u00f3rg\u00e3o julgador.<\/p>\n<\/p>\n<h3>Not\u00edcias relacionadas:<\/h3>\n<ul>\n<li><a href=\"https:\/\/agenciabrasil.ebc.com.br\/justica\/noticia\/2025-02\/moraes-e-fux-votam-por-destravar-processo-sobre-morte-de-rubens-paiva\">Moraes e Fux votam por destravar processo sobre morte de Rubens Paiva.<\/a><\/li>\n<li><a href=\"https:\/\/agenciabrasil.ebc.com.br\/justica\/noticia\/2025-01\/stf-deve-analisar-uso-da-lei-da-anistia-no-caso-rubens-paiva-diz-pgr\">STF deve analisar uso da Lei da Anistia no caso Rubens Paiva, diz PGR .<\/a><\/li>\n<\/ul>\n<p>Os processos s\u00e3o o recurso extraordin\u00e1rio com agravo 1316562 e o recurso extraordin\u00e1rio 881748, que <strong>tratam do desaparecimento for\u00e7ado do ex-deputado Rubens Paiva e do jornalista M\u00e1rio Alves, cujos corpos nunca foram encontrados<\/strong>; e o recurso extraordin\u00e1rio com agravo 1058822, que diz respeito ao<strong> assassinato do militante Helber Goulart, da A\u00e7\u00e3o Libertadora Nacional (ANL)<\/strong>.\u00a0<\/p>\n<p>De acordo com o STF, nos tr\u00eas casos, o Minist\u00e9rio P\u00fablico Federal (MPF) questiona decis\u00f5es do Superior Tribunal de Justi\u00e7a (STJ) e do Tribunal Regional Federal da 2\u00aa Regi\u00e3o (TRF-2), que entenderam que os crimes estavam abrangidos pela Lei da Anistia e encerraram as a\u00e7\u00f5es penais contra os acusados.<\/p>\n<p>Segundo o despacho do ministro relator dos processos, Alexandre de Moraes, <strong>foram autorizados a ingressar nas a\u00e7\u00f5es a Comiss\u00e3o de Defesa Dos Direitos Humanos Dom Paulo Evaristo (Comiss\u00e3o Arns); a Federa\u00e7\u00e3o Nacional de Estudantes de Direito (FENED); a Cl\u00ednica Interamericana de Direitos Humanos da Universidade Federal do Rio de Janeiro; a Uni\u00e3o Nacional dos Estudantes (UNE); e a Conectas Direitos Humanos<\/strong>.<\/p>\n<p>Tamb\u00e9m foram autorizados a <strong>Cl\u00ednica de Direitos Humanos da Universidade Federal de S\u00e3o Paulo (UNIFESP); o Grupo Direitos Humanos, Democracia e Mem\u00f3ria (GPDH); o Instituto Vladimir Herzog; a Coaliz\u00e3o Brasil Por Mem\u00f3ria, Verdade, Justi\u00e7a, Repara\u00e7\u00e3o e Democracia (Coaliz\u00e3o Mem\u00f3ria); a Associa\u00e7\u00e3o Ju\u00edzes Para a Democracia (AJD) e a Justi\u00e7a Global.<\/strong><\/p>\n<p>\u201cNa presente hip\u00f3tese, os requerentes preencheram os requisitos essenciais e, uma vez admitidos como <em>amici curiae<\/em>, suas participa\u00e7\u00f5es dever\u00e3o ser as mais amplas poss\u00edveis, pois, juntamente com as audi\u00eancias p\u00fablicas, trata-se de instrumento de democratiza\u00e7\u00e3o e maior legitima\u00e7\u00e3o da atua\u00e7\u00e3o do Supremo Tribunal Federal\u201d, disse Moraes em despacho do \u00faltimo dia 20, publicado no dia 23.<\/p>\n<p>\u00a0<\/p>\n","protected":false},"excerpt":{"rendered":"<p>O ministro Alexandre de Moraes, do Supremo Tribunal Federal (STF), autorizou 11 entidades a ingressarem como amicus curiae em tr\u00eas a\u00e7\u00f5es que tratam da validade da Lei da Anistia em crimes de sequestro e c\u00e1rcere privado cometidos durante a ditadura militar, vigente entre 1964 e 1985. \u200b\u200bAmicus curiae (amigo da Corte) \u00e9 uma express\u00e3o latina [&hellip;]<\/p>\n","protected":false},"author":50,"featured_media":13131,"comment_status":"open","ping_status":"open","sticky":false,"template":"","format":"standard","meta":{"site-sidebar-layout":"default","site-content-layout":"","ast-site-content-layout":"","site-content-style":"default","site-sidebar-style":"default","ast-global-header-display":"","ast-banner-title-visibility":"","ast-main-header-display":"","ast-hfb-above-header-display":"","ast-hfb-below-header-display":"","ast-hfb-mobile-header-display":"","site-post-title":"","ast-breadcrumbs-content":"","ast-featured-img":"","footer-sml-layout":"","theme-transparent-header-meta":"","adv-header-id-meta":"","stick-header-meta":"","header-above-stick-meta":"","header-main-stick-meta":"","header-below-stick-meta":"","astra-migrate-meta-layouts":"default","ast-page-background-enabled":"default","ast-page-background-meta":{"desktop":{"background-color":"var(--ast-global-color-4)","background-image":"","background-repeat":"repeat","background-position":"center center","background-size":"auto","background-attachment":"scroll","background-type":"","background-media":"","overlay-type":"","overlay-color":"","overlay-opacity":"","overlay-gradient":""},"tablet":{"background-color":"","background-image":"","background-repeat":"repeat","background-position":"center center","background-size":"auto","background-attachment":"scroll","background-type":"","background-media":"","overlay-type":"","overlay-color":"","overlay-opacity":"","overlay-gradient":""},"mobile":{"background-color":"","background-image":"","background-repeat":"repeat","background-position":"center center","background-size":"auto","background-attachment":"scroll","background-type":"","background-media":"","overlay-type":"","overlay-color":"","overlay-opacity":"","overlay-gradient":""}},"ast-content-background-meta":{"desktop":{"background-color":"var(--ast-global-color-5)","background-image":"","background-repeat":"repeat","background-position":"center center","background-size":"auto","background-attachment":"scroll","background-type":"","background-media":"","overlay-type":"","overlay-color":"","overlay-opacity":"","overlay-gradient":""},"tablet":{"background-color":"var(--ast-global-color-5)","background-image":"","background-repeat":"repeat","background-position":"center center","background-size":"auto","background-attachment":"scroll","background-type":"","background-media":"","overlay-type":"","overlay-color":"","overlay-opacity":"","overlay-gradient":""},"mobile":{"background-color":"var(--ast-global-color-5)","background-image":"","background-repeat":"repeat","background-position":"center center","background-size":"auto","background-attachment":"scroll","background-type":"","background-media":"","overlay-type":"","overlay-color":"","overlay-opacity":"","overlay-gradient":""}},"footnotes":""},"categories":[1],"tags":[],"class_list":["post-13130","post","type-post","status-publish","format-standard","has-post-thumbnail","hentry","category-sem-categoria"],"_links":{"self":[{"href":"https:\/\/jornalregionalms.com.br\/index.php?rest_route=\/wp\/v2\/posts\/13130","targetHints":{"allow":["GET"]}}],"collection":[{"href":"https:\/\/jornalregionalms.com.br\/index.php?rest_route=\/wp\/v2\/posts"}],"about":[{"href":"https:\/\/jornalregionalms.com.br\/index.php?rest_route=\/wp\/v2\/types\/post"}],"author":[{"embeddable":true,"href":"https:\/\/jornalregionalms.com.br\/index.php?rest_route=\/wp\/v2\/users\/50"}],"replies":[{"embeddable":true,"href":"https:\/\/jornalregionalms.com.br\/index.php?rest_route=%2Fwp%2Fv2%2Fcomments&post=13130"}],"version-history":[{"count":0,"href":"https:\/\/jornalregionalms.com.br\/index.php?rest_route=\/wp\/v2\/posts\/13130\/revisions"}],"wp:featuredmedia":[{"embeddable":true,"href":"https:\/\/jornalregionalms.com.br\/index.php?rest_route=\/wp\/v2\/media\/13131"}],"wp:attachment":[{"href":"https:\/\/jornalregionalms.com.br\/index.php?rest_route=%2Fwp%2Fv2%2Fmedia&parent=13130"}],"wp:term":[{"taxonomy":"category","embeddable":true,"href":"https:\/\/jornalregionalms.com.br\/index.php?rest_route=%2Fwp%2Fv2%2Fcategories&post=13130"},{"taxonomy":"post_tag","embeddable":true,"href":"https:\/\/jornalregionalms.com.br\/index.php?rest_route=%2Fwp%2Fv2%2Ftags&post=13130"}],"curies":[{"name":"wp","href":"https:\/\/api.w.org\/{rel}","templated":true}]}}