{"id":13126,"date":"2026-02-25T22:27:10","date_gmt":"2026-02-26T02:27:10","guid":{"rendered":"https:\/\/jornalregionalms.com.br\/?p=13126"},"modified":"2026-02-25T22:27:10","modified_gmt":"2026-02-26T02:27:10","slug":"governo-vai-buscar-dialogo-para-reativar-incentivo-para-data-centers","status":"publish","type":"post","link":"https:\/\/jornalregionalms.com.br\/?p=13126","title":{"rendered":"Governo vai buscar di\u00e1logo para reativar incentivo para data centers"},"content":{"rendered":"<\/p>\n<p><a class=\"\" href=\"https:\/\/agenciabrasil.ebc.com.br\/economia\/noticia\/2026-02\/governo-vai-buscar-dialogo-para-reativar-incentivo-para-data-centers\"><br \/>\n                    <img decoding=\"async\" src=\"https:\/\/cdn.jsdelivr.net\/gh\/sergiosdlima\/assets-ebc@1.0.0\/abr\/assets\/images\/logo-agenciabrasil.svg\" alt=\"Logo Ag\u00eancia Brasil\"><br \/>\n\t\t\t\t<\/a><\/p>\n<p><strong>O programa Redata, voltado ao incentivo fiscal para constru\u00e7\u00e3o de data centers (centros de dados) no pa\u00eds, pode ser restabelecido caso haja interesse do Congresso Nacional, disse nesta quarta-feira (25) o ministro da Fazenda, Fernando Haddad.<\/strong><img decoding=\"async\" src=\"https:\/\/agenciabrasil.ebc.com.br\/ebc.png?id=1679410&#038;o=rss\"><img decoding=\"async\" src=\"https:\/\/agenciabrasil.ebc.com.br\/ebc.gif?id=1679410&#038;o=rss\"><\/p>\n<p><strong>A medida provis\u00f3ria (MP) que instituiu o regime especial de tributa\u00e7\u00e3o perdeu validade ap\u00f3s o presidente do Senado, Davi Alcolumbre, decidir n\u00e3o votar o texto dentro do prazo, que acaba nesta quarta.<\/strong><\/p>\n<\/p>\n<h3>Not\u00edcias relacionadas:<\/h3>\n<ul>\n<li><a href=\"https:\/\/agenciabrasil.ebc.com.br\/economia\/noticia\/2025-09\/governo-lanca-regime-especial-para-atrair-datacenters\">Governo lan\u00e7a regime especial para atrair datacenters.<\/a><\/li>\n<\/ul>\n<p>Segundo Haddad, o governo agora buscar\u00e1 di\u00e1logo com os presidentes da C\u00e2mara dos Deputados e do Senado para avaliar se h\u00e1 espa\u00e7o para retomar a proposta.<\/p>\n<blockquote>\n<p>\u201cVamos ter que entender se h\u00e1 uma indisposi\u00e7\u00e3o ou se h\u00e1 negocia\u00e7\u00e3o poss\u00edvel para aprovar um projeto que pode trazer bilh\u00f5es de reais para o Brasil\u201d, declarou o ministro ap\u00f3s acompanhar o presidente Luiz In\u00e1cio Lula da Silva \u00e0 \u00cdndia e \u00e0 Coreia do Sul.<\/p>\n<\/blockquote>\n<p>Segundo Haddad, a equipe econ\u00f4mica estuda alternativas para restabelecer o programa sem violar a legisla\u00e7\u00e3o fiscal que restringe a concess\u00e3o de novos benef\u00edcios tribut\u00e1rios.<\/p>\n<h2>Soberania digital<\/h2>\n<p><strong>Haddad classificou o regime especial como uma quest\u00e3o de \u201csoberania digital\u201d.<\/strong> Segundo ele, o objetivo \u00e9 atrair investimentos e garantir que dados sens\u00edveis de brasileiros sejam processados no pa\u00eds.<\/p>\n<blockquote>\n<p>\u201cPara n\u00f3s, \u00e9 uma quest\u00e3o de soberania digital. Queremos atrair investimentos para o Brasil. Tem muito dado sens\u00edvel que est\u00e1 sendo processado fora do pa\u00eds e que acreditamos que deveria ser processado aqui\u201d, afirmou.<\/p>\n<\/blockquote>\n<p>Data centers s\u00e3o estruturas respons\u00e1veis por armazenar e processar grandes volumes de informa\u00e7\u00e3o, incluindo servi\u00e7os de nuvem e sistemas de intelig\u00eancia artificial. Por demandarem refrigera\u00e7\u00e3o constante, tamb\u00e9m s\u00e3o grandes consumidores de energia el\u00e9trica.<\/p>\n<h2>Regime especial<\/h2>\n<p><a href=\"https:\/\/agenciabrasil.ebc.com.br\/economia\/noticia\/2025-09\/governo-lanca-regime-especial-para-atrair-datacenters\">Editada em setembro<\/a>, a MP do Regime Especial de Tributa\u00e7\u00e3o para Servi\u00e7os de Datacenter (Redata) previa benef\u00edcios fiscais para empresas do setor que cumprissem contrapartidas, como:<\/p>\n<ul>\n<li>\u2022\u00a0 \u00a0 Destinar ao menos 10% do processamento ao mercado interno;<\/li>\n<li>\u2022\u00a0 \u00a0\u00a0Investir 2% do valor de bens adquiridos com incentivo em pesquisa e inova\u00e7\u00e3o digital;<\/li>\n<li>\u2022\u00a0 \u00a0\u00a0Publicar relat\u00f3rios de sustentabilidade, incluindo \u00cdndice de Efici\u00eancia H\u00eddrica (WUE);<\/li>\n<li>\u2022\u00a0 \u00a0 Utilizar exclusivamente fontes de energia limpa ou renov\u00e1vel.<\/li>\n<\/ul>\n<p>A proposta havia sido aprovada pela C\u00e2mara, mas n\u00e3o foi pautada no Senado a tempo de substituir a medida provis\u00f3ria, que perdeu a validade.<\/p>\n","protected":false},"excerpt":{"rendered":"<p>O programa Redata, voltado ao incentivo fiscal para constru\u00e7\u00e3o de data centers (centros de dados) no pa\u00eds, pode ser restabelecido caso haja interesse do Congresso Nacional, disse nesta quarta-feira (25) o ministro da Fazenda, Fernando Haddad. A medida provis\u00f3ria (MP) que instituiu o regime especial de tributa\u00e7\u00e3o perdeu validade ap\u00f3s o presidente do Senado, Davi [&hellip;]<\/p>\n","protected":false},"author":1,"featured_media":13127,"comment_status":"open","ping_status":"open","sticky":false,"template":"","format":"standard","meta":{"site-sidebar-layout":"default","site-content-layout":"","ast-site-content-layout":"","site-content-style":"default","site-sidebar-style":"default","ast-global-header-display":"","ast-banner-title-visibility":"","ast-main-header-display":"","ast-hfb-above-header-display":"","ast-hfb-below-header-display":"","ast-hfb-mobile-header-display":"","site-post-title":"","ast-breadcrumbs-content":"","ast-featured-img":"","footer-sml-layout":"","theme-transparent-header-meta":"","adv-header-id-meta":"","stick-header-meta":"","header-above-stick-meta":"","header-main-stick-meta":"","header-below-stick-meta":"","astra-migrate-meta-layouts":"default","ast-page-background-enabled":"default","ast-page-background-meta":{"desktop":{"background-color":"var(--ast-global-color-4)","background-image":"","background-repeat":"repeat","background-position":"center center","background-size":"auto","background-attachment":"scroll","background-type":"","background-media":"","overlay-type":"","overlay-color":"","overlay-opacity":"","overlay-gradient":""},"tablet":{"background-color":"","background-image":"","background-repeat":"repeat","background-position":"center center","background-size":"auto","background-attachment":"scroll","background-type":"","background-media":"","overlay-type":"","overlay-color":"","overlay-opacity":"","overlay-gradient":""},"mobile":{"background-color":"","background-image":"","background-repeat":"repeat","background-position":"center center","background-size":"auto","background-attachment":"scroll","background-type":"","background-media":"","overlay-type":"","overlay-color":"","overlay-opacity":"","overlay-gradient":""}},"ast-content-background-meta":{"desktop":{"background-color":"var(--ast-global-color-5)","background-image":"","background-repeat":"repeat","background-position":"center center","background-size":"auto","background-attachment":"scroll","background-type":"","background-media":"","overlay-type":"","overlay-color":"","overlay-opacity":"","overlay-gradient":""},"tablet":{"background-color":"var(--ast-global-color-5)","background-image":"","background-repeat":"repeat","background-position":"center center","background-size":"auto","background-attachment":"scroll","background-type":"","background-media":"","overlay-type":"","overlay-color":"","overlay-opacity":"","overlay-gradient":""},"mobile":{"background-color":"var(--ast-global-color-5)","background-image":"","background-repeat":"repeat","background-position":"center center","background-size":"auto","background-attachment":"scroll","background-type":"","background-media":"","overlay-type":"","overlay-color":"","overlay-opacity":"","overlay-gradient":""}},"footnotes":""},"categories":[126],"tags":[],"class_list":["post-13126","post","type-post","status-publish","format-standard","has-post-thumbnail","hentry","category-policial"],"_links":{"self":[{"href":"https:\/\/jornalregionalms.com.br\/index.php?rest_route=\/wp\/v2\/posts\/13126","targetHints":{"allow":["GET"]}}],"collection":[{"href":"https:\/\/jornalregionalms.com.br\/index.php?rest_route=\/wp\/v2\/posts"}],"about":[{"href":"https:\/\/jornalregionalms.com.br\/index.php?rest_route=\/wp\/v2\/types\/post"}],"author":[{"embeddable":true,"href":"https:\/\/jornalregionalms.com.br\/index.php?rest_route=\/wp\/v2\/users\/1"}],"replies":[{"embeddable":true,"href":"https:\/\/jornalregionalms.com.br\/index.php?rest_route=%2Fwp%2Fv2%2Fcomments&post=13126"}],"version-history":[{"count":0,"href":"https:\/\/jornalregionalms.com.br\/index.php?rest_route=\/wp\/v2\/posts\/13126\/revisions"}],"wp:featuredmedia":[{"embeddable":true,"href":"https:\/\/jornalregionalms.com.br\/index.php?rest_route=\/wp\/v2\/media\/13127"}],"wp:attachment":[{"href":"https:\/\/jornalregionalms.com.br\/index.php?rest_route=%2Fwp%2Fv2%2Fmedia&parent=13126"}],"wp:term":[{"taxonomy":"category","embeddable":true,"href":"https:\/\/jornalregionalms.com.br\/index.php?rest_route=%2Fwp%2Fv2%2Fcategories&post=13126"},{"taxonomy":"post_tag","embeddable":true,"href":"https:\/\/jornalregionalms.com.br\/index.php?rest_route=%2Fwp%2Fv2%2Ftags&post=13126"}],"curies":[{"name":"wp","href":"https:\/\/api.w.org\/{rel}","templated":true}]}}