{"id":13124,"date":"2026-02-25T22:27:11","date_gmt":"2026-02-26T02:27:11","guid":{"rendered":"https:\/\/jornalregionalms.com.br\/?p=13124"},"modified":"2026-02-25T22:27:11","modified_gmt":"2026-02-26T02:27:11","slug":"saida-de-haddad-do-governo-depende-de-reuniao-entre-lula-e-trump","status":"publish","type":"post","link":"https:\/\/jornalregionalms.com.br\/?p=13124","title":{"rendered":"Sa\u00edda de Haddad do governo depende de reuni\u00e3o entre Lula e Trump"},"content":{"rendered":"<\/p>\n<p><a class=\"\" href=\"https:\/\/agenciabrasil.ebc.com.br\/economia\/noticia\/2026-02\/saida-de-haddad-depende-de-reuniao-entre-lula-e-trump\"><br \/>\n                    <img decoding=\"async\" src=\"https:\/\/cdn.jsdelivr.net\/gh\/sergiosdlima\/assets-ebc@1.0.0\/abr\/assets\/images\/logo-agenciabrasil.svg\" alt=\"Logo Ag\u00eancia Brasil\"><br \/>\n\t\t\t\t<\/a><\/p>\n<p><strong>O ministro da Fazenda, Fernando Haddad, afirmou nesta quarta-feira (25) que a data de sua sa\u00edda do cargo depender\u00e1 da poss\u00edvel viagem do presidente Luiz In\u00e1cio Lula da Silva aos Estados Unidos para reuni\u00e3o com o presidente americano, Donald Trump.<\/strong><img decoding=\"async\" src=\"https:\/\/agenciabrasil.ebc.com.br\/ebc.png?id=1679414&#038;o=rss\"><img decoding=\"async\" src=\"https:\/\/agenciabrasil.ebc.com.br\/ebc.gif?id=1679414&#038;o=rss\"><\/p>\n<p>Em entrevista a jornalistas, Haddad disse que pretende se reunir com Lula nesta quinta (26) para definir se integrar\u00e1 a comitiva presidencial.<strong> A expectativa \u00e9 de que o encontro bilateral ocorra entre os dias 15 e 20 de mar\u00e7o, embora ainda n\u00e3o haja confirma\u00e7\u00e3o oficial.<\/strong><\/p>\n<blockquote>\n<h3>Not\u00edcias relacionadas:<\/h3>\n<ul>\n<li><a href=\"https:\/\/agenciabrasil.ebc.com.br\/economia\/noticia\/2025-12\/haddad-confirma-que-pretende-deixar-governo-em-fevereiro\">Haddad confirma que pretende deixar governo em fevereiro.<\/a><\/li>\n<\/ul>\n<p>\u201cSe eu for [viajar], a data de sa\u00edda \u00e9 uma, se eu n\u00e3o for, a data \u00e9 outra\u201d, declarou o ministro na portaria do Minist\u00e9rio da Fazenda, ap\u00f3s retornar da \u00cdndia e da Coreia do Sul, onde acompanhou o presidente Lula.\n<\/p><\/blockquote>\n<p>Desde o fim de 2025, Haddad indica a inten\u00e7\u00e3o de deixar a pasta para colaborar com a campanha de reelei\u00e7\u00e3o de Lula. Inicialmente, ele cogitou <a href=\"https:\/\/agenciabrasil.ebc.com.br\/economia\/noticia\/2025-12\/haddad-confirma-que-pretende-deixar-governo-em-fevereiro\">deixar o cargo ainda em fevereiro<\/a>, mas a mudan\u00e7a deve ficar para meados de mar\u00e7o.<\/p>\n<p>Antes de sair, o ministro pretende concluir estudos sobre alternativas de financiamento para a proposta de tarifa zero no transporte p\u00fablico, que devem ser apresentados at\u00e9 abril, e a regulamenta\u00e7\u00e3o sobre a tributa\u00e7\u00e3o de criptoativos.<\/p>\n<h2>Sucess\u00e3o<\/h2>\n<p><strong>O\u00a0nome mais cotado para assumir o comando da Fazenda \u00e9 o do atual secret\u00e1rio-executivo da pasta, Dario Durigan.<\/strong> Caso a mudan\u00e7a se confirme, o secret\u00e1rio do Tesouro Nacional, Rog\u00e9rio Ceron, assumir\u00e1 a secretaria-executiva.<\/p>\n<p>Apesar de descartar publicamente candidatura nas elei\u00e7\u00f5es deste ano, Haddad enfrenta press\u00e3o dentro do PT para disputar o governo de S\u00e3o Paulo ou uma das duas vagas para o Senado no estado. O ministro, no entanto, continua a dar declara\u00e7\u00f5es de que n\u00e3o quer disputar as pr\u00f3ximas elei\u00e7\u00f5es.<\/p>\n","protected":false},"excerpt":{"rendered":"<p>O ministro da Fazenda, Fernando Haddad, afirmou nesta quarta-feira (25) que a data de sua sa\u00edda do cargo depender\u00e1 da poss\u00edvel viagem do presidente Luiz In\u00e1cio Lula da Silva aos Estados Unidos para reuni\u00e3o com o presidente americano, Donald Trump. Em entrevista a jornalistas, Haddad disse que pretende se reunir com Lula nesta quinta (26) [&hellip;]<\/p>\n","protected":false},"author":1,"featured_media":13125,"comment_status":"open","ping_status":"open","sticky":false,"template":"","format":"standard","meta":{"site-sidebar-layout":"default","site-content-layout":"","ast-site-content-layout":"","site-content-style":"default","site-sidebar-style":"default","ast-global-header-display":"","ast-banner-title-visibility":"","ast-main-header-display":"","ast-hfb-above-header-display":"","ast-hfb-below-header-display":"","ast-hfb-mobile-header-display":"","site-post-title":"","ast-breadcrumbs-content":"","ast-featured-img":"","footer-sml-layout":"","theme-transparent-header-meta":"","adv-header-id-meta":"","stick-header-meta":"","header-above-stick-meta":"","header-main-stick-meta":"","header-below-stick-meta":"","astra-migrate-meta-layouts":"default","ast-page-background-enabled":"default","ast-page-background-meta":{"desktop":{"background-color":"var(--ast-global-color-4)","background-image":"","background-repeat":"repeat","background-position":"center center","background-size":"auto","background-attachment":"scroll","background-type":"","background-media":"","overlay-type":"","overlay-color":"","overlay-opacity":"","overlay-gradient":""},"tablet":{"background-color":"","background-image":"","background-repeat":"repeat","background-position":"center center","background-size":"auto","background-attachment":"scroll","background-type":"","background-media":"","overlay-type":"","overlay-color":"","overlay-opacity":"","overlay-gradient":""},"mobile":{"background-color":"","background-image":"","background-repeat":"repeat","background-position":"center center","background-size":"auto","background-attachment":"scroll","background-type":"","background-media":"","overlay-type":"","overlay-color":"","overlay-opacity":"","overlay-gradient":""}},"ast-content-background-meta":{"desktop":{"background-color":"var(--ast-global-color-5)","background-image":"","background-repeat":"repeat","background-position":"center center","background-size":"auto","background-attachment":"scroll","background-type":"","background-media":"","overlay-type":"","overlay-color":"","overlay-opacity":"","overlay-gradient":""},"tablet":{"background-color":"var(--ast-global-color-5)","background-image":"","background-repeat":"repeat","background-position":"center center","background-size":"auto","background-attachment":"scroll","background-type":"","background-media":"","overlay-type":"","overlay-color":"","overlay-opacity":"","overlay-gradient":""},"mobile":{"background-color":"var(--ast-global-color-5)","background-image":"","background-repeat":"repeat","background-position":"center center","background-size":"auto","background-attachment":"scroll","background-type":"","background-media":"","overlay-type":"","overlay-color":"","overlay-opacity":"","overlay-gradient":""}},"footnotes":""},"categories":[126],"tags":[],"class_list":["post-13124","post","type-post","status-publish","format-standard","has-post-thumbnail","hentry","category-policial"],"_links":{"self":[{"href":"https:\/\/jornalregionalms.com.br\/index.php?rest_route=\/wp\/v2\/posts\/13124","targetHints":{"allow":["GET"]}}],"collection":[{"href":"https:\/\/jornalregionalms.com.br\/index.php?rest_route=\/wp\/v2\/posts"}],"about":[{"href":"https:\/\/jornalregionalms.com.br\/index.php?rest_route=\/wp\/v2\/types\/post"}],"author":[{"embeddable":true,"href":"https:\/\/jornalregionalms.com.br\/index.php?rest_route=\/wp\/v2\/users\/1"}],"replies":[{"embeddable":true,"href":"https:\/\/jornalregionalms.com.br\/index.php?rest_route=%2Fwp%2Fv2%2Fcomments&post=13124"}],"version-history":[{"count":0,"href":"https:\/\/jornalregionalms.com.br\/index.php?rest_route=\/wp\/v2\/posts\/13124\/revisions"}],"wp:featuredmedia":[{"embeddable":true,"href":"https:\/\/jornalregionalms.com.br\/index.php?rest_route=\/wp\/v2\/media\/13125"}],"wp:attachment":[{"href":"https:\/\/jornalregionalms.com.br\/index.php?rest_route=%2Fwp%2Fv2%2Fmedia&parent=13124"}],"wp:term":[{"taxonomy":"category","embeddable":true,"href":"https:\/\/jornalregionalms.com.br\/index.php?rest_route=%2Fwp%2Fv2%2Fcategories&post=13124"},{"taxonomy":"post_tag","embeddable":true,"href":"https:\/\/jornalregionalms.com.br\/index.php?rest_route=%2Fwp%2Fv2%2Ftags&post=13124"}],"curies":[{"name":"wp","href":"https:\/\/api.w.org\/{rel}","templated":true}]}}