{"id":13122,"date":"2026-02-25T22:27:08","date_gmt":"2026-02-26T02:27:08","guid":{"rendered":"https:\/\/jornalregionalms.com.br\/?p=13122"},"modified":"2026-02-25T22:27:08","modified_gmt":"2026-02-26T02:27:08","slug":"maracatu-axe-de-oxossi-celebra-20-anos-com-show-gratuito-em-fortaleza","status":"publish","type":"post","link":"https:\/\/jornalregionalms.com.br\/?p=13122","title":{"rendered":"Maracatu Ax\u00e9 de Oxossi celebra 20 anos com show gratuito em Fortaleza"},"content":{"rendered":"<p>O Carnaval acabou, mas, em Fortaleza, at\u00e9 o fim do m\u00eas, ainda tem festejos. Nesta quinta-feira (26), o Centro Cultural Drag\u00e3o do Mar recebe a apresenta\u00e7\u00e3o do <strong>Maracatu Ax\u00e9 de Ox\u00f3ssi<\/strong>, agremia\u00e7\u00e3o reconhecida como patrim\u00f4nio imaterial da cidade.<img decoding=\"async\" src=\"https:\/\/agenciabrasil.ebc.com.br\/ebc.png?id=1679415&#038;o=rss\"><img decoding=\"async\" src=\"https:\/\/agenciabrasil.ebc.com.br\/ebc.gif?id=1679415&#038;o=rss\"><\/p>\n<h3>Funda\u00e7\u00e3o<\/h3>\n<p>O Maracatu Ax\u00e9 de Ox\u00f3ssi foi criado em abril de 2006. H\u00e1 20 anos, o cortejo ancestral do grupo faz parte do <strong>carnaval de rua de Fortaleza<\/strong>. Com as ra\u00edzes fincadas nas religi\u00f5es de matriz africana, a agremia\u00e7\u00e3o carrega no nome as origens: Ox\u00f3ssi era o nome do terreiro de umbanda onde fica a sede do maracatu, na regi\u00e3o do Mercado Velho de S\u00e3o Sebasti\u00e3o. No sincretismo religioso, \u00e9 o orix\u00e1 que corresponde a S\u00e3o Sebasti\u00e3o.<\/p>\n<h3>Dona Maria de F\u00e1tima Marcelino<\/h3>\n<p>Dona Maria de F\u00e1tima Marcelino brinca maracatu desde os 12 anos. Aos 72 anos, \u00e9 <strong>presidenta e fundadora do Maracatu Ax\u00e9 de Ox\u00f3ssi<\/strong>. Com a ajuda da comunidade, o grupo se estabeleceu e hoje sai com 180 integrantes. Desde 2015, a agremia\u00e7\u00e3o \u00e9 reconhecida como patrim\u00f4nio cultural imaterial, por difundir o maracatu como s\u00edmbolo de resist\u00eancia e identidade afro-brasileira.<\/p>\n<p>No ano em que completa duas d\u00e9cadas de exist\u00eancia, o grupo se apresenta no <strong>Centro Cultural Drag\u00e3o do Mar<\/strong>, em um evento que re\u00fane tamb\u00e9m integrantes de outras agremia\u00e7\u00f5es: Marcos Gomes, do Maracatu Az de Ouro; Cal\u00e9 Alencar, do Maracatu Na\u00e7\u00e3o Fortaleza; e Adriano Kanu, do bloco Chico Chico da Matilde.<\/p>\n<p>O encontro entre na\u00e7\u00f5es, saberes e mem\u00f3ria acontece amanh\u00e3, <strong>\u00e0s 19h<\/strong>, e tem <strong>entrada gratuita<\/strong>.<\/p>\n<p>  <span class=\"hms hms-format-m-ss\">2:23<\/span><\/p>\n","protected":false},"excerpt":{"rendered":"<p>O Carnaval acabou, mas, em Fortaleza, at\u00e9 o fim do m\u00eas, ainda tem festejos. Nesta quinta-feira (26), o Centro Cultural Drag\u00e3o do Mar recebe a apresenta\u00e7\u00e3o do Maracatu Ax\u00e9 de Ox\u00f3ssi, agremia\u00e7\u00e3o reconhecida como patrim\u00f4nio imaterial da cidade. Funda\u00e7\u00e3o O Maracatu Ax\u00e9 de Ox\u00f3ssi foi criado em abril de 2006. H\u00e1 20 anos, o cortejo [&hellip;]<\/p>\n","protected":false},"author":1,"featured_media":13123,"comment_status":"open","ping_status":"open","sticky":false,"template":"","format":"standard","meta":{"site-sidebar-layout":"default","site-content-layout":"","ast-site-content-layout":"","site-content-style":"default","site-sidebar-style":"default","ast-global-header-display":"","ast-banner-title-visibility":"","ast-main-header-display":"","ast-hfb-above-header-display":"","ast-hfb-below-header-display":"","ast-hfb-mobile-header-display":"","site-post-title":"","ast-breadcrumbs-content":"","ast-featured-img":"","footer-sml-layout":"","theme-transparent-header-meta":"","adv-header-id-meta":"","stick-header-meta":"","header-above-stick-meta":"","header-main-stick-meta":"","header-below-stick-meta":"","astra-migrate-meta-layouts":"default","ast-page-background-enabled":"default","ast-page-background-meta":{"desktop":{"background-color":"var(--ast-global-color-4)","background-image":"","background-repeat":"repeat","background-position":"center center","background-size":"auto","background-attachment":"scroll","background-type":"","background-media":"","overlay-type":"","overlay-color":"","overlay-opacity":"","overlay-gradient":""},"tablet":{"background-color":"","background-image":"","background-repeat":"repeat","background-position":"center center","background-size":"auto","background-attachment":"scroll","background-type":"","background-media":"","overlay-type":"","overlay-color":"","overlay-opacity":"","overlay-gradient":""},"mobile":{"background-color":"","background-image":"","background-repeat":"repeat","background-position":"center center","background-size":"auto","background-attachment":"scroll","background-type":"","background-media":"","overlay-type":"","overlay-color":"","overlay-opacity":"","overlay-gradient":""}},"ast-content-background-meta":{"desktop":{"background-color":"var(--ast-global-color-5)","background-image":"","background-repeat":"repeat","background-position":"center center","background-size":"auto","background-attachment":"scroll","background-type":"","background-media":"","overlay-type":"","overlay-color":"","overlay-opacity":"","overlay-gradient":""},"tablet":{"background-color":"var(--ast-global-color-5)","background-image":"","background-repeat":"repeat","background-position":"center center","background-size":"auto","background-attachment":"scroll","background-type":"","background-media":"","overlay-type":"","overlay-color":"","overlay-opacity":"","overlay-gradient":""},"mobile":{"background-color":"var(--ast-global-color-5)","background-image":"","background-repeat":"repeat","background-position":"center center","background-size":"auto","background-attachment":"scroll","background-type":"","background-media":"","overlay-type":"","overlay-color":"","overlay-opacity":"","overlay-gradient":""}},"footnotes":""},"categories":[1],"tags":[],"class_list":["post-13122","post","type-post","status-publish","format-standard","has-post-thumbnail","hentry","category-sem-categoria"],"_links":{"self":[{"href":"https:\/\/jornalregionalms.com.br\/index.php?rest_route=\/wp\/v2\/posts\/13122","targetHints":{"allow":["GET"]}}],"collection":[{"href":"https:\/\/jornalregionalms.com.br\/index.php?rest_route=\/wp\/v2\/posts"}],"about":[{"href":"https:\/\/jornalregionalms.com.br\/index.php?rest_route=\/wp\/v2\/types\/post"}],"author":[{"embeddable":true,"href":"https:\/\/jornalregionalms.com.br\/index.php?rest_route=\/wp\/v2\/users\/1"}],"replies":[{"embeddable":true,"href":"https:\/\/jornalregionalms.com.br\/index.php?rest_route=%2Fwp%2Fv2%2Fcomments&post=13122"}],"version-history":[{"count":0,"href":"https:\/\/jornalregionalms.com.br\/index.php?rest_route=\/wp\/v2\/posts\/13122\/revisions"}],"wp:featuredmedia":[{"embeddable":true,"href":"https:\/\/jornalregionalms.com.br\/index.php?rest_route=\/wp\/v2\/media\/13123"}],"wp:attachment":[{"href":"https:\/\/jornalregionalms.com.br\/index.php?rest_route=%2Fwp%2Fv2%2Fmedia&parent=13122"}],"wp:term":[{"taxonomy":"category","embeddable":true,"href":"https:\/\/jornalregionalms.com.br\/index.php?rest_route=%2Fwp%2Fv2%2Fcategories&post=13122"},{"taxonomy":"post_tag","embeddable":true,"href":"https:\/\/jornalregionalms.com.br\/index.php?rest_route=%2Fwp%2Fv2%2Ftags&post=13122"}],"curies":[{"name":"wp","href":"https:\/\/api.w.org\/{rel}","templated":true}]}}