{"id":13116,"date":"2026-02-25T09:33:00","date_gmt":"2026-02-25T13:33:00","guid":{"rendered":"https:\/\/jornalregionalms.com.br\/?p=13116"},"modified":"2026-02-25T09:33:00","modified_gmt":"2026-02-25T13:33:00","slug":"mortos-em-temporais-em-juiz-de-fora-e-uba-chegam-a-36","status":"publish","type":"post","link":"https:\/\/jornalregionalms.com.br\/?p=13116","title":{"rendered":"Mortos em temporais em Juiz de Fora e Ub\u00e1 chegam a 36"},"content":{"rendered":"<\/p>\n<p><a class=\"\" href=\"https:\/\/agenciabrasil.ebc.com.br\/geral\/noticia\/2026-02\/mortos-em-temporais-em-juiz-de-fora-e-uba-chegam-36-0\"><br \/>\n                    <img decoding=\"async\" src=\"https:\/\/cdn.jsdelivr.net\/gh\/sergiosdlima\/assets-ebc@1.0.0\/abr\/assets\/images\/logo-agenciabrasil.svg\" alt=\"Logo Ag\u00eancia Brasil\"><br \/>\n\t\t\t\t<\/a><\/p>\n<p><strong>As fortes chuvas que atingiram a Zona da Mata mineira desde segunda-feira (23) deixaram at\u00e9 o momento 36 mortos dos quais 30 em Juiz de Fora e seis em Ub\u00e1, informou o Corpo de Bombeiros na manh\u00e3 desta quarta-feira (25).\u00a0<\/strong><img decoding=\"async\" src=\"https:\/\/agenciabrasil.ebc.com.br\/ebc.png?id=1679285&#038;o=rss\"><img decoding=\"async\" src=\"https:\/\/agenciabrasil.ebc.com.br\/ebc.gif?id=1679285&#038;o=rss\"><\/p>\n<p>H\u00e1 31 pessoas desaparecidas em Juiz de Fora e duas em Ub\u00e1. N\u00e3o h\u00e1 desaparecidos nem mortos em <a href=\"https:\/\/agenciabrasil.ebc.com.br\/geral\/noticia\/2026-02\/alagada-matias-barbosa-mg-fecha-unidades-de-saude-e-suspende-aulas\" target=\"_blank\">Matias Barbosa, outra cidade da regi\u00e3o fortemente atingida pelas chuvas<\/a>. O total de v\u00edtimas resgatadas com vida chega a 208.<\/p>\n<\/p>\n<h3>Not\u00edcias relacionadas:<\/h3>\n<ul>\n<li><a href=\"https:\/\/agenciabrasil.ebc.com.br\/direitos-humanos\/noticia\/2026-02\/soterrado-homem-sobrevive-com-ajuda-de-amigo-em-juiz-de-fora\">Soterrado, homem sobrevive com ajuda de amigo em Juiz de Fora.<\/a><\/li>\n<li><a href=\"https:\/\/agenciabrasil.ebc.com.br\/geral\/noticia\/2026-02\/numero-de-mortos-com-chuvas-chega-30-em-minas-gerais\">N\u00famero de mortos com as chuvas chega a 30 em Minas Gerais.<\/a><\/li>\n<li><a href=\"https:\/\/agenciabrasil.ebc.com.br\/geral\/noticia\/2026-02\/mg-veja-como-ajudar-afetados-pelas-chuvas-governo-alerta-para-golpes\">MG: veja como ajudar afetados pelas chuvas; governo alerta para golpes.<\/a><\/li>\n<\/ul>\n<p>Juiz de Fora teve 584 mil\u00edmetros de chuvas acumuladas, o que faz do m\u00eas de fevereiro o mais chuvoso da hist\u00f3ria do munic\u00edpio mineiro, com volume\u00a0superior ao dobro do esperado para o m\u00eas.\u00a0At\u00e9 o momento, a <strong>prefeitura contabiliza mais de 3,5 mil desabrigados e desalojados<\/strong>. A Defesa Civil municipal registrou 772 ocorr\u00eancias.<\/p>\n<p>A prefeitura de Ub\u00e1 informou que a cidade foi atingida por 170 mil\u00edmetros (mm) de chuva em cerca de tr\u00eas horas e meia e que o Rio Ub\u00e1 atingiu 7,82 metros.<\/p>\n<div class=\"dnd-widget-wrapper context-medio_4colunas type-image atom-align-left\">\n<div class=\"dnd-atom-rendered\"><!-- scald=453812:medio_4colunas {\"additionalClasses\":\"\"} --><br \/>\n            <img decoding=\"async\" src=\"https:\/\/agenciabrasil.ebc.com.br\/sites\/default\/files\/thumbnails\/image\/loading_v2.gif\" data-echo=\"https:\/\/imagens.ebc.com.br\/5250m4i0_5k8BWeUO3Ufa52dpFc=\/365x0\/smart\/https:\/\/agenciabrasil.ebc.com.br\/sites\/default\/files\/thumbnails\/image\/2026\/02\/24\/_rbr0980.jpg.jpeg?itok=7OWaDrBT\" alt=\"Juiz de Fora (MG), 24\/02\/2026 - Governador de MG, Romeu Zema, acompanha busca e resgate de pessoas em escombros de casas soterradas por lama ap\u00f3s fortes chuvas. Foto: T\u00e2nia R\u00eago\/Ag\u00eancia Brasil\" title=\"T\u00e2nia R\u00eago\/Ag\u00eancia Brasil\"><br \/>\n        <noscript><img decoding=\"async\" src=\"https:\/\/imagens.ebc.com.br\/5250m4i0_5k8BWeUO3Ufa52dpFc=\/365x0\/smart\/https:\/\/agenciabrasil.ebc.com.br\/sites\/default\/files\/thumbnails\/image\/2026\/02\/24\/_rbr0980.jpg.jpeg?itok=7OWaDrBT\" alt=\"Juiz de Fora (MG), 24\/02\/2026 - Governador de MG, Romeu Zema, acompanha busca e resgate de pessoas em escombros de casas soterradas por lama ap\u00f3s fortes chuvas. Foto: T\u00e2nia R\u00eago\/Ag\u00eancia Brasil\" title=\"T\u00e2nia R\u00eago\/Ag\u00eancia Brasil\"><\/noscript><br \/>\n    <!-- END scald=453812 --><\/div>\n<div class=\"dnd-caption-wrapper\">\n<h5 class=\"meta\">Governador de MG, Romeu Zema, acompanha busca e resgate de pessoas em escombros de casas soterradas por lama ap\u00f3s fortes chuvas. <strong>Foto:<\/strong>\u00a0<strong>T\u00e2nia R\u00eago\/Ag\u00eancia Brasil<\/strong><!--END copyright=453812--><\/h5>\n<\/div>\n<\/div>\n<p><strong>O governador de Minas Gerais, Romeu Zema, est\u00e1 em Juiz de Fora nesta manh\u00e3 e disse que todo suporte humanit\u00e1rio aos desalojados est\u00e1 sendo providenciado.<\/strong><\/p>\n<p>\u201cEsta madrugada seis v\u00edtimas foram localizadas. A previs\u00e3o \u00e9 que o trabalho dos bombeiros ainda deve durar at\u00e9 cinco dias. H\u00e1 muito escombro, muita lama para ser removida\u201d, afirmou o governador em entrevista ao programa Al\u00f4, Al\u00f4, Brasil, da <strong>R\u00e1dio Nacional<\/strong>.<\/p>\n<p>Na tarde de ontem (24), o <a href=\"https:\/\/agenciabrasil.ebc.com.br\/politica\/noticia\/2026-02\/governo-anuncia-repasse-prefeituras-de-mg-para-ajuda-desabrigados\" target=\"_blank\">governo federal anunciou um repasse de R$ 800 a cada pessoa desabrigada na Zona da Mata de Minas Gerais<\/a>. Os recursos ser\u00e3o pagos \u00e0s prefeituras para a aquisi\u00e7\u00e3o de itens de primeira necessidade.\u00a0<\/p>\n<p>&#8220;N\u00f3s temos centenas de pessoas desabrigadas, a\u00ed [este recurso] \u00e9 para a prefeitura para comprar colch\u00e3o, mantimento, roupa, enfim, para apoiar&#8221;, afirmou o presidente em exerc\u00edcio, Geraldo Alckmin, em entrevista a jornalistas, no Pal\u00e1cio do Planalto.<\/p>\n<p>Tamb\u00e9m ontem (24), equipes\u00a0da For\u00e7a Nacional do Sistema \u00danico de Sa\u00fade (SUS), do Sistema \u00danico de Assist\u00eancia Social (Suas) e do Departamento de Emerg\u00eancias em Sa\u00fade P\u00fablica do Minist\u00e9rio da Sa\u00fade <a href=\"https:\/\/agenciabrasil.ebc.com.br\/geral\/noticia\/2026-02\/equipes-federais-reforcam-atendimento-afetados-por-chuva-em-mg\" target=\"_blank\">deslocaram\u00a0m\u00e9dicos, enfermeiros, psic\u00f3logos e outros profissionais para a regi\u00e3o<\/a>. As equipes de sa\u00fade levaram kits de emerg\u00eancia contendo medicamentos e insumos.<\/p>\n<p>A Defesa Civil Nacional enviou na manh\u00e3 de ontem (24)\u00a0oito t\u00e9cnicos especialistas do Grupo de Apoio a Desastres (Gade). Os profissionais v\u00e3o colaborar para acelerar as a\u00e7\u00f5es de assist\u00eancia humanit\u00e1ria, para o restabelecimento de servi\u00e7os essenciais e para a reconstru\u00e7\u00e3o nas cidades atingidas.<\/p>\n<h2>Chuvas continuam<br \/>\n\u00a0<\/h2>\n<div class=\"dnd-widget-wrapper context-cheio_8colunas type-image\">\n<div class=\"dnd-atom-rendered\"><!-- scald=453808:cheio_8colunas --><br \/>\n            <img decoding=\"async\" src=\"https:\/\/agenciabrasil.ebc.com.br\/sites\/default\/files\/thumbnails\/image\/loading_v2.gif\" data-echo=\"https:\/\/imagens.ebc.com.br\/DWW9Ay78tEuU9lSCuzyBywW1Nk4=\/754x0\/smart\/https:\/\/agenciabrasil.ebc.com.br\/sites\/default\/files\/thumbnails\/image\/2026\/02\/24\/_rbr0946.jpg_0.jpeg?itok=MCLQTWUb\" alt=\"Juiz de Fora (MG), 24\/02\/2026 - Soldados do Corpo de Bombeiros e volunt\u00e1rios fazem busca e resgate de pessoas em escombros de casas soterradas por lama ap\u00f3s fortes chuvas. Foto: T\u00e2nia R\u00eago\/Ag\u00eancia Brasil\" title=\"T\u00e2nia R\u00eago\/Ag\u00eancia Brasil\"><br \/>\n        <noscript><img decoding=\"async\" src=\"https:\/\/imagens.ebc.com.br\/DWW9Ay78tEuU9lSCuzyBywW1Nk4=\/754x0\/smart\/https:\/\/agenciabrasil.ebc.com.br\/sites\/default\/files\/thumbnails\/image\/2026\/02\/24\/_rbr0946.jpg_0.jpeg?itok=MCLQTWUb\" alt=\"Juiz de Fora (MG), 24\/02\/2026 - Soldados do Corpo de Bombeiros e volunt\u00e1rios fazem busca e resgate de pessoas em escombros de casas soterradas por lama ap\u00f3s fortes chuvas. Foto: T\u00e2nia R\u00eago\/Ag\u00eancia Brasil\" title=\"T\u00e2nia R\u00eago\/Ag\u00eancia Brasil\"><\/noscript><br \/>\n    <!-- END scald=453808 --><\/div>\n<div class=\"dnd-caption-wrapper\">\n<h5 class=\"meta\">Soldados do Corpo de Bombeiros e volunt\u00e1rios fazem busca e resgate de pessoas em escombros de casas soterradas por lama ap\u00f3s fortes chuvas. <strong>Foto:\u00a0T\u00e2nia R\u00eago\/Ag\u00eancia Brasil<\/strong><!--END copyright=453808--><\/h5>\n<\/div>\n<\/div>\n<p>Segundo a Defesa Civil estadual, s\u00e3o esperadas nesta quarta-feira (25) tempestades por todo o estado. Elas podem vir acompanhadas de acumulados pluviom\u00e9tricos de cerca de 40 mil\u00edmetros, rajadas de vento superiores a 70 quil\u00f4metros por hora e eventual ocorr\u00eancia de granizo.<\/p>\n<blockquote>\n<p>\u201cRecomenda-se aten\u00e7\u00e3o para o risco de alagamentos, enxurradas e deslizamentos de terra, al\u00e9m da possibilidade de queda de \u00e1rvores e destelhamentos, especialmente em regi\u00f5es mais vulner\u00e1veis\u201d, diz a Defesa Civil.\u00a0<\/p>\n<\/blockquote>\n","protected":false},"excerpt":{"rendered":"<p>As fortes chuvas que atingiram a Zona da Mata mineira desde segunda-feira (23) deixaram at\u00e9 o momento 36 mortos dos quais 30 em Juiz de Fora e seis em Ub\u00e1, informou o Corpo de Bombeiros na manh\u00e3 desta quarta-feira (25).\u00a0 H\u00e1 31 pessoas desaparecidas em Juiz de Fora e duas em Ub\u00e1. N\u00e3o h\u00e1 desaparecidos [&hellip;]<\/p>\n","protected":false},"author":1,"featured_media":13117,"comment_status":"open","ping_status":"open","sticky":false,"template":"","format":"standard","meta":{"site-sidebar-layout":"default","site-content-layout":"","ast-site-content-layout":"","site-content-style":"default","site-sidebar-style":"default","ast-global-header-display":"","ast-banner-title-visibility":"","ast-main-header-display":"","ast-hfb-above-header-display":"","ast-hfb-below-header-display":"","ast-hfb-mobile-header-display":"","site-post-title":"","ast-breadcrumbs-content":"","ast-featured-img":"","footer-sml-layout":"","theme-transparent-header-meta":"","adv-header-id-meta":"","stick-header-meta":"","header-above-stick-meta":"","header-main-stick-meta":"","header-below-stick-meta":"","astra-migrate-meta-layouts":"default","ast-page-background-enabled":"default","ast-page-background-meta":{"desktop":{"background-color":"var(--ast-global-color-4)","background-image":"","background-repeat":"repeat","background-position":"center center","background-size":"auto","background-attachment":"scroll","background-type":"","background-media":"","overlay-type":"","overlay-color":"","overlay-opacity":"","overlay-gradient":""},"tablet":{"background-color":"","background-image":"","background-repeat":"repeat","background-position":"center center","background-size":"auto","background-attachment":"scroll","background-type":"","background-media":"","overlay-type":"","overlay-color":"","overlay-opacity":"","overlay-gradient":""},"mobile":{"background-color":"","background-image":"","background-repeat":"repeat","background-position":"center center","background-size":"auto","background-attachment":"scroll","background-type":"","background-media":"","overlay-type":"","overlay-color":"","overlay-opacity":"","overlay-gradient":""}},"ast-content-background-meta":{"desktop":{"background-color":"var(--ast-global-color-5)","background-image":"","background-repeat":"repeat","background-position":"center center","background-size":"auto","background-attachment":"scroll","background-type":"","background-media":"","overlay-type":"","overlay-color":"","overlay-opacity":"","overlay-gradient":""},"tablet":{"background-color":"var(--ast-global-color-5)","background-image":"","background-repeat":"repeat","background-position":"center center","background-size":"auto","background-attachment":"scroll","background-type":"","background-media":"","overlay-type":"","overlay-color":"","overlay-opacity":"","overlay-gradient":""},"mobile":{"background-color":"var(--ast-global-color-5)","background-image":"","background-repeat":"repeat","background-position":"center center","background-size":"auto","background-attachment":"scroll","background-type":"","background-media":"","overlay-type":"","overlay-color":"","overlay-opacity":"","overlay-gradient":""}},"footnotes":""},"categories":[1],"tags":[],"class_list":["post-13116","post","type-post","status-publish","format-standard","has-post-thumbnail","hentry","category-sem-categoria"],"_links":{"self":[{"href":"https:\/\/jornalregionalms.com.br\/index.php?rest_route=\/wp\/v2\/posts\/13116","targetHints":{"allow":["GET"]}}],"collection":[{"href":"https:\/\/jornalregionalms.com.br\/index.php?rest_route=\/wp\/v2\/posts"}],"about":[{"href":"https:\/\/jornalregionalms.com.br\/index.php?rest_route=\/wp\/v2\/types\/post"}],"author":[{"embeddable":true,"href":"https:\/\/jornalregionalms.com.br\/index.php?rest_route=\/wp\/v2\/users\/1"}],"replies":[{"embeddable":true,"href":"https:\/\/jornalregionalms.com.br\/index.php?rest_route=%2Fwp%2Fv2%2Fcomments&post=13116"}],"version-history":[{"count":0,"href":"https:\/\/jornalregionalms.com.br\/index.php?rest_route=\/wp\/v2\/posts\/13116\/revisions"}],"wp:featuredmedia":[{"embeddable":true,"href":"https:\/\/jornalregionalms.com.br\/index.php?rest_route=\/wp\/v2\/media\/13117"}],"wp:attachment":[{"href":"https:\/\/jornalregionalms.com.br\/index.php?rest_route=%2Fwp%2Fv2%2Fmedia&parent=13116"}],"wp:term":[{"taxonomy":"category","embeddable":true,"href":"https:\/\/jornalregionalms.com.br\/index.php?rest_route=%2Fwp%2Fv2%2Fcategories&post=13116"},{"taxonomy":"post_tag","embeddable":true,"href":"https:\/\/jornalregionalms.com.br\/index.php?rest_route=%2Fwp%2Fv2%2Ftags&post=13116"}],"curies":[{"name":"wp","href":"https:\/\/api.w.org\/{rel}","templated":true}]}}