{"id":13110,"date":"2026-02-25T09:32:55","date_gmt":"2026-02-25T13:32:55","guid":{"rendered":"https:\/\/jornalregionalms.com.br\/?p=13110"},"modified":"2026-02-25T09:32:55","modified_gmt":"2026-02-25T13:32:55","slug":"cpi-questiona-meta-sobre-lucros-da-bigtech-com-o-crime-na-internet","status":"publish","type":"post","link":"https:\/\/jornalregionalms.com.br\/?p=13110","title":{"rendered":"CPI questiona Meta sobre lucros da bigtech com o crime na internet"},"content":{"rendered":"<\/p>\n<p><a class=\"\" href=\"https:\/\/agenciabrasil.ebc.com.br\/politica\/noticia\/2026-02\/cpi-questiona-meta-sobre-lucros-da-bigtech-com-o-crime-na-internet\"><br \/>\n                    <img decoding=\"async\" src=\"https:\/\/cdn.jsdelivr.net\/gh\/sergiosdlima\/assets-ebc@1.0.0\/abr\/assets\/images\/logo-agenciabrasil.svg\" alt=\"Logo Ag\u00eancia Brasil\"><br \/>\n\t\t\t\t<\/a><\/p>\n<p><strong>A Comiss\u00e3o Parlamentar de Inqu\u00e9rito (CPI) do Crime Organizado do Senado questionou, nesta ter\u00e7a-feira (24), a empresa Meta \u2013 dona do Whatsapp, Facebook e Instagram \u2013 sobre os ganhos econ\u00f4micos que a multinacional dos Estados Unidos (EUA) teria com a pr\u00e1tica de crimes nas plataformas digitais.<\/strong><img decoding=\"async\" src=\"https:\/\/agenciabrasil.ebc.com.br\/ebc.png?id=1679188&#038;o=rss\"><img decoding=\"async\" src=\"https:\/\/agenciabrasil.ebc.com.br\/ebc.gif?id=1679188&#038;o=rss\"><\/p>\n<p>O relator da CPI, senador Alessandro Vieira (MDB-SE), ressaltou que os lucros com an\u00fancios de golpes e fraudes praticados na internet geram bilh\u00f5es de d\u00f3lares em receitas, dinheiro que incentivaria a manuten\u00e7\u00e3o desses conte\u00fados nas plataformas.<\/p>\n<blockquote>\n<h3>Not\u00edcias relacionadas:<\/h3>\n<ul>\n<li><a href=\"https:\/\/agenciabrasil.ebc.com.br\/politica\/noticia\/2026-02\/empresaria-passa-mal-e-depoimento-e-encerrado-na-cpmi-do-inss\">Empres\u00e1ria passa mal e depoimento \u00e9 encerrado na CPMI do INSS.<\/a><\/li>\n<li><a href=\"https:\/\/agenciabrasil.ebc.com.br\/politica\/noticia\/2026-02\/senadores-cobram-cvm-por-suposta-omissao-no-caso-do-banco-master\">Senadores cobram CVM por suposta omiss\u00e3o no caso do Banco Master.<\/a><\/li>\n<li><a href=\"https:\/\/agenciabrasil.ebc.com.br\/politica\/noticia\/2026-02\/estatuto-dos-caes-e-gatos-pode-ampliar-pena-para-quem-maltrata-animais\">Estatuto dos C\u00e3es e Gatos pode ampliar pena para quem maltrata animais.<\/a><\/li>\n<\/ul>\n<p>\u201cAo que tudo indica, a Meta deliberadamente vem dificultando a atua\u00e7\u00e3o das autoridades, porque, ao criptografar conte\u00fado inadvertidamente, mesmo com relatos internos de que essa criptografia vai favorecer o crime, assim o fez\u201d, afirmou o relator.\n<\/p><\/blockquote>\n<div class=\"dnd-widget-wrapper context-medio_4colunas type-image atom-align-left\">\n<div class=\"dnd-atom-rendered\"><!-- scald=446913:medio_4colunas {\"additionalClasses\":\"\"} --><br \/>\n            <img decoding=\"async\" src=\"https:\/\/agenciabrasil.ebc.com.br\/sites\/default\/files\/thumbnails\/image\/loading_v2.gif\" data-echo=\"https:\/\/imagens.ebc.com.br\/YUY98zQ_whTe2SNVzYqymobTu4E=\/365x0\/smart\/https:\/\/agenciabrasil.ebc.com.br\/sites\/default\/files\/thumbnails\/image\/2025\/12\/03\/0d9a2742.jpg?itok=3IoXMzeE\" alt=\"Bras\u00edlia - 03\/12\/2025 -Reuni\u00e3o da CCJ do Senado. ( Senador, Alessandro Vieira)  Foto: Lula Marques\/Ag\u00eancia Brasil\" title=\"Lula Marques\/ Ag\u00eancia Braasil.\"><br \/>\n        <noscript><img decoding=\"async\" src=\"https:\/\/imagens.ebc.com.br\/YUY98zQ_whTe2SNVzYqymobTu4E=\/365x0\/smart\/https:\/\/agenciabrasil.ebc.com.br\/sites\/default\/files\/thumbnails\/image\/2025\/12\/03\/0d9a2742.jpg?itok=3IoXMzeE\" alt=\"Bras\u00edlia - 03\/12\/2025 -Reuni\u00e3o da CCJ do Senado. ( Senador, Alessandro Vieira)  Foto: Lula Marques\/Ag\u00eancia Brasil\" title=\"Lula Marques\/ Ag\u00eancia Braasil.\"><\/noscript><br \/>\n    <!-- END scald=446913 --><\/div>\n<div class=\"dnd-caption-wrapper\">\n<h6 class=\"meta\"><!--copyright=446913-->Senador Alessandro Vieira\u00a0&#8211; <strong>Arquivo\/Lula Marques\/ Ag\u00eancia Brasil.<\/strong><!--END copyright=446913--><\/h6>\n<p>\n<\/p>\n<\/div>\n<\/div>\n<p>A criptografia de ponta a ponta \u00e9 o mecanismo que impede que terceiros tenham acesso ao conte\u00fado das conversas do Whatsapp ou do Messenger do Facebook e Instagram, que s\u00e3o os bate-papos privados dessas plataformas.<\/p>\n<p>Presente \u00e0 audi\u00eancia, a diretora de pol\u00edticas econ\u00f4micas para Am\u00e9rica Latina da bigtech, Yana Dumaresq Sobral Alves, negou que a empresa tenha interesses econ\u00f4micos nos an\u00fancios de fraudes e golpes.<\/p>\n<p>\u201c[Temos] interesse de manter nossas plataformas longe de atores maliciosos, de conte\u00fados fraudulentos; dizer que isso n\u00e3o est\u00e1 alinhado aos nossos interesses comerciais, t\u00ea-los e abrig\u00e1-los nas nossas plataformas. Por isso que n\u00f3s adotamos medidas robustas, proativas e em tempo real para detectar e bloquear campanhas fraudulentas\u201d, afirmou.<\/p>\n<p><strong>Para Vieira, a empresa pode agir dessa forma porque reduz o risco de ter que arcar com indeniza\u00e7\u00f5es, uma vez que a Justi\u00e7a n\u00e3o tem acesso a conte\u00fados que prejudicaram v\u00edtimas, por exemplo, de explora\u00e7\u00e3o sexual. \u00a0<\/strong><\/p>\n<p>O senador diz acreditar\u00a0que a op\u00e7\u00e3o da Meta por permitir a\u00a0divulga\u00e7\u00e3o de conte\u00fado criminoso \u00e9 feita sem preju\u00edzo da imagem da empresa, por ela ser uma gigante mundial sem concorrentes.<\/p>\n<p>\u201c\u00c9 um megamonop\u00f3lio de comunica\u00e7\u00e3o, e, de fato, a gente vai ter que chegar a algum ponto de regulamenta\u00e7\u00e3o aqui, via lei. A gente tem diverg\u00eancias pontuais com rela\u00e7\u00e3o a ajustes, a conte\u00fados, mas o fato \u00e9 que n\u00f3s temos um problema grav\u00edssimo nesse avan\u00e7o digital na sociedade\u201d, ponderou.<\/p>\n<p>A plataforma <a href=\"http:\/\/https\/\/www.reuters.com\/legal\/government\/meta-faces-new-mexico-trial-over-child-exploitation-claims-2026-01-30\/\" target=\"_blank\">Meta enfrenta a\u00e7\u00e3o judicial nos Estados Unidos<\/a> (EUA) por, supostamente, facilitar a explora\u00e7\u00e3o sexual de crian\u00e7as e adolescentes e promover conte\u00fados ilegais para lucrar com isso. A gigante da tecnologia nega as acusa\u00e7\u00f5es.\u00a0<\/p>\n<p>O uso de redes sociais para explora\u00e7\u00e3o sexual atinge outras plataformas, como a X. A Uni\u00e3o Europeia abriu investiga\u00e7\u00e3o, em janeiro deste ano, sobre o uso da Intelig\u00eancia Artificial (IA) Grok, da plataforma X, para criar imagens sexualizadas de pessoas reais, incluindo crian\u00e7as e adolescentes.<\/p>\n<h2>Audi\u00eancia no Senado<\/h2>\n<p>Na CPI do Crime Organizado no Senado brasileiro, o relator Alessandro Vieira havia pedido a\u00a0oitiva do diretor-geral da Meta no Brasil, Conrado Leister, para ter mais informa\u00e7\u00f5es sobre\u00a0not\u00edcias da imprensa que revelariam que a bigtech teria ganhos bilion\u00e1rios com as fraudes e crimes praticados na internet.<\/p>\n<p>\u201cTais documentos indicam que a Meta obteve um faturamento de aproximadamente US$ 16 bilh\u00f5es em 2024, proveniente da veicula\u00e7\u00e3o de an\u00fancios de golpes e produtos proibidos. Este valor representaria cerca de 10% da receita anual total da companhia\u201d, justificou o parlamentar sergipano.<\/p>\n<p>No lugar do diretor-geral da Meta, a empresa enviou para oitiva na CPI a diretora Yana Dumaresq Sobral Alves, que apontou que <strong>a empresa teve\u00a0resultados reconhecidos por autoridades de seguran\u00e7a p\u00fablica e pelo Judici\u00e1rio no combate \u00e0s fraudes na internet, \u201ccom decis\u00f5es julgando improcedentes os pedidos de condena\u00e7\u00e3o por suposta omiss\u00e3o\u201d.<\/strong><\/p>\n<p><strong>Ainda segundo a diretora da Meta, as equipes da companhia desarticularam quase 12 milh\u00f5es de contas no Facebook, Instagram e WhatsApp que estavam associadas a centros criminosos de golpes, al\u00e9m de ter removido\u00a0134 milh\u00f5es de an\u00fancios fraudulentos em todo o mundo em 2025.<\/strong><\/p>\n<p>\u201cA confian\u00e7a em nossas plataformas \u00e9 condi\u00e7\u00e3o absoluta para o sucesso de nossos neg\u00f3cios. Nosso objetivo \u00e9 proteger usu\u00e1rios e empresas contra pr\u00e1ticas enganosas\u201d, concluiu.<\/p>\n<h2>Documentos internos vazados<\/h2>\n<p>O senador Vieira questionou Yara sobre <a href=\"https:\/\/www.reuters.com\/investigations\/meta-created-playbook-fend-off-pressure-crack-down-scammers-documents-show-2025-12-31\/?utm_source=chatgpt.com\" target=\"_blank\">not\u00edcia da ag\u00eancia Reuters<\/a>, de dezembro de 2025, que afirma que documentos internos da Meta orientam os gestores da empresa a evitarem regula\u00e7\u00e3o estatal que busca derrubar an\u00fancios de golpes na internet.\u00a0<\/p>\n<p>\u201cTrabalho com esse tema dentro da empresa h\u00e1 mais de dois anos e meio, nunca vi nenhum documento, e n\u00e3o me lembro de ter visto nenhum documento que trouxesse esse tipo de interesse ou de abordagem\u201d, respondeu Yara, diretora da Meta de pol\u00edtica econ\u00f4mica para Am\u00e9rica Latina.<\/p>\n<h2>Explora\u00e7\u00e3o sexual de crian\u00e7as e adolescentes<\/h2>\n<div class=\"dnd-widget-wrapper context-medio_4colunas type-image atom-align-right\">\n<div class=\"dnd-atom-rendered\"><!-- scald=410668:medio_4colunas {\"additionalClasses\":\"\"} --><br \/>\n            <img decoding=\"async\" src=\"https:\/\/agenciabrasil.ebc.com.br\/sites\/default\/files\/thumbnails\/image\/loading_v2.gif\" data-echo=\"https:\/\/imagens.ebc.com.br\/xX6XFC6599-bv_ICGULp4T4lxV4=\/365x0\/smart\/https:\/\/agenciabrasil.ebc.com.br\/sites\/default\/files\/thumbnails\/image\/2025\/01\/08\/meta_metaverse_logo2.jpg?itok=dNZlKmMQ\" alt=\"Bras\u00edlia (DF), 08\/01\/2025 - Logo da empresa Meta. Facebook, Messenger, Instagram, Whatsapp. Foto: Meta\/Divulga\u00e7\u00e3o\" title=\"Meta\/Divulga\u00e7\u00e3o\"><br \/>\n        <noscript><img decoding=\"async\" src=\"https:\/\/imagens.ebc.com.br\/xX6XFC6599-bv_ICGULp4T4lxV4=\/365x0\/smart\/https:\/\/agenciabrasil.ebc.com.br\/sites\/default\/files\/thumbnails\/image\/2025\/01\/08\/meta_metaverse_logo2.jpg?itok=dNZlKmMQ\" alt=\"Bras\u00edlia (DF), 08\/01\/2025 - Logo da empresa Meta. Facebook, Messenger, Instagram, Whatsapp. Foto: Meta\/Divulga\u00e7\u00e3o\" title=\"Meta\/Divulga\u00e7\u00e3o\"><\/noscript><br \/>\n    <!-- END scald=410668 --><\/div>\n<div class=\"dnd-caption-wrapper\">\n<h6 class=\"meta\"><!--copyright=410668-->Logo da Meta &#8211; <strong>Meta\/Divulga\u00e7\u00e3o<\/strong><!--END copyright=410668--><\/h6>\n<\/div>\n<\/div>\n<p><strong>O relator da CPI, Alessandro Vieira, quis saber ainda se a Meta tem capacidade de detectar e impedir a divulga\u00e7\u00e3o de imagens de abuso sexual de crian\u00e7as e adolescentes nas redes sociais. O senador citou estudos que mostram o uso das plataformas para o aliciamento de crian\u00e7as. \u00a0<\/strong><\/p>\n<p>\u201cEm 2020, um relat\u00f3rio da ONG \u00a0Human Trafficking Institute diz que o Facebook foi a plataforma mais utilizada por traficantes sexuais para aliciar e recrutar crian\u00e7as: 65% dos casos de aliciamento e recrutamento de crian\u00e7as se deram atrav\u00e9s da plataforma de voc\u00eas\u201d, destacou o senador.<\/p>\n<p><strong>A diretora da Meta Yara Alves n\u00e3o soube responder, com precis\u00e3o, se a companhia pode identificar conte\u00fados de pornografia infantil, evitando a\u00a0divulga\u00e7\u00e3o desse tipo de conte\u00fado.<\/strong><\/p>\n<blockquote>\n<p>\u201cN\u00e3o sei explicar para o senhor se as nossas ferramentas de detec\u00e7\u00e3o proativa, a partir de metadados, etc., s\u00e3o suficientes para impedir a transfer\u00eancia de fotos, como o senhor falou especificamente, mas quero colocar aqui o time da Meta \u00e0 disposi\u00e7\u00e3o desta Comiss\u00e3o\u201d, disse.<\/p>\n<\/blockquote>\n<p>Ao mesmo tempo, a chefe da Meta destacou que o combate a explora\u00e7\u00e3o sexual de crian\u00e7as e adolescentes \u00e9 uma prioridade da multinacional, que tomou meditas para controle, pelos pais, de contas de adolescentes.<\/p>\n<p>\u201cO tema de crian\u00e7as e adolescentes dentro da Meta \u00e9 um tema de alt\u00edssima prioridade e conta com diversos times dedicados na \u00e1rea de produto, na \u00e1rea de\u00a0<em>compliance<\/em>, na \u00e1rea de jur\u00eddico, pol\u00edtica p\u00fablica, opera\u00e7\u00f5es\u201d, afirmou.<\/p>\n<h2>Perguntas sem respostas<\/h2>\n<p><strong>A diretora da gigante da tecnologia tamb\u00e9m n\u00e3o soube responder quest\u00f5es apresentadas pelos senadores em temas espec\u00edficos, como de limites da criptografia ou sobre o uso de algor\u00edtmicos nas redes sociais para favorecer determinados conte\u00fados pol\u00edticos.<\/strong><\/p>\n<p>A falta de dom\u00ednio sobre alguns assuntos levou o relator da CPI\u00a0a solicitar que seja chamado, novamente, o diretor-geral da Meta no Brasil, Conrado Leister.<\/p>\n<p>\u201cA empresa informou, ao pedir a substitui\u00e7\u00e3o do diretor-geral por vossa excel\u00eancia, que a senhora teria condi\u00e7\u00f5es de atender perfeitamente [a CPI]. Novamente, em benef\u00edcio desse princ\u00edpio de boa-f\u00e9, que \u00e9 t\u00e3o bom nas rela\u00e7\u00f5es, vamos entender que foi um erro de avalia\u00e7\u00e3o e vamos reiterar a convoca\u00e7\u00e3o do diretor-geral\u201d, disse o relator da Comiss\u00e3o.<\/p>\n<p><strong>Veja mais detalhes no Rep\u00f3rter Brasil, da TV Brasil:<\/strong><\/p>\n<p><iframe allow=\"accelerometer; autoplay; clipboard-write; encrypted-media; gyroscope; picture-in-picture; web-share\" allowfullscreen=\"\" frameborder=\"0\" height=\"315\" referrerpolicy=\"strict-origin-when-cross-origin\" src=\"https:\/\/www.youtube.com\/embed\/0VoQVrsjHJc?si=fZDc3Mjpe9j1A5no&#038;start=847\" title=\"YouTube video player\" width=\"560\" sandbox=\"allow-scripts allow-same-origin\"><\/iframe><\/p>\n","protected":false},"excerpt":{"rendered":"<p>A Comiss\u00e3o Parlamentar de Inqu\u00e9rito (CPI) do Crime Organizado do Senado questionou, nesta ter\u00e7a-feira (24), a empresa Meta \u2013 dona do Whatsapp, Facebook e Instagram \u2013 sobre os ganhos econ\u00f4micos que a multinacional dos Estados Unidos (EUA) teria com a pr\u00e1tica de crimes nas plataformas digitais. O relator da CPI, senador Alessandro Vieira (MDB-SE), ressaltou [&hellip;]<\/p>\n","protected":false},"author":29,"featured_media":13111,"comment_status":"open","ping_status":"open","sticky":false,"template":"","format":"standard","meta":{"site-sidebar-layout":"default","site-content-layout":"","ast-site-content-layout":"","site-content-style":"default","site-sidebar-style":"default","ast-global-header-display":"","ast-banner-title-visibility":"","ast-main-header-display":"","ast-hfb-above-header-display":"","ast-hfb-below-header-display":"","ast-hfb-mobile-header-display":"","site-post-title":"","ast-breadcrumbs-content":"","ast-featured-img":"","footer-sml-layout":"","theme-transparent-header-meta":"","adv-header-id-meta":"","stick-header-meta":"","header-above-stick-meta":"","header-main-stick-meta":"","header-below-stick-meta":"","astra-migrate-meta-layouts":"default","ast-page-background-enabled":"default","ast-page-background-meta":{"desktop":{"background-color":"var(--ast-global-color-4)","background-image":"","background-repeat":"repeat","background-position":"center center","background-size":"auto","background-attachment":"scroll","background-type":"","background-media":"","overlay-type":"","overlay-color":"","overlay-opacity":"","overlay-gradient":""},"tablet":{"background-color":"","background-image":"","background-repeat":"repeat","background-position":"center center","background-size":"auto","background-attachment":"scroll","background-type":"","background-media":"","overlay-type":"","overlay-color":"","overlay-opacity":"","overlay-gradient":""},"mobile":{"background-color":"","background-image":"","background-repeat":"repeat","background-position":"center center","background-size":"auto","background-attachment":"scroll","background-type":"","background-media":"","overlay-type":"","overlay-color":"","overlay-opacity":"","overlay-gradient":""}},"ast-content-background-meta":{"desktop":{"background-color":"var(--ast-global-color-5)","background-image":"","background-repeat":"repeat","background-position":"center center","background-size":"auto","background-attachment":"scroll","background-type":"","background-media":"","overlay-type":"","overlay-color":"","overlay-opacity":"","overlay-gradient":""},"tablet":{"background-color":"var(--ast-global-color-5)","background-image":"","background-repeat":"repeat","background-position":"center center","background-size":"auto","background-attachment":"scroll","background-type":"","background-media":"","overlay-type":"","overlay-color":"","overlay-opacity":"","overlay-gradient":""},"mobile":{"background-color":"var(--ast-global-color-5)","background-image":"","background-repeat":"repeat","background-position":"center center","background-size":"auto","background-attachment":"scroll","background-type":"","background-media":"","overlay-type":"","overlay-color":"","overlay-opacity":"","overlay-gradient":""}},"footnotes":""},"categories":[1],"tags":[],"class_list":["post-13110","post","type-post","status-publish","format-standard","has-post-thumbnail","hentry","category-sem-categoria"],"_links":{"self":[{"href":"https:\/\/jornalregionalms.com.br\/index.php?rest_route=\/wp\/v2\/posts\/13110","targetHints":{"allow":["GET"]}}],"collection":[{"href":"https:\/\/jornalregionalms.com.br\/index.php?rest_route=\/wp\/v2\/posts"}],"about":[{"href":"https:\/\/jornalregionalms.com.br\/index.php?rest_route=\/wp\/v2\/types\/post"}],"author":[{"embeddable":true,"href":"https:\/\/jornalregionalms.com.br\/index.php?rest_route=\/wp\/v2\/users\/29"}],"replies":[{"embeddable":true,"href":"https:\/\/jornalregionalms.com.br\/index.php?rest_route=%2Fwp%2Fv2%2Fcomments&post=13110"}],"version-history":[{"count":0,"href":"https:\/\/jornalregionalms.com.br\/index.php?rest_route=\/wp\/v2\/posts\/13110\/revisions"}],"wp:featuredmedia":[{"embeddable":true,"href":"https:\/\/jornalregionalms.com.br\/index.php?rest_route=\/wp\/v2\/media\/13111"}],"wp:attachment":[{"href":"https:\/\/jornalregionalms.com.br\/index.php?rest_route=%2Fwp%2Fv2%2Fmedia&parent=13110"}],"wp:term":[{"taxonomy":"category","embeddable":true,"href":"https:\/\/jornalregionalms.com.br\/index.php?rest_route=%2Fwp%2Fv2%2Fcategories&post=13110"},{"taxonomy":"post_tag","embeddable":true,"href":"https:\/\/jornalregionalms.com.br\/index.php?rest_route=%2Fwp%2Fv2%2Ftags&post=13110"}],"curies":[{"name":"wp","href":"https:\/\/api.w.org\/{rel}","templated":true}]}}