{"id":13108,"date":"2026-02-25T09:32:51","date_gmt":"2026-02-25T13:32:51","guid":{"rendered":"https:\/\/jornalregionalms.com.br\/?p=13108"},"modified":"2026-02-25T09:32:51","modified_gmt":"2026-02-25T13:32:51","slug":"senado-aprova-mp-que-transforma-anpd-em-agencia-reguladora","status":"publish","type":"post","link":"https:\/\/jornalregionalms.com.br\/?p=13108","title":{"rendered":"Senado aprova MP que transforma ANPD em ag\u00eancia reguladora"},"content":{"rendered":"<\/p>\n<p><a class=\"\" href=\"https:\/\/agenciabrasil.ebc.com.br\/politica\/noticia\/2026-02\/senado-aprova-mp-que-transforma-anpd-em-agencia-reguladora\"><br \/>\n                    <img decoding=\"async\" src=\"https:\/\/cdn.jsdelivr.net\/gh\/sergiosdlima\/assets-ebc@1.0.0\/abr\/assets\/images\/logo-agenciabrasil.svg\" alt=\"Logo Ag\u00eancia Brasil\"><br \/>\n\t\t\t\t<\/a><\/p>\n<p>O Senado aprovou nesta ter\u00e7a-feira (24) a <a href=\"https:\/\/www.planalto.gov.br\/ccivil_03\/_Ato2023-2026\/2025\/Mpv\/mpv1317.htm\" target=\"_blank\">Medida Provis\u00f3ria (MP) 1317\/25<\/a>, que transforma a atual Autoridade Nacional de Prote\u00e7\u00e3o de Dados em uma ag\u00eancia reguladora, com o nome de Ag\u00eancia Nacional de Prote\u00e7\u00e3o de Dados (ANPD).<img decoding=\"async\" src=\"https:\/\/agenciabrasil.ebc.com.br\/ebc.png?id=1679204&#038;o=rss\"><img decoding=\"async\" src=\"https:\/\/agenciabrasil.ebc.com.br\/ebc.gif?id=1679204&#038;o=rss\"><\/p>\n<p>A proposta tamb\u00e9m cria uma carreira pr\u00f3pria para a nova entidade, respons\u00e1vel pela regula\u00e7\u00e3o, fiscaliza\u00e7\u00e3o e prote\u00e7\u00e3o de dados. <strong>O texto agora vai para san\u00e7\u00e3o do presidente Luiz In\u00e1cio Lula da Silva.<\/strong><\/p>\n<\/p>\n<h3>Not\u00edcias relacionadas:<\/h3>\n<ul>\n<li><a href=\"https:\/\/agenciabrasil.ebc.com.br\/internacional\/noticia\/2026-02\/portugal-aprova-restricoes-acesso-de-criancas-redes-sociais\">Portugal aprova restri\u00e7\u00f5es a acesso de crian\u00e7as a redes sociais.<\/a><\/li>\n<li><a href=\"https:\/\/agenciabrasil.ebc.com.br\/geral\/noticia\/2026-02\/violacoes-no-grok-continuam-dizem-mpf-anpd-e-senacon\">Viola\u00e7\u00f5es no Grok continuam, dizem MPF, ANPD e Senacon.<\/a><\/li>\n<li><a href=\"https:\/\/agenciabrasil.ebc.com.br\/geral\/noticia\/2025-02\/empresa-suspende-coleta-de-iris-de-brasileiros\">Empresa suspende coleta de \u00edris de brasileiros ap\u00f3s decis\u00e3o da ANPD.<\/a><\/li>\n<\/ul>\n<p>A nova ag\u00eancia reguladora de natureza especial ser\u00e1 vinculada ao Minist\u00e9rio da Justi\u00e7a e Seguran\u00e7a P\u00fablica (MJSP). A ANPD ter\u00e1 autonomia funcional, t\u00e9cnica, decis\u00f3ria, administrativa e financeira, al\u00e9m de patrim\u00f4nio pr\u00f3prio.<\/p>\n<p>O texto da MP tamb\u00e9m criou um \u00f3rg\u00e3o de auditoria na estrutura da atual autoridade, agora transferida para a ag\u00eancia.<\/p>\n<h2>Prote\u00e7\u00e3o de crian\u00e7as e adolescentes<\/h2>\n<p>Al\u00e9m de equiparar a ent\u00e3o Autoridade Nacional de Prote\u00e7\u00e3o de Dados \u00e0s demais ag\u00eancias reguladoras, <strong>o projeto\u00a0busca assegurar a prote\u00e7\u00e3o dos direitos de crian\u00e7as e de adolescentes no ambiente digital.<\/strong><\/p>\n<p><a href=\"http:\/\/agenciabrasil.ebc.com.br\/direitos-humanos\/noticia\/2025-09\/lula-sanciona-lei-contra-adultizacao-de-criancas-nas-redes\" target=\"_blank\">A MP foi assinada pelo presidente\u00a0Lula no mesmo evento em que foi sancionada a lei que protege crian\u00e7as e adolescentes no ambiente digital<\/a>, que chegou a ser chamada de lei contra &#8220;adultiza\u00e7\u00e3o&#8221; e de ECA Digital.<\/p>\n<p><strong>A lei prev\u00ea que a fiscaliza\u00e7\u00e3o e a puni\u00e7\u00e3o desses crimes no ambiente digital sejam feitas por uma autoridade nacional aut\u00f4noma, que ser\u00e1 a nova ag\u00eancia reguladora.<\/strong><\/p>\n<p>Na avalia\u00e7\u00e3o do relator, senador Alessandro Vieira (MDB-SE), a transforma\u00e7\u00e3o da ANPD em ag\u00eancia reguladora \u00e9 uma medida adequada \u00e0s novas responsabilidades que lhe foram atribu\u00eddas.<\/p>\n<p>\u201cA relev\u00e2ncia se verifica pela necessidade de dotar a ANPD da estrutura necess\u00e1ria para o exerc\u00edcio de suas fun\u00e7\u00f5es, especialmente aquelas que lhe foram atribu\u00eddas pela regulamenta\u00e7\u00e3o do Estatuto Digital da Crian\u00e7a e do Adolescente\u201d, disse.<\/p>\n<h2>Especialista em Regula\u00e7\u00e3o de Prote\u00e7\u00e3o de Dados<\/h2>\n<p>A nova carreira criada para a ANPD \u00e9 a de Regula\u00e7\u00e3o e Fiscaliza\u00e7\u00e3o de Prote\u00e7\u00e3o de Dados, composta de cargos de Especialista em Regula\u00e7\u00e3o de Prote\u00e7\u00e3o de Dados.<\/p>\n<p>O cargo, de n\u00edvel superior, tem atribui\u00e7\u00f5es voltadas \u00e0s atividades especializadas de regula\u00e7\u00e3o, inspe\u00e7\u00e3o, fiscaliza\u00e7\u00e3o e controle de prote\u00e7\u00e3o dos dados pessoais.<\/p>\n<p>Caber\u00e1 a esse especialista tamb\u00e9m a\u00a0implementa\u00e7\u00e3o de pol\u00edticas e a\u00a0realiza\u00e7\u00e3o de estudos e pesquisas respectivos a essas atividades.<\/p>\n<p><strong>Pelo texto aprovado, ser\u00e3o 200 cargos de especialista<\/strong>, criados a partir da transforma\u00e7\u00e3o de 797 cargos vagos de agente administrativo, de n\u00edvel intermedi\u00e1rio, da carreira da previd\u00eancia, da sa\u00fade e do trabalho.<\/p>\n<p>Tamb\u00e9m foram criados 18 cargos de livre provimento: 4 cargos em comiss\u00e3o do Executivo (CCE) e 14 fun\u00e7\u00f5es comissionadas do Executivo. O preenchimento dos cargos, no entanto, depender\u00e1 de autoriza\u00e7\u00e3o or\u00e7ament\u00e1ria.<\/p>\n<p>\u201cA transforma\u00e7\u00e3o de cargos a que se refere o caput deste artigo ser\u00e1 realizada sem aumento de despesa, mediante compensa\u00e7\u00e3o financeira entre os valores correspondentes \u00e0 totalidade da remunera\u00e7\u00e3o dos cargos e das fun\u00e7\u00f5es que est\u00e3o sendo criados e os valores correspondentes \u00e0 totalidade da remunera\u00e7\u00e3o dos cargos que est\u00e3o sendo transformados, vedada a produ\u00e7\u00e3o de efeitos retroativos\u201d, diz o texto aprovado.<\/p>\n","protected":false},"excerpt":{"rendered":"<p>O Senado aprovou nesta ter\u00e7a-feira (24) a Medida Provis\u00f3ria (MP) 1317\/25, que transforma a atual Autoridade Nacional de Prote\u00e7\u00e3o de Dados em uma ag\u00eancia reguladora, com o nome de Ag\u00eancia Nacional de Prote\u00e7\u00e3o de Dados (ANPD). A proposta tamb\u00e9m cria uma carreira pr\u00f3pria para a nova entidade, respons\u00e1vel pela regula\u00e7\u00e3o, fiscaliza\u00e7\u00e3o e prote\u00e7\u00e3o de dados. [&hellip;]<\/p>\n","protected":false},"author":111,"featured_media":13109,"comment_status":"open","ping_status":"open","sticky":false,"template":"","format":"standard","meta":{"site-sidebar-layout":"default","site-content-layout":"","ast-site-content-layout":"","site-content-style":"default","site-sidebar-style":"default","ast-global-header-display":"","ast-banner-title-visibility":"","ast-main-header-display":"","ast-hfb-above-header-display":"","ast-hfb-below-header-display":"","ast-hfb-mobile-header-display":"","site-post-title":"","ast-breadcrumbs-content":"","ast-featured-img":"","footer-sml-layout":"","theme-transparent-header-meta":"","adv-header-id-meta":"","stick-header-meta":"","header-above-stick-meta":"","header-main-stick-meta":"","header-below-stick-meta":"","astra-migrate-meta-layouts":"default","ast-page-background-enabled":"default","ast-page-background-meta":{"desktop":{"background-color":"var(--ast-global-color-4)","background-image":"","background-repeat":"repeat","background-position":"center center","background-size":"auto","background-attachment":"scroll","background-type":"","background-media":"","overlay-type":"","overlay-color":"","overlay-opacity":"","overlay-gradient":""},"tablet":{"background-color":"","background-image":"","background-repeat":"repeat","background-position":"center center","background-size":"auto","background-attachment":"scroll","background-type":"","background-media":"","overlay-type":"","overlay-color":"","overlay-opacity":"","overlay-gradient":""},"mobile":{"background-color":"","background-image":"","background-repeat":"repeat","background-position":"center center","background-size":"auto","background-attachment":"scroll","background-type":"","background-media":"","overlay-type":"","overlay-color":"","overlay-opacity":"","overlay-gradient":""}},"ast-content-background-meta":{"desktop":{"background-color":"var(--ast-global-color-5)","background-image":"","background-repeat":"repeat","background-position":"center center","background-size":"auto","background-attachment":"scroll","background-type":"","background-media":"","overlay-type":"","overlay-color":"","overlay-opacity":"","overlay-gradient":""},"tablet":{"background-color":"var(--ast-global-color-5)","background-image":"","background-repeat":"repeat","background-position":"center center","background-size":"auto","background-attachment":"scroll","background-type":"","background-media":"","overlay-type":"","overlay-color":"","overlay-opacity":"","overlay-gradient":""},"mobile":{"background-color":"var(--ast-global-color-5)","background-image":"","background-repeat":"repeat","background-position":"center center","background-size":"auto","background-attachment":"scroll","background-type":"","background-media":"","overlay-type":"","overlay-color":"","overlay-opacity":"","overlay-gradient":""}},"footnotes":""},"categories":[1],"tags":[],"class_list":["post-13108","post","type-post","status-publish","format-standard","has-post-thumbnail","hentry","category-sem-categoria"],"_links":{"self":[{"href":"https:\/\/jornalregionalms.com.br\/index.php?rest_route=\/wp\/v2\/posts\/13108","targetHints":{"allow":["GET"]}}],"collection":[{"href":"https:\/\/jornalregionalms.com.br\/index.php?rest_route=\/wp\/v2\/posts"}],"about":[{"href":"https:\/\/jornalregionalms.com.br\/index.php?rest_route=\/wp\/v2\/types\/post"}],"author":[{"embeddable":true,"href":"https:\/\/jornalregionalms.com.br\/index.php?rest_route=\/wp\/v2\/users\/111"}],"replies":[{"embeddable":true,"href":"https:\/\/jornalregionalms.com.br\/index.php?rest_route=%2Fwp%2Fv2%2Fcomments&post=13108"}],"version-history":[{"count":0,"href":"https:\/\/jornalregionalms.com.br\/index.php?rest_route=\/wp\/v2\/posts\/13108\/revisions"}],"wp:featuredmedia":[{"embeddable":true,"href":"https:\/\/jornalregionalms.com.br\/index.php?rest_route=\/wp\/v2\/media\/13109"}],"wp:attachment":[{"href":"https:\/\/jornalregionalms.com.br\/index.php?rest_route=%2Fwp%2Fv2%2Fmedia&parent=13108"}],"wp:term":[{"taxonomy":"category","embeddable":true,"href":"https:\/\/jornalregionalms.com.br\/index.php?rest_route=%2Fwp%2Fv2%2Fcategories&post=13108"},{"taxonomy":"post_tag","embeddable":true,"href":"https:\/\/jornalregionalms.com.br\/index.php?rest_route=%2Fwp%2Fv2%2Ftags&post=13108"}],"curies":[{"name":"wp","href":"https:\/\/api.w.org\/{rel}","templated":true}]}}