{"id":13100,"date":"2026-02-25T09:32:42","date_gmt":"2026-02-25T13:32:42","guid":{"rendered":"https:\/\/jornalregionalms.com.br\/?p=13100"},"modified":"2026-02-25T09:32:42","modified_gmt":"2026-02-25T13:32:42","slug":"novas-tarifas-de-trump-poupam-46-das-exportacoes-do-brasil-aos-eua","status":"publish","type":"post","link":"https:\/\/jornalregionalms.com.br\/?p=13100","title":{"rendered":"Novas tarifas de Trump poupam 46% das exporta\u00e7\u00f5es do Brasil aos EUA"},"content":{"rendered":"<\/p>\n<p><a class=\"\" href=\"https:\/\/agenciabrasil.ebc.com.br\/economia\/noticia\/2026-02\/novas-tarifas-de-trump-poupam-46-das-exportacoes-do-brasil-aos-eua\"><br \/>\n                    <img decoding=\"async\" src=\"https:\/\/cdn.jsdelivr.net\/gh\/sergiosdlima\/assets-ebc@1.0.0\/abr\/assets\/images\/logo-agenciabrasil.svg\" alt=\"Logo Ag\u00eancia Brasil\"><br \/>\n\t\t\t\t<\/a><\/p>\n<p><strong>O novo regime tarif\u00e1rio dos Estados Unidos deve poupar 46% dos produtos brasileiros exportados ao pa\u00eds, informou nesta ter\u00e7a-feira (24) o Minist\u00e9rio do Desenvolvimento, Ind\u00fastria, Com\u00e9rcio e Servi\u00e7os (Mdic).<\/strong> <strong>Entre os itens beneficiados est\u00e3o as aeronaves, que passam a ter al\u00edquota zero para ingresso no mercado estadunidense<\/strong>.<img decoding=\"async\" src=\"https:\/\/agenciabrasil.ebc.com.br\/ebc.png?id=1679244&#038;o=rss\"><img decoding=\"async\" src=\"https:\/\/agenciabrasil.ebc.com.br\/ebc.gif?id=1679244&#038;o=rss\"><\/p>\n<p>As mudan\u00e7as ocorrem ap\u00f3s decis\u00e3o da Suprema Corte dos Estados Unidos que derrubou as chamadas tarifas rec\u00edprocas impostas pelo governo do presidente Donald Trump com base em legisla\u00e7\u00e3o de emerg\u00eancia nacional.<\/p>\n<\/p>\n<h3>Not\u00edcias relacionadas:<\/h3>\n<ul>\n<li><a href=\"https:\/\/agenciabrasil.ebc.com.br\/economia\/noticia\/2026-02\/exportacoes-aos-eua-caem-255-em-janeiro-mas-vendas-china-sobem\">Exporta\u00e7\u00f5es aos EUA caem 25,5% em janeiro, mas vendas \u00e0 China sobem.<\/a><\/li>\n<li><a href=\"https:\/\/agenciabrasil.ebc.com.br\/economia\/noticia\/2026-01\/exportacoes-de-servicos-batem-recorde-e-alcancam-us-518-bi-em-2025\">Exporta\u00e7\u00f5es de servi\u00e7os batem recorde e alcan\u00e7am US$ 51,8 bi em 2025.<\/a><\/li>\n<li><a href=\"https:\/\/agenciabrasil.ebc.com.br\/economia\/noticia\/2026-01\/apex-estima-que-acordo-mercosul-ue-pode-elevar-exportacoes-do-brasil\">Apex estima que acordo Mercosul-UE pode elevar exporta\u00e7\u00f5es do Brasil.<\/a><\/li>\n<\/ul>\n<p>Em nota, o minist\u00e9rio informou que, com a nova ordem executiva publicada em 20 de fevereiro, cerca de 46% das exporta\u00e7\u00f5es brasileiras aos EUA (US$ 17,5 bilh\u00f5es) ficam sem qualquer sobretaxa adicional.<\/p>\n<p><strong>Outros 25% (US$ 9,3 bilh\u00f5es) passam a estar sujeitos \u00e0 tarifa global de 10%. Aplicado com base na Se\u00e7\u00e3o 122 da Lei de Com\u00e9rcio de 1974, o percentual pode subir para 15% conforme o governo estadunidense.<\/strong><\/p>\n<p>J\u00e1 29% das exporta\u00e7\u00f5es (US$ 10,9 bilh\u00f5es) continuam submetidas \u00e0s tarifas setoriais previstas na chamada Se\u00e7\u00e3o 232, mecanismo aplicado de forma linear a diversos pa\u00edses com base em argumentos de seguran\u00e7a nacional, como no caso de <strong>a\u00e7o e alum\u00ednio<\/strong>.<\/p>\n<p><strong>Antes das altera\u00e7\u00f5es, aproximadamente 22% das exporta\u00e7\u00f5es brasileiras estavam sujeitas a sobretaxas de at\u00e9 40% ou 50%.<\/strong><\/p>\n<h2>Aeronaves<\/h2>\n<p>Uma das principais mudan\u00e7as \u00e9 a exclus\u00e3o das aeronaves da incid\u00eancia das novas tarifas. <strong>O produto passa a ter al\u00edquota zero, contra tributa\u00e7\u00e3o anterior de 10%.<\/strong><\/p>\n<p>Segundo o Mdic, as aeronaves foram o terceiro principal item da pauta exportadora brasileira para os Estados Unidos em 2024 e 2025, com elevado valor agregado e conte\u00fado tecnol\u00f3gico.<\/p>\n<h2>Setores beneficiados<\/h2>\n<p>Al\u00e9m das aeronaves, o minist\u00e9rio avalia que o novo regime amplia a competitividade de diversos segmentos industriais brasileiros no mercado norte-americano.<\/p>\n<p><strong>Entre os setores beneficiados est\u00e3o:<\/strong><\/p>\n<p>M\u00e1quinas e equipamentos;<\/p>\n<p>Cal\u00e7ados;<\/p>\n<p>M\u00f3veis;<\/p>\n<p>Confec\u00e7\u00f5es;<\/p>\n<p>Madeira;<\/p>\n<p>Produtos qu\u00edmicos;<\/p>\n<p>Rochas ornamentais.<\/p>\n<p><strong>Esses produtos deixam de enfrentar tarifas de at\u00e9 50% e passam a competir sob al\u00edquota ison\u00f4mica (igual para todos os pa\u00edses) de 10%, ou eventualmente 15%.<\/strong><\/p>\n<p>No setor agropecu\u00e1rio, pescados, mel, tabaco e caf\u00e9 sol\u00favel tamb\u00e9m saem da al\u00edquota de 50% para a tarifa geral de 10% (ou eventuais 15%).<\/p>\n<h2>Com\u00e9rcio bilateral<\/h2>\n<p>Em 2025, a corrente de com\u00e9rcio entre Brasil e Estados Unidos somou US$ 82,8 bilh\u00f5es, alta de 2,2% sobre 2024. <strong>As exporta\u00e7\u00f5es brasileiras totalizaram US$ 37,7 bilh\u00f5es, enquanto as importa\u00e7\u00f5es atingiram US$ 45,1 bilh\u00f5es, gerando d\u00e9ficit comercial de US$ 7,5 bilh\u00f5es para o Brasil.<\/strong><\/p>\n<p>O Mdic ressalta que os dados foram estimados com base nas exporta\u00e7\u00f5es para os Estados Unidos no ano passado. <strong>Segundo a pasta, os c\u00e1lculos podem sofrer varia\u00e7\u00f5es conforme crit\u00e9rios t\u00e9cnicos de classifica\u00e7\u00e3o tarif\u00e1ria e destina\u00e7\u00e3o espec\u00edfica dos produtos.<\/strong><\/p>\n<p><strong>Exporta\u00e7\u00f5es brasileiras aos EUA (2025)<\/strong><\/p>\n<table border=\"1\" cellpadding=\"1\" cellspacing=\"1\">\n<tbody>\n<tr>\n<td>\u00a0Categoria<\/td>\n<td>\u00a0bilh\u00f5es\u00a0<\/td>\n<td>\u00a0participa\u00e7\u00e3o<\/td>\n<\/tr>\n<tr>\n<td>\u00a0Sem sobretaxas<\/td>\n<td>\u00a017,496<\/td>\n<td>\u00a046%<\/td>\n<\/tr>\n<tr>\n<td>\u00a0Sujeitos \u00e0 tarifa de 10% (ou 15%) \u2013 Se\u00e7\u00e3o 122<\/td>\n<td>\u00a0\u00a09,248<\/td>\n<td>\u00a025%<\/td>\n<\/tr>\n<tr>\n<td>\u00a0Sujeitos a tarifas setoriais (10% a 50%) \u2013 Se\u00e7\u00e3o 232<\/td>\n<td>\u00a0\u00a010,938<\/td>\n<td>\u00a029%<\/td>\n<\/tr>\n<tr>\n<td>\u00a0Total geral<\/td>\n<td>\u00a0\u00a037,682<\/td>\n<td>\u00a0100%<\/td>\n<\/tr>\n<\/tbody>\n<\/table>\n<p><strong>Fonte: Mdic<\/strong><\/p>\n<p>\u00a0<\/p>\n","protected":false},"excerpt":{"rendered":"<p>O novo regime tarif\u00e1rio dos Estados Unidos deve poupar 46% dos produtos brasileiros exportados ao pa\u00eds, informou nesta ter\u00e7a-feira (24) o Minist\u00e9rio do Desenvolvimento, Ind\u00fastria, Com\u00e9rcio e Servi\u00e7os (Mdic). Entre os itens beneficiados est\u00e3o as aeronaves, que passam a ter al\u00edquota zero para ingresso no mercado estadunidense. As mudan\u00e7as ocorrem ap\u00f3s decis\u00e3o da Suprema Corte [&hellip;]<\/p>\n","protected":false},"author":1,"featured_media":13101,"comment_status":"open","ping_status":"open","sticky":false,"template":"","format":"standard","meta":{"site-sidebar-layout":"default","site-content-layout":"","ast-site-content-layout":"","site-content-style":"default","site-sidebar-style":"default","ast-global-header-display":"","ast-banner-title-visibility":"","ast-main-header-display":"","ast-hfb-above-header-display":"","ast-hfb-below-header-display":"","ast-hfb-mobile-header-display":"","site-post-title":"","ast-breadcrumbs-content":"","ast-featured-img":"","footer-sml-layout":"","theme-transparent-header-meta":"","adv-header-id-meta":"","stick-header-meta":"","header-above-stick-meta":"","header-main-stick-meta":"","header-below-stick-meta":"","astra-migrate-meta-layouts":"default","ast-page-background-enabled":"default","ast-page-background-meta":{"desktop":{"background-color":"var(--ast-global-color-4)","background-image":"","background-repeat":"repeat","background-position":"center center","background-size":"auto","background-attachment":"scroll","background-type":"","background-media":"","overlay-type":"","overlay-color":"","overlay-opacity":"","overlay-gradient":""},"tablet":{"background-color":"","background-image":"","background-repeat":"repeat","background-position":"center center","background-size":"auto","background-attachment":"scroll","background-type":"","background-media":"","overlay-type":"","overlay-color":"","overlay-opacity":"","overlay-gradient":""},"mobile":{"background-color":"","background-image":"","background-repeat":"repeat","background-position":"center center","background-size":"auto","background-attachment":"scroll","background-type":"","background-media":"","overlay-type":"","overlay-color":"","overlay-opacity":"","overlay-gradient":""}},"ast-content-background-meta":{"desktop":{"background-color":"var(--ast-global-color-5)","background-image":"","background-repeat":"repeat","background-position":"center center","background-size":"auto","background-attachment":"scroll","background-type":"","background-media":"","overlay-type":"","overlay-color":"","overlay-opacity":"","overlay-gradient":""},"tablet":{"background-color":"var(--ast-global-color-5)","background-image":"","background-repeat":"repeat","background-position":"center center","background-size":"auto","background-attachment":"scroll","background-type":"","background-media":"","overlay-type":"","overlay-color":"","overlay-opacity":"","overlay-gradient":""},"mobile":{"background-color":"var(--ast-global-color-5)","background-image":"","background-repeat":"repeat","background-position":"center center","background-size":"auto","background-attachment":"scroll","background-type":"","background-media":"","overlay-type":"","overlay-color":"","overlay-opacity":"","overlay-gradient":""}},"footnotes":""},"categories":[126],"tags":[],"class_list":["post-13100","post","type-post","status-publish","format-standard","has-post-thumbnail","hentry","category-policial"],"_links":{"self":[{"href":"https:\/\/jornalregionalms.com.br\/index.php?rest_route=\/wp\/v2\/posts\/13100","targetHints":{"allow":["GET"]}}],"collection":[{"href":"https:\/\/jornalregionalms.com.br\/index.php?rest_route=\/wp\/v2\/posts"}],"about":[{"href":"https:\/\/jornalregionalms.com.br\/index.php?rest_route=\/wp\/v2\/types\/post"}],"author":[{"embeddable":true,"href":"https:\/\/jornalregionalms.com.br\/index.php?rest_route=\/wp\/v2\/users\/1"}],"replies":[{"embeddable":true,"href":"https:\/\/jornalregionalms.com.br\/index.php?rest_route=%2Fwp%2Fv2%2Fcomments&post=13100"}],"version-history":[{"count":0,"href":"https:\/\/jornalregionalms.com.br\/index.php?rest_route=\/wp\/v2\/posts\/13100\/revisions"}],"wp:featuredmedia":[{"embeddable":true,"href":"https:\/\/jornalregionalms.com.br\/index.php?rest_route=\/wp\/v2\/media\/13101"}],"wp:attachment":[{"href":"https:\/\/jornalregionalms.com.br\/index.php?rest_route=%2Fwp%2Fv2%2Fmedia&parent=13100"}],"wp:term":[{"taxonomy":"category","embeddable":true,"href":"https:\/\/jornalregionalms.com.br\/index.php?rest_route=%2Fwp%2Fv2%2Fcategories&post=13100"},{"taxonomy":"post_tag","embeddable":true,"href":"https:\/\/jornalregionalms.com.br\/index.php?rest_route=%2Fwp%2Fv2%2Ftags&post=13100"}],"curies":[{"name":"wp","href":"https:\/\/api.w.org\/{rel}","templated":true}]}}