{"id":13098,"date":"2026-02-25T09:32:43","date_gmt":"2026-02-25T13:32:43","guid":{"rendered":"https:\/\/jornalregionalms.com.br\/?p=13098"},"modified":"2026-02-25T09:32:43","modified_gmt":"2026-02-25T13:32:43","slug":"caixa-paga-bolsa-familia-a-beneficiarios-com-nis-de-final-8","status":"publish","type":"post","link":"https:\/\/jornalregionalms.com.br\/?p=13098","title":{"rendered":"Caixa paga Bolsa Fam\u00edlia a benefici\u00e1rios com NIS de final 8"},"content":{"rendered":"<\/p>\n<p><a class=\"\" href=\"https:\/\/agenciabrasil.ebc.com.br\/economia\/noticia\/2026-02\/caixa-paga-bolsa-familia-beneficiarios-com-nis-de-final-8\"><br \/>\n                    <img decoding=\"async\" src=\"https:\/\/cdn.jsdelivr.net\/gh\/sergiosdlima\/assets-ebc@1.0.0\/abr\/assets\/images\/logo-agenciabrasil.svg\" alt=\"Logo Ag\u00eancia Brasil\"><br \/>\n\t\t\t\t<\/a><\/p>\n<p><strong>A Caixa Econ\u00f4mica Federal paga nesta quarta-feira (25) a parcela de fevereiro\u00a0do Bolsa Fam\u00edlia aos benefici\u00e1rios com N\u00famero de Inscri\u00e7\u00e3o Social (NIS) de final 8.<\/strong><img decoding=\"async\" src=\"https:\/\/agenciabrasil.ebc.com.br\/ebc.png?id=1679180&#038;o=rss\"><img decoding=\"async\" src=\"https:\/\/agenciabrasil.ebc.com.br\/ebc.gif?id=1679180&#038;o=rss\"><\/p>\n<p><strong>O valor m\u00ednimo corresponde a R$ 600, mas com os adicionais o valor m\u00e9dio do benef\u00edcio sobe para R$ 690,01. <\/strong>Segundo o Minist\u00e9rio do Desenvolvimento e Assist\u00eancia Social, neste m\u00eas o programa de transfer\u00eancia de renda do Governo Federal alcan\u00e7ar\u00e1 18,84 milh\u00f5es de fam\u00edlias, com gasto de R$ 13 bilh\u00f5es.<\/p>\n<\/p>\n<h3>Not\u00edcias relacionadas:<\/h3>\n<ul>\n<li><a href=\"https:\/\/agenciabrasil.ebc.com.br\/economia\/noticia\/2026-02\/representacao-brasileira-do-parlasul-aprova-acordo-mercosul-ue\">Representa\u00e7\u00e3o Brasileira do Parlasul aprova acordo Mercosul-UE.<\/a><\/li>\n<li><a href=\"https:\/\/agenciabrasil.ebc.com.br\/economia\/noticia\/2026-02\/governo-estuda-viabilidade-de-tarifa-zero-no-transporte-publico\">Governo estuda viabilidade de Tarifa Zero no transporte p\u00fablico.<\/a><\/li>\n<li><a href=\"https:\/\/agenciabrasil.ebc.com.br\/economia\/noticia\/2026-02\/contas-externas-tem-saldo-negativo-menor-em-janeiro-de-2026\">Contas externas t\u00eam saldo negativo menor em janeiro de 2026.<\/a><\/li>\n<\/ul>\n<p>Al\u00e9m do benef\u00edcio m\u00ednimo, h\u00e1 o pagamento dos seguinte\u00a0adicionais:<\/p>\n<ul>\n<li>Benef\u00edcio Vari\u00e1vel Familiar Nutriz,\u00a0que paga seis parcelas de R$ 50 a m\u00e3es de beb\u00eas de at\u00e9 seis meses de idade, para garantir a alimenta\u00e7\u00e3o da crian\u00e7a<\/li>\n<li>Acr\u00e9scimo de R$ 50 a gestantes e nutrizes (m\u00e3es que amamentam)<\/li>\n<li>Adicional de R$ 150, a\u00a0cada crian\u00e7a de at\u00e9 6 anos.<\/li>\n<li>Adicional de R$ 50 a cada filho de 7 a 18 anos<\/li>\n<\/ul>\n<p>No modelo tradicional do Bolsa Fam\u00edlia, o pagamento ocorre nos \u00faltimos dez dias \u00fateis de cada m\u00eas.\u00a0O benefici\u00e1rio poder\u00e1 consultar informa\u00e7\u00f5es sobre as datas de pagamento, o valor do benef\u00edcio e a composi\u00e7\u00e3o das parcelas no aplicativo Caixa Tem, usado para acompanhar as contas poupan\u00e7a digitais do banco.<\/p>\n<h2>Pagamento unificado<\/h2>\n<p>Os benefici\u00e1rios de <a href=\"https:\/\/www.gov.br\/mds\/pt-br\/noticias-e-conteudos\/desenvolvimento-social\/noticias-desenvolvimento-social\/pagamento-unificado-do-bolsa-familia-chega-a-familias-de-171-municipios-em-fevereiro\" target=\"_blank\">171 cidades<\/a> de oito estados receberam o pagamento na \u00faltima quinta-feira (12), independentemente do NIS. A medida beneficiou os moradores de 122 munic\u00edpios do Rio Grande do Norte, que sofrem com a seca. Tamb\u00e9m foram beneficiadas cidades nos seguintes estados: Bahia (14), Paran\u00e1 (12), Sergipe (11), Roraima (6), Amazonas (3), Piau\u00ed (2)\u00a0e Santa Catarina (1).<\/p>\n<p>Essas localidades foram afetadas por chuvas ou por estiagens ou t\u00eam povos ind\u00edgenas em situa\u00e7\u00e3o de vulnerabilidade. A lista dos munic\u00edpios com pagamento antecipado est\u00e1 dispon\u00edvel na <a href=\"https:\/\/www.gov.br\/mds\/pt-br\/noticias-e-conteudos\/desenvolvimento-social\/noticias-desenvolvimento-social\/pagamento-unificado-do-bolsa-familia-chega-a-familias-de-171-municipios-em-fevereiro\" target=\"_blank\">p\u00e1gina<\/a> do Minist\u00e9rio do Desenvolvimento e Assist\u00eancia Social.<\/p>\n<p>Desde 2024, os benefici\u00e1rios do Bolsa Fam\u00edlia deixaram de ter desconto do Seguro Defeso. A mudan\u00e7a foi estabelecida pela <a href=\"https:\/\/www.planalto.gov.br\/ccivil_03\/_ato2023-2026\/2023\/lei\/l14601.htm\" target=\"_blank\">Lei 14.601\/2023<\/a>, que resgatou o Programa Bolsa Fam\u00edlia (PBF). O Seguro Defeso \u00e9 pago a pessoas que sobrevivem exclusivamente da pesca artesanal e que n\u00e3o podem exercer a atividade durante o per\u00edodo da piracema (reprodu\u00e7\u00e3o dos peixes).<\/p>\n<h2>Regra de prote\u00e7\u00e3o<\/h2>\n<p>Cerca de 2,51 milh\u00f5es de fam\u00edlias est\u00e3o na regra de prote\u00e7\u00e3o em fevereiro. Essa regra permite que fam\u00edlias cujos membros consigam emprego e melhorem a renda recebam 50% do benef\u00edcio a que teriam direito por at\u00e9 dois anos, desde que cada integrante receba o equivalente a at\u00e9 meio sal\u00e1rio m\u00ednimo.<\/p>\n<p>Em 2025, o tempo de perman\u00eancia na <a href=\"https:\/\/agenciabrasil.ebc.com.br\/economia\/noticia\/2025-05\/governo-altera-regra-de-transicao-do-bolsa-familia-entenda\" target=\"_blank\">regra de prote\u00e7\u00e3o foi reduzido<\/a> de dois para um ano. No entanto, a mudan\u00e7a s\u00f3 abrange as fam\u00edlias que entraram na fase de transi\u00e7\u00e3o a partir de junho de 2025. Quem se enquadrou na regra at\u00e9 maio de 2025 continuar\u00e1 a receber metade do benef\u00edcio por dois anos.<\/p>\n<div class=\"dnd-widget-wrapper context-cheio_8colunas type-image\">\n<div class=\"dnd-atom-rendered\"><!-- scald=450449:cheio_8colunas --><br \/>\n            <img decoding=\"async\" src=\"https:\/\/agenciabrasil.ebc.com.br\/sites\/default\/files\/thumbnails\/image\/loading_v2.gif\" data-echo=\"https:\/\/imagens.ebc.com.br\/I19ifvNwNnMuOzddEM_34lXt98E=\/754x0\/smart\/https:\/\/agenciabrasil.ebc.com.br\/sites\/default\/files\/thumbnails\/image\/2026\/01\/16\/bolsa_familia_-_fevereiro_2026.png?itok=qbt6-MNi\" alt=\"Calend\u00e1rio de pagamento do Bolsa Fam\u00edlia 2026\" title=\"Arte EBC\"><br \/>\n        <noscript><img decoding=\"async\" src=\"https:\/\/imagens.ebc.com.br\/I19ifvNwNnMuOzddEM_34lXt98E=\/754x0\/smart\/https:\/\/agenciabrasil.ebc.com.br\/sites\/default\/files\/thumbnails\/image\/2026\/01\/16\/bolsa_familia_-_fevereiro_2026.png?itok=qbt6-MNi\" alt=\"Calend\u00e1rio de pagamento do Bolsa Fam\u00edlia 2026\" title=\"Arte EBC\"><\/noscript><br \/>\n    <!-- END scald=450449 --><\/div>\n<div class=\"dnd-caption-wrapper\">\n<h6 class=\"meta\"><!--copyright=450449-->Calend\u00e1rio de pagamento do Bolsa Fam\u00edlia 2026 &#8211; <strong>Arte EBC<\/strong><!--END copyright=450449--><\/h6>\n<\/div>\n<\/div>\n","protected":false},"excerpt":{"rendered":"<p>A Caixa Econ\u00f4mica Federal paga nesta quarta-feira (25) a parcela de fevereiro\u00a0do Bolsa Fam\u00edlia aos benefici\u00e1rios com N\u00famero de Inscri\u00e7\u00e3o Social (NIS) de final 8. O valor m\u00ednimo corresponde a R$ 600, mas com os adicionais o valor m\u00e9dio do benef\u00edcio sobe para R$ 690,01. Segundo o Minist\u00e9rio do Desenvolvimento e Assist\u00eancia Social, neste m\u00eas [&hellip;]<\/p>\n","protected":false},"author":68,"featured_media":13099,"comment_status":"open","ping_status":"open","sticky":false,"template":"","format":"standard","meta":{"site-sidebar-layout":"default","site-content-layout":"","ast-site-content-layout":"","site-content-style":"default","site-sidebar-style":"default","ast-global-header-display":"","ast-banner-title-visibility":"","ast-main-header-display":"","ast-hfb-above-header-display":"","ast-hfb-below-header-display":"","ast-hfb-mobile-header-display":"","site-post-title":"","ast-breadcrumbs-content":"","ast-featured-img":"","footer-sml-layout":"","theme-transparent-header-meta":"","adv-header-id-meta":"","stick-header-meta":"","header-above-stick-meta":"","header-main-stick-meta":"","header-below-stick-meta":"","astra-migrate-meta-layouts":"default","ast-page-background-enabled":"default","ast-page-background-meta":{"desktop":{"background-color":"var(--ast-global-color-4)","background-image":"","background-repeat":"repeat","background-position":"center center","background-size":"auto","background-attachment":"scroll","background-type":"","background-media":"","overlay-type":"","overlay-color":"","overlay-opacity":"","overlay-gradient":""},"tablet":{"background-color":"","background-image":"","background-repeat":"repeat","background-position":"center center","background-size":"auto","background-attachment":"scroll","background-type":"","background-media":"","overlay-type":"","overlay-color":"","overlay-opacity":"","overlay-gradient":""},"mobile":{"background-color":"","background-image":"","background-repeat":"repeat","background-position":"center center","background-size":"auto","background-attachment":"scroll","background-type":"","background-media":"","overlay-type":"","overlay-color":"","overlay-opacity":"","overlay-gradient":""}},"ast-content-background-meta":{"desktop":{"background-color":"var(--ast-global-color-5)","background-image":"","background-repeat":"repeat","background-position":"center center","background-size":"auto","background-attachment":"scroll","background-type":"","background-media":"","overlay-type":"","overlay-color":"","overlay-opacity":"","overlay-gradient":""},"tablet":{"background-color":"var(--ast-global-color-5)","background-image":"","background-repeat":"repeat","background-position":"center center","background-size":"auto","background-attachment":"scroll","background-type":"","background-media":"","overlay-type":"","overlay-color":"","overlay-opacity":"","overlay-gradient":""},"mobile":{"background-color":"var(--ast-global-color-5)","background-image":"","background-repeat":"repeat","background-position":"center center","background-size":"auto","background-attachment":"scroll","background-type":"","background-media":"","overlay-type":"","overlay-color":"","overlay-opacity":"","overlay-gradient":""}},"footnotes":""},"categories":[126],"tags":[],"class_list":["post-13098","post","type-post","status-publish","format-standard","has-post-thumbnail","hentry","category-policial"],"_links":{"self":[{"href":"https:\/\/jornalregionalms.com.br\/index.php?rest_route=\/wp\/v2\/posts\/13098","targetHints":{"allow":["GET"]}}],"collection":[{"href":"https:\/\/jornalregionalms.com.br\/index.php?rest_route=\/wp\/v2\/posts"}],"about":[{"href":"https:\/\/jornalregionalms.com.br\/index.php?rest_route=\/wp\/v2\/types\/post"}],"author":[{"embeddable":true,"href":"https:\/\/jornalregionalms.com.br\/index.php?rest_route=\/wp\/v2\/users\/68"}],"replies":[{"embeddable":true,"href":"https:\/\/jornalregionalms.com.br\/index.php?rest_route=%2Fwp%2Fv2%2Fcomments&post=13098"}],"version-history":[{"count":0,"href":"https:\/\/jornalregionalms.com.br\/index.php?rest_route=\/wp\/v2\/posts\/13098\/revisions"}],"wp:featuredmedia":[{"embeddable":true,"href":"https:\/\/jornalregionalms.com.br\/index.php?rest_route=\/wp\/v2\/media\/13099"}],"wp:attachment":[{"href":"https:\/\/jornalregionalms.com.br\/index.php?rest_route=%2Fwp%2Fv2%2Fmedia&parent=13098"}],"wp:term":[{"taxonomy":"category","embeddable":true,"href":"https:\/\/jornalregionalms.com.br\/index.php?rest_route=%2Fwp%2Fv2%2Fcategories&post=13098"},{"taxonomy":"post_tag","embeddable":true,"href":"https:\/\/jornalregionalms.com.br\/index.php?rest_route=%2Fwp%2Fv2%2Ftags&post=13098"}],"curies":[{"name":"wp","href":"https:\/\/api.w.org\/{rel}","templated":true}]}}