{"id":13094,"date":"2026-02-24T20:29:36","date_gmt":"2026-02-25T00:29:36","guid":{"rendered":"https:\/\/jornalregionalms.com.br\/?p=13094"},"modified":"2026-02-24T20:29:36","modified_gmt":"2026-02-25T00:29:36","slug":"alagada-matias-barbosa-mg-fecha-unidades-de-saude-e-suspende-aulas","status":"publish","type":"post","link":"https:\/\/jornalregionalms.com.br\/?p=13094","title":{"rendered":"Alagada, Matias Barbosa (MG) fecha unidades de sa\u00fade e suspende aulas"},"content":{"rendered":"<\/p>\n<p><a class=\"\" href=\"https:\/\/agenciabrasil.ebc.com.br\/geral\/noticia\/2026-02\/alagada-matias-barbosa-mg-fecha-unidades-de-saude-e-suspende-aulas\"><br \/>\n                    <img decoding=\"async\" src=\"https:\/\/cdn.jsdelivr.net\/gh\/sergiosdlima\/assets-ebc@1.0.0\/abr\/assets\/images\/logo-agenciabrasil.svg\" alt=\"Logo Ag\u00eancia Brasil\"><br \/>\n\t\t\t\t<\/a><\/p>\n<p><strong>A prefeitura do munic\u00edpio Matias Barbosa\u00a0(MG) suspendeu\u00a0servi\u00e7os de educa\u00e7\u00e3o e de sa\u00fade e decretou, nesta ter\u00e7a-feira (24), estado de calamidade p\u00fablica <\/strong>por causa dos impactos da fortes chuvas. Imagens a\u00e9reas mostram a cidade completamente alagada.<img decoding=\"async\" src=\"https:\/\/agenciabrasil.ebc.com.br\/ebc.png?id=1679257&#038;o=rss\"><img decoding=\"async\" src=\"https:\/\/agenciabrasil.ebc.com.br\/ebc.gif?id=1679257&#038;o=rss\"><\/p>\n<p>Com\u00a0cerca de 14 mil habitantes, a cidade\u00a0\u00e9 vizinha\u00a0a Juiz de Fora (MG), onde deslizamentos causaram a morte de\u00a0pelo menos 21 pessoas, de acordo com o Corpo de Bombeiros. No munic\u00edpio de Ub\u00e1 (MG), a cerca 110 quil\u00f4metros de Juiz de Fora, sete\u00a0pessoas morreram. Na regi\u00e3o, 40 pessoas seguem desaparecidas. Segundo as autoridades, ainda h\u00e1 registros de pessoas soterradas.\u00a0<\/p>\n<\/p>\n<h3>Not\u00edcias relacionadas:<\/h3>\n<ul>\n<li><a href=\"https:\/\/agenciabrasil.ebc.com.br\/meio-ambiente\/noticia\/2026-02\/moradores-relatam-desespero-apos-mortes-em-juiz-de-fora\">Moradores relatam desespero ap\u00f3s mortes em Juiz de Fora.<\/a><\/li>\n<li><a href=\"https:\/\/agenciabrasil.ebc.com.br\/politica\/noticia\/2026-02\/governo-anuncia-repasse-prefeituras-de-mg-para-ajuda-desabrigados\">Governo anuncia repasse a prefeituras de MG para ajuda a desabrigados.<\/a><\/li>\n<li><a href=\"https:\/\/agenciabrasil.ebc.com.br\/geral\/noticia\/2026-02\/equipes-federais-reforcam-atendimento-afetados-por-chuva-em-mg\">Equipes federais refor\u00e7am atendimento a afetados por chuva em MG.<\/a><\/li>\n<\/ul>\n<p>A Secretaria de Educa\u00e7\u00e3o de Matias Barbosa\u00a0suspendeu as aulas para evitar deslocamentos de estudantes e professores. De acordo com comunicado, ainda n\u00e3o h\u00e1 previs\u00e3o de retorno das atividades escolares.\u00a0<\/p>\n<p>A Secretaria de Sa\u00fade fechou, nesta ter\u00e7a, as Unidades B\u00e1sicas de Sa\u00fade (UBSs)\u00a0e a farm\u00e1cia central. Os atendimentos de urg\u00eancia foram concentrados na Policl\u00ednica Municipal.\u00a0<\/p>\n<p>A prefeitura informou que foi decretado estado de calamidade p\u00fablica em raz\u00e3o da enchente que atingiu diversas regi\u00f5es da cidade, com o objetivo de viabilizar o acesso a recursos federais para agilizar a\u00e7\u00f5es emergenciais e garantir o atendimento \u00e0s fam\u00edlias afetadas.\u00a0<\/p>\n<h2>Apoio \u00e0s fam\u00edlias<\/h2>\n<p>Diante da situa\u00e7\u00e3o enfrentada no munic\u00edpio, as Escolas Municipais Marieta Miranda Couto, no bairro Nossa Senhora da Penha, e Lucy de Castro Cabral, no Centro, est\u00e3o funcionando como pontos de acolhimento para moradores desalojados.<\/p>\n<p>Segundo a prefeitura, as unidades est\u00e3o oferecendo almo\u00e7o e demais refei\u00e7\u00f5es \u00e0s fam\u00edlias atendidas.<\/p>\n<p>A prefeitura orienta que doa\u00e7\u00f5es de alimentos, \u00e1gua pot\u00e1vel, produtos de higiene pessoal, roupas e outros itens essenciais devem ser direcionados para esses espa\u00e7os. A Escola Municipal Orlinda de Albuquerque Castro e a Creche Municipal Heley tamb\u00e9m est\u00e3o recebendo doa\u00e7\u00f5es, funcionando como pontos de coleta.<\/p>\n<h2>Previs\u00e3o meteorol\u00f3gica<\/h2>\n<p>De acordo com dados do Instituto Nacional de Meteorologia (Inmet), o volume acumulado de chuva recente na regi\u00e3o chegou a 209,4 mil\u00edmetros, totalizando 589,6 mil\u00edmetros no m\u00eas de fevereiro.<\/p>\n<p>A atua\u00e7\u00e3o de uma frente fria estacion\u00e1ria no litoral do Sudeste mant\u00e9m o cen\u00e1rio de instabilidade.<\/p>\n<p><strong>A partir de quarta-feira (25), o avan\u00e7o de uma nova frente fria poder\u00e1 provocar mais chuvas intensas, inicialmente na Zona da Mata e Sul\/Sudoeste de Minas.<\/strong><\/p>\n<p>Na quinta-feira (26), a forma\u00e7\u00e3o de uma \u00e1rea de baixa press\u00e3o atmosf\u00e9rica pr\u00f3xima ao litoral dever\u00e1 ampliar as instabilidades em diversas regi\u00f5es do estado, incluindo Metropolitana de Belo Horizonte, Central Mineira, Norte e Noroeste, com previs\u00e3o de acumulados entre 40 e 60 mil\u00edmetros.<\/p>\n<p>Diante do solo j\u00e1 encharcado, recomenda-se aten\u00e7\u00e3o redobrada para risco de alagamentos, enxurradas e deslizamentos, especialmente em \u00e1reas vulner\u00e1veis.<\/p>\n","protected":false},"excerpt":{"rendered":"<p>A prefeitura do munic\u00edpio Matias Barbosa\u00a0(MG) suspendeu\u00a0servi\u00e7os de educa\u00e7\u00e3o e de sa\u00fade e decretou, nesta ter\u00e7a-feira (24), estado de calamidade p\u00fablica por causa dos impactos da fortes chuvas. Imagens a\u00e9reas mostram a cidade completamente alagada. Com\u00a0cerca de 14 mil habitantes, a cidade\u00a0\u00e9 vizinha\u00a0a Juiz de Fora (MG), onde deslizamentos causaram a morte de\u00a0pelo menos 21 [&hellip;]<\/p>\n","protected":false},"author":15,"featured_media":13095,"comment_status":"open","ping_status":"open","sticky":false,"template":"","format":"standard","meta":{"site-sidebar-layout":"default","site-content-layout":"","ast-site-content-layout":"","site-content-style":"default","site-sidebar-style":"default","ast-global-header-display":"","ast-banner-title-visibility":"","ast-main-header-display":"","ast-hfb-above-header-display":"","ast-hfb-below-header-display":"","ast-hfb-mobile-header-display":"","site-post-title":"","ast-breadcrumbs-content":"","ast-featured-img":"","footer-sml-layout":"","theme-transparent-header-meta":"","adv-header-id-meta":"","stick-header-meta":"","header-above-stick-meta":"","header-main-stick-meta":"","header-below-stick-meta":"","astra-migrate-meta-layouts":"default","ast-page-background-enabled":"default","ast-page-background-meta":{"desktop":{"background-color":"var(--ast-global-color-4)","background-image":"","background-repeat":"repeat","background-position":"center center","background-size":"auto","background-attachment":"scroll","background-type":"","background-media":"","overlay-type":"","overlay-color":"","overlay-opacity":"","overlay-gradient":""},"tablet":{"background-color":"","background-image":"","background-repeat":"repeat","background-position":"center center","background-size":"auto","background-attachment":"scroll","background-type":"","background-media":"","overlay-type":"","overlay-color":"","overlay-opacity":"","overlay-gradient":""},"mobile":{"background-color":"","background-image":"","background-repeat":"repeat","background-position":"center center","background-size":"auto","background-attachment":"scroll","background-type":"","background-media":"","overlay-type":"","overlay-color":"","overlay-opacity":"","overlay-gradient":""}},"ast-content-background-meta":{"desktop":{"background-color":"var(--ast-global-color-5)","background-image":"","background-repeat":"repeat","background-position":"center center","background-size":"auto","background-attachment":"scroll","background-type":"","background-media":"","overlay-type":"","overlay-color":"","overlay-opacity":"","overlay-gradient":""},"tablet":{"background-color":"var(--ast-global-color-5)","background-image":"","background-repeat":"repeat","background-position":"center center","background-size":"auto","background-attachment":"scroll","background-type":"","background-media":"","overlay-type":"","overlay-color":"","overlay-opacity":"","overlay-gradient":""},"mobile":{"background-color":"var(--ast-global-color-5)","background-image":"","background-repeat":"repeat","background-position":"center center","background-size":"auto","background-attachment":"scroll","background-type":"","background-media":"","overlay-type":"","overlay-color":"","overlay-opacity":"","overlay-gradient":""}},"footnotes":""},"categories":[1],"tags":[],"class_list":["post-13094","post","type-post","status-publish","format-standard","has-post-thumbnail","hentry","category-sem-categoria"],"_links":{"self":[{"href":"https:\/\/jornalregionalms.com.br\/index.php?rest_route=\/wp\/v2\/posts\/13094","targetHints":{"allow":["GET"]}}],"collection":[{"href":"https:\/\/jornalregionalms.com.br\/index.php?rest_route=\/wp\/v2\/posts"}],"about":[{"href":"https:\/\/jornalregionalms.com.br\/index.php?rest_route=\/wp\/v2\/types\/post"}],"author":[{"embeddable":true,"href":"https:\/\/jornalregionalms.com.br\/index.php?rest_route=\/wp\/v2\/users\/15"}],"replies":[{"embeddable":true,"href":"https:\/\/jornalregionalms.com.br\/index.php?rest_route=%2Fwp%2Fv2%2Fcomments&post=13094"}],"version-history":[{"count":0,"href":"https:\/\/jornalregionalms.com.br\/index.php?rest_route=\/wp\/v2\/posts\/13094\/revisions"}],"wp:featuredmedia":[{"embeddable":true,"href":"https:\/\/jornalregionalms.com.br\/index.php?rest_route=\/wp\/v2\/media\/13095"}],"wp:attachment":[{"href":"https:\/\/jornalregionalms.com.br\/index.php?rest_route=%2Fwp%2Fv2%2Fmedia&parent=13094"}],"wp:term":[{"taxonomy":"category","embeddable":true,"href":"https:\/\/jornalregionalms.com.br\/index.php?rest_route=%2Fwp%2Fv2%2Fcategories&post=13094"},{"taxonomy":"post_tag","embeddable":true,"href":"https:\/\/jornalregionalms.com.br\/index.php?rest_route=%2Fwp%2Fv2%2Ftags&post=13094"}],"curies":[{"name":"wp","href":"https:\/\/api.w.org\/{rel}","templated":true}]}}