{"id":11908,"date":"2026-01-30T16:28:12","date_gmt":"2026-01-30T20:28:12","guid":{"rendered":"https:\/\/jornalregionalms.com.br\/?p=11908"},"modified":"2026-01-30T16:28:12","modified_gmt":"2026-01-30T20:28:12","slug":"praia-do-rio-vermelho-recebe-mutirao-de-limpeza-no-domingo","status":"publish","type":"post","link":"https:\/\/jornalregionalms.com.br\/?p=11908","title":{"rendered":"Praia do Rio Vermelho recebe mutir\u00e3o de limpeza no domingo"},"content":{"rendered":"<p>Com o aumento do fluxo de pessoas nas praias de Salvador, res\u00edduos como pl\u00e1stico, vidro e metal se acumulam na faixa de areia e acabam parando no oceano.<img decoding=\"async\" src=\"https:\/\/agenciabrasil.ebc.com.br\/ebc.png?id=1676544&#038;o=rss\"><img decoding=\"async\" src=\"https:\/\/agenciabrasil.ebc.com.br\/ebc.gif?id=1676544&#038;o=rss\"><\/p>\n<p>Esse material afeta a fauna marinha, compromete o ecossistema costeiro e tamb\u00e9m a qualidade da \u00e1gua. Por isso, a limpeza da praia do Rio Vermelho surge como uma a\u00e7\u00e3o pr\u00e1tica de conten\u00e7\u00e3o desses danos e de alerta para um <strong>problema que se repete ao longo do ano<\/strong>, como explica a ocean\u00f3grafa Mariana Fontoura, da Secretaria de Meio Ambiente da Bahia.\u00a0<\/p>\n<p><em>&#8220;N\u00f3s temos tanto risco relacionado aos animais quanto \u00e0 sa\u00fade humana tamb\u00e9m. Tem muitos animais que confundem, por exemplo, o pl\u00e1stico com o alimento, que \u00e9 o caso da tartaruga. Mas tamb\u00e9m muitos animais podem ficar presos em linhas e rede de pesca, podem ficar sufocados por aqueles lacres de tampa de garrafa, podem acabar se ferindo com todo esse material e acabar se machucando e at\u00e9 morrendo em alguns casos. Mas ele [o lixo] tamb\u00e9m oferece um risco para a gente. Quando a gente anda pela praia cheia de res\u00edduos e de sujeira, a gente pode, por exemplo, pisar no espeto de palito de churrasco, a gente pode pisar no vidro. Essa grande quantidade de res\u00edduos tamb\u00e9m atrai ratos e baratas e outros animais que vem com determinadas doen\u00e7as. Ent\u00e3o a proposta \u00e9 exatamente levantar o debate e provocar a reflex\u00e3o das pessoas nessas festas populares com um mutir\u00e3o de limpeza.&#8221;<\/em><\/p>\n<div class=\"dnd-widget-wrapper context-grande_6colunas type-image atom-align-center\">\n<div class=\"dnd-atom-rendered\"><!-- scald=348314:grande_6colunas {\"additionalClasses\":\"\"} --><br \/>\n            <img decoding=\"async\" src=\"https:\/\/agenciabrasil.ebc.com.br\/sites\/default\/files\/thumbnails\/image\/loading_v2.gif\" data-echo=\"https:\/\/imagens.ebc.com.br\/wsxHJhA-7i0Hc9MKjPN1INUG5NI=\/463x0\/smart\/https:\/\/agenciabrasil.ebc.com.br\/sites\/default\/files\/thumbnails\/image\/_dsc0439_0.jpg?itok=JbqMiTNG\" alt=\"Rio de Janeiro (RJ), 16\/09\/2023 \u2013 No Dia Mundial de Limpeza de Rios e Praias - CleanUp Day, volunt\u00e1rios recolhem lixo na praia de Copacabana, na zona sul da capital fluminense. Foto: Tomaz Silva\/Ag\u00eancia Brasil\" title=\"Tomaz Silva\/Ag\u00eancia Brasil\"><br \/>\n        <noscript><img decoding=\"async\" src=\"https:\/\/imagens.ebc.com.br\/wsxHJhA-7i0Hc9MKjPN1INUG5NI=\/463x0\/smart\/https:\/\/agenciabrasil.ebc.com.br\/sites\/default\/files\/thumbnails\/image\/_dsc0439_0.jpg?itok=JbqMiTNG\" alt=\"Rio de Janeiro (RJ), 16\/09\/2023 \u2013 No Dia Mundial de Limpeza de Rios e Praias - CleanUp Day, volunt\u00e1rios recolhem lixo na praia de Copacabana, na zona sul da capital fluminense. Foto: Tomaz Silva\/Ag\u00eancia Brasil\" title=\"Tomaz Silva\/Ag\u00eancia Brasil\"><\/noscript><br \/>\n    <!-- END scald=348314 --><\/div>\n<div class=\"dnd-caption-wrapper\">\n<div class=\"meta\">Foto:\u00a0<strong>Tomaz Silva\/Ag\u00eancia Brasil<\/strong><!--END copyright=348314--><\/div>\n<\/div>\n<\/div>\n<p>Al\u00e9m da retirada do lixo, a a\u00e7\u00e3o envolve a participa\u00e7\u00e3o direta da comunidade, com volunt\u00e1rios, pescadores e jovens que v\u00e3o coletar e selecionar os res\u00edduos para reciclagem. <strong>Parte do material recolhido tamb\u00e9m vai ganhar um novo sentido ao ser transformado em obra de arte<\/strong>.\u00a0<\/p>\n<blockquote>\n<p>&#8220;O artista que a gente convoca para poder participar dessa a\u00e7\u00e3o \u00e9 o Andr\u00e9 Fernandes. Ele produz esculturas que ficar\u00e3o\u00a0expostas nos dias 1 e 2 de fevereiro e que ser\u00e3o feitas\u00a0a partir desses materiais coletados. Uma das principais mensagens \u00e9 exatamente ressignificar esse material porque ele est\u00e1 ali naquele ambiente, provocando\u00a0todo o impacto social e ambiental, e ele \u00e9 transformado em arte, ou seja, tamb\u00e9m \u00e9 uma reflex\u00e3o de que a gente pode fazer outros usos.&#8221;<\/p>\n<\/blockquote>\n<p>O mutir\u00e3o de limpeza acontece neste domingo (1\u00ba), das 7h30h ao meio-dia, na praia do Rio Vermelho, pr\u00f3ximo \u00e0 casa de Iemanj\u00e1, em Salvador. A participa\u00e7\u00e3o \u00e9 aberta ao p\u00fablico.<br \/>\n\u00a0<\/p>\n<p>  <span class=\"hms hms-format-m-ss\">2:32<\/span><\/p>\n","protected":false},"excerpt":{"rendered":"<p>Com o aumento do fluxo de pessoas nas praias de Salvador, res\u00edduos como pl\u00e1stico, vidro e metal se acumulam na faixa de areia e acabam parando no oceano. Esse material afeta a fauna marinha, compromete o ecossistema costeiro e tamb\u00e9m a qualidade da \u00e1gua. Por isso, a limpeza da praia do Rio Vermelho surge como [&hellip;]<\/p>\n","protected":false},"author":269,"featured_media":11909,"comment_status":"open","ping_status":"open","sticky":false,"template":"","format":"standard","meta":{"site-sidebar-layout":"default","site-content-layout":"","ast-site-content-layout":"","site-content-style":"default","site-sidebar-style":"default","ast-global-header-display":"","ast-banner-title-visibility":"","ast-main-header-display":"","ast-hfb-above-header-display":"","ast-hfb-below-header-display":"","ast-hfb-mobile-header-display":"","site-post-title":"","ast-breadcrumbs-content":"","ast-featured-img":"","footer-sml-layout":"","theme-transparent-header-meta":"","adv-header-id-meta":"","stick-header-meta":"","header-above-stick-meta":"","header-main-stick-meta":"","header-below-stick-meta":"","astra-migrate-meta-layouts":"default","ast-page-background-enabled":"default","ast-page-background-meta":{"desktop":{"background-color":"var(--ast-global-color-4)","background-image":"","background-repeat":"repeat","background-position":"center center","background-size":"auto","background-attachment":"scroll","background-type":"","background-media":"","overlay-type":"","overlay-color":"","overlay-opacity":"","overlay-gradient":""},"tablet":{"background-color":"","background-image":"","background-repeat":"repeat","background-position":"center center","background-size":"auto","background-attachment":"scroll","background-type":"","background-media":"","overlay-type":"","overlay-color":"","overlay-opacity":"","overlay-gradient":""},"mobile":{"background-color":"","background-image":"","background-repeat":"repeat","background-position":"center center","background-size":"auto","background-attachment":"scroll","background-type":"","background-media":"","overlay-type":"","overlay-color":"","overlay-opacity":"","overlay-gradient":""}},"ast-content-background-meta":{"desktop":{"background-color":"var(--ast-global-color-5)","background-image":"","background-repeat":"repeat","background-position":"center center","background-size":"auto","background-attachment":"scroll","background-type":"","background-media":"","overlay-type":"","overlay-color":"","overlay-opacity":"","overlay-gradient":""},"tablet":{"background-color":"var(--ast-global-color-5)","background-image":"","background-repeat":"repeat","background-position":"center center","background-size":"auto","background-attachment":"scroll","background-type":"","background-media":"","overlay-type":"","overlay-color":"","overlay-opacity":"","overlay-gradient":""},"mobile":{"background-color":"var(--ast-global-color-5)","background-image":"","background-repeat":"repeat","background-position":"center center","background-size":"auto","background-attachment":"scroll","background-type":"","background-media":"","overlay-type":"","overlay-color":"","overlay-opacity":"","overlay-gradient":""}},"footnotes":""},"categories":[1],"tags":[],"class_list":["post-11908","post","type-post","status-publish","format-standard","has-post-thumbnail","hentry","category-sem-categoria"],"_links":{"self":[{"href":"https:\/\/jornalregionalms.com.br\/index.php?rest_route=\/wp\/v2\/posts\/11908","targetHints":{"allow":["GET"]}}],"collection":[{"href":"https:\/\/jornalregionalms.com.br\/index.php?rest_route=\/wp\/v2\/posts"}],"about":[{"href":"https:\/\/jornalregionalms.com.br\/index.php?rest_route=\/wp\/v2\/types\/post"}],"author":[{"embeddable":true,"href":"https:\/\/jornalregionalms.com.br\/index.php?rest_route=\/wp\/v2\/users\/269"}],"replies":[{"embeddable":true,"href":"https:\/\/jornalregionalms.com.br\/index.php?rest_route=%2Fwp%2Fv2%2Fcomments&post=11908"}],"version-history":[{"count":0,"href":"https:\/\/jornalregionalms.com.br\/index.php?rest_route=\/wp\/v2\/posts\/11908\/revisions"}],"wp:featuredmedia":[{"embeddable":true,"href":"https:\/\/jornalregionalms.com.br\/index.php?rest_route=\/wp\/v2\/media\/11909"}],"wp:attachment":[{"href":"https:\/\/jornalregionalms.com.br\/index.php?rest_route=%2Fwp%2Fv2%2Fmedia&parent=11908"}],"wp:term":[{"taxonomy":"category","embeddable":true,"href":"https:\/\/jornalregionalms.com.br\/index.php?rest_route=%2Fwp%2Fv2%2Fcategories&post=11908"},{"taxonomy":"post_tag","embeddable":true,"href":"https:\/\/jornalregionalms.com.br\/index.php?rest_route=%2Fwp%2Fv2%2Ftags&post=11908"}],"curies":[{"name":"wp","href":"https:\/\/api.w.org\/{rel}","templated":true}]}}