{"id":11904,"date":"2026-01-30T16:28:08","date_gmt":"2026-01-30T20:28:08","guid":{"rendered":"https:\/\/jornalregionalms.com.br\/?p=11904"},"modified":"2026-01-30T16:28:08","modified_gmt":"2026-01-30T20:28:08","slug":"lula-faz-cirurgia-de-catarata-entenda-a-doenca-e-o-procedimento","status":"publish","type":"post","link":"https:\/\/jornalregionalms.com.br\/?p=11904","title":{"rendered":"Lula faz cirurgia de catarata; entenda a doen\u00e7a e o procedimento"},"content":{"rendered":"<\/p>\n<p><a class=\"\" href=\"https:\/\/agenciabrasil.ebc.com.br\/saude\/noticia\/2026-01\/lula-faz-cirurgia-de-catarata-entenda-doenca-e-o-procedimento\"><br \/>\n                    <img decoding=\"async\" src=\"https:\/\/cdn.jsdelivr.net\/gh\/sergiosdlima\/assets-ebc@1.0.0\/abr\/assets\/images\/logo-agenciabrasil.svg\" alt=\"Logo Ag\u00eancia Brasil\"><br \/>\n\t\t\t\t<\/a><\/p>\n<p>O presidente Lu\u00eds In\u00e1cio Lula da Silva passou na manh\u00e3 desta sexta-feira (30) por uma <a href=\"https:\/\/agenciabrasil.ebc.com.br\/politica\/noticia\/2026-01\/presidente-lula-faz-cirurgia-de-catarata-e-recebe-alta-hospitalar\" target=\"_blank\">cirurgia de catarata no olho esquerdo<\/a> e j\u00e1 teve alta hospitalar.\u00a0<strong>Indicado principalmente com o avan\u00e7o da idade, o procedimento \u00e9 feito com anestesia local, rapidamente, sem dor e n\u00e3o h\u00e1 necessidade de interna\u00e7\u00e3o.<\/strong><img decoding=\"async\" src=\"https:\/\/agenciabrasil.ebc.com.br\/ebc.png?id=1676536&#038;o=rss\"><img decoding=\"async\" src=\"https:\/\/agenciabrasil.ebc.com.br\/ebc.gif?id=1676536&#038;o=rss\"><\/p>\n<p><strong>Para o p\u00f3s cir\u00fargico, geralmente os oftalmologistas recomendam repouso relativo, ficar mais tranquilo nos primeiros dias, n\u00e3o apertar nem co\u00e7ar os olhos e n\u00e3o carregar peso. <\/strong>Tamb\u00e9m s\u00e3o prescritos col\u00edrios antibi\u00f3ticos e anti-inflamat\u00f3rios.\u00a0<\/p>\n<\/p>\n<h3>Not\u00edcias relacionadas:<\/h3>\n<ul>\n<li><a href=\"https:\/\/agenciabrasil.ebc.com.br\/politica\/noticia\/2026-01\/presidente-lula-faz-cirurgia-de-catarata-e-recebe-alta-hospitalar\">Presidente Lula faz cirurgia de catarata e recebe alta hospitalar.<\/a><\/li>\n<li><a href=\"https:\/\/agenciabrasil.ebc.com.br\/saude\/noticia\/2026-01\/anvisa-aprova-cultivo-de-cannabis-por-empresas-e-amplia-acesso\">Anvisa aprova cultivo de cannabis por empresas e amplia acesso.<\/a><\/li>\n<li><a href=\"https:\/\/agenciabrasil.ebc.com.br\/saude\/noticia\/2026-01\/ananindeua-no-para-tem-surto-de-casos-da-doenca-de-chagas\">Ananindeua, no Par\u00e1, tem surto de casos da doen\u00e7a de Chagas.<\/a><\/li>\n<\/ul>\n<p>A presidente do Conselho Brasileiro de Oftalmologia (CBO), Maria Auxiliadora Fraz\u00e3o, explica que a catarata \u00e9 a opacidade do cristalino, uma lente natural do olho. <strong>Conforme o tempo passa, a catarata come\u00e7a a atrapalhar a vis\u00e3o. Com a cirurgia, o cristalino \u00e9 substitu\u00eddo por uma lente artificial.<\/strong><\/p>\n<h2>Sinais<\/h2>\n<p><strong>De acordo com o CBO, a catarata causa uma diminui\u00e7\u00e3o progressiva da vis\u00e3o. \u00c9 comum o paciente perceber a\u00a0vis\u00e3o turva, nebulosa ou com aspecto de &#8220;v\u00e9u&#8221;, e ter sensibilidade \u00e0\u00a0luz, altera\u00e7\u00e3o na percep\u00e7\u00e3o de cores (vis\u00e3o desbotada ou amarelada) e dificuldade para enxergar \u00e0 noite.\u00a0<\/strong><\/p>\n<p><strong>Outros sinais incluem halos ao redor de luzes, vis\u00e3o dupla em um \u00fanico olho e a necessidade frequente de alterar a gradua\u00e7\u00e3o dos \u00f3culos. Muitas vezes a pessoa manifesta dificuldade acentuada para dirigir ou enxergar em ambientes com pouca ilumina\u00e7\u00e3o. H\u00e1 situa\u00e7\u00f5es em que visualiza c\u00edrculos coloridos ou reflexos intensos em torno de l\u00e2mpadas e far\u00f3is de carros, especialmente \u00e0 noite e percebe as cores menos intensas ou com um tom amarelado.\u00a0<\/strong><\/p>\n<p><strong>Outros sinais que fazem acender o alerta \u00e9 a necessidade de alterar a prescri\u00e7\u00e3o de lentes com frequ\u00eancia e enxergar duas imagens de um \u00fanico objeto, mesmo quando se fecha um dos olhos<\/strong>.\u00a0<\/p>\n<h2>Procedimento\u00a0<\/h2>\n<p>\u201cTodas as pessoas ter\u00e3o que operar a catarata um dia, com o tempo \u2014 duas vezes, pois temos dois olhos\u201d, diz Maria Auxiliadora Fraz\u00e3o. De acordo com a m\u00e9dica, o ideal \u00e9 que a cirurgia seja feita em um olho de cada vez, com diferen\u00e7a de algumas semanas entre os dois procedimentos, como fez o presidente Lula, que j\u00e1 passou pela opera\u00e7\u00e3o no olho direito.<\/p>\n<p>\u201cAssim, avaliamos os resultados, como o organismo responde, se o grau ficou bom e se evoluiu bem. Se sim, seguimos da mesma forma para o outro olho\u201c, detalha a m\u00e9dica.<\/p>\n<h2>Riscos e contraindica\u00e7\u00f5es<\/h2>\n<p>De acordo com o CBO, como toda cirurgia, a de catarata tamb\u00e9m traz riscos. Complica\u00e7\u00f5es como infec\u00e7\u00f5es, descolamento de retina, entre outros, podem acontecer. \u201cPor isso, a cirurgia deve ser realizada com planejamento e responsabilidade, sem subestimar um procedimento realizado dentro do olho\u201d, diz Maria Auxiliadora Fraz\u00e3o.<\/p>\n<p>Antes do procedimento, s\u00e3o exigidos exames para avaliar as condi\u00e7\u00f5es de sa\u00fade do paciente. Casos de diabetes descontrolado, altera\u00e7\u00f5es de retina e algumas condi\u00e7\u00f5es pr\u00e9-existentes podem adiar ou mesmo contraindicar a cirurgia.<\/p>\n<h2>Brasil<\/h2>\n<p>De acordo com a CBO, a cirurgia de catarata \u00e9 o procedimento oftalmol\u00f3gico eletivo mais feito no Sistema \u00danico de Sa\u00fade (SUS).<\/p>\n<p>De acordo com dados do Observat\u00f3rio da Sa\u00fade Ocular, do CBO, o SUS fez 7,8 milh\u00f5es de cirurgias de catarata entre janeiro de 2015 e novembro de 2025, com um aumento registrado 120% em 10 anos. Em 2015, foram realizadas 470.246 cirurgias. J\u00e1 em 2025, at\u00e9 o m\u00eas de novembro, o volume foi de 1.034.714<\/p>\n<p>Do total de cirurgias feitas\u00a0pelo SUS\u00a0em 2024,\u00a0 52% dos procedimentos foram\u00a0em pessoas com idade entre 40 e 69 anos, enquanto 46% ocorreram em pacientes com 70 anos ou mais,<\/p>\n","protected":false},"excerpt":{"rendered":"<p>O presidente Lu\u00eds In\u00e1cio Lula da Silva passou na manh\u00e3 desta sexta-feira (30) por uma cirurgia de catarata no olho esquerdo e j\u00e1 teve alta hospitalar.\u00a0Indicado principalmente com o avan\u00e7o da idade, o procedimento \u00e9 feito com anestesia local, rapidamente, sem dor e n\u00e3o h\u00e1 necessidade de interna\u00e7\u00e3o. Para o p\u00f3s cir\u00fargico, geralmente os oftalmologistas [&hellip;]<\/p>\n","protected":false},"author":268,"featured_media":11905,"comment_status":"open","ping_status":"open","sticky":false,"template":"","format":"standard","meta":{"site-sidebar-layout":"default","site-content-layout":"","ast-site-content-layout":"","site-content-style":"default","site-sidebar-style":"default","ast-global-header-display":"","ast-banner-title-visibility":"","ast-main-header-display":"","ast-hfb-above-header-display":"","ast-hfb-below-header-display":"","ast-hfb-mobile-header-display":"","site-post-title":"","ast-breadcrumbs-content":"","ast-featured-img":"","footer-sml-layout":"","theme-transparent-header-meta":"","adv-header-id-meta":"","stick-header-meta":"","header-above-stick-meta":"","header-main-stick-meta":"","header-below-stick-meta":"","astra-migrate-meta-layouts":"default","ast-page-background-enabled":"default","ast-page-background-meta":{"desktop":{"background-color":"var(--ast-global-color-4)","background-image":"","background-repeat":"repeat","background-position":"center center","background-size":"auto","background-attachment":"scroll","background-type":"","background-media":"","overlay-type":"","overlay-color":"","overlay-opacity":"","overlay-gradient":""},"tablet":{"background-color":"","background-image":"","background-repeat":"repeat","background-position":"center center","background-size":"auto","background-attachment":"scroll","background-type":"","background-media":"","overlay-type":"","overlay-color":"","overlay-opacity":"","overlay-gradient":""},"mobile":{"background-color":"","background-image":"","background-repeat":"repeat","background-position":"center center","background-size":"auto","background-attachment":"scroll","background-type":"","background-media":"","overlay-type":"","overlay-color":"","overlay-opacity":"","overlay-gradient":""}},"ast-content-background-meta":{"desktop":{"background-color":"var(--ast-global-color-5)","background-image":"","background-repeat":"repeat","background-position":"center center","background-size":"auto","background-attachment":"scroll","background-type":"","background-media":"","overlay-type":"","overlay-color":"","overlay-opacity":"","overlay-gradient":""},"tablet":{"background-color":"var(--ast-global-color-5)","background-image":"","background-repeat":"repeat","background-position":"center center","background-size":"auto","background-attachment":"scroll","background-type":"","background-media":"","overlay-type":"","overlay-color":"","overlay-opacity":"","overlay-gradient":""},"mobile":{"background-color":"var(--ast-global-color-5)","background-image":"","background-repeat":"repeat","background-position":"center center","background-size":"auto","background-attachment":"scroll","background-type":"","background-media":"","overlay-type":"","overlay-color":"","overlay-opacity":"","overlay-gradient":""}},"footnotes":""},"categories":[1],"tags":[],"class_list":["post-11904","post","type-post","status-publish","format-standard","has-post-thumbnail","hentry","category-sem-categoria"],"_links":{"self":[{"href":"https:\/\/jornalregionalms.com.br\/index.php?rest_route=\/wp\/v2\/posts\/11904","targetHints":{"allow":["GET"]}}],"collection":[{"href":"https:\/\/jornalregionalms.com.br\/index.php?rest_route=\/wp\/v2\/posts"}],"about":[{"href":"https:\/\/jornalregionalms.com.br\/index.php?rest_route=\/wp\/v2\/types\/post"}],"author":[{"embeddable":true,"href":"https:\/\/jornalregionalms.com.br\/index.php?rest_route=\/wp\/v2\/users\/268"}],"replies":[{"embeddable":true,"href":"https:\/\/jornalregionalms.com.br\/index.php?rest_route=%2Fwp%2Fv2%2Fcomments&post=11904"}],"version-history":[{"count":0,"href":"https:\/\/jornalregionalms.com.br\/index.php?rest_route=\/wp\/v2\/posts\/11904\/revisions"}],"wp:featuredmedia":[{"embeddable":true,"href":"https:\/\/jornalregionalms.com.br\/index.php?rest_route=\/wp\/v2\/media\/11905"}],"wp:attachment":[{"href":"https:\/\/jornalregionalms.com.br\/index.php?rest_route=%2Fwp%2Fv2%2Fmedia&parent=11904"}],"wp:term":[{"taxonomy":"category","embeddable":true,"href":"https:\/\/jornalregionalms.com.br\/index.php?rest_route=%2Fwp%2Fv2%2Fcategories&post=11904"},{"taxonomy":"post_tag","embeddable":true,"href":"https:\/\/jornalregionalms.com.br\/index.php?rest_route=%2Fwp%2Fv2%2Ftags&post=11904"}],"curies":[{"name":"wp","href":"https:\/\/api.w.org\/{rel}","templated":true}]}}