{"id":11290,"date":"2026-01-17T17:32:36","date_gmt":"2026-01-17T21:32:36","guid":{"rendered":"https:\/\/jornalregionalms.com.br\/?p=11290"},"modified":"2026-01-17T17:32:36","modified_gmt":"2026-01-17T21:32:36","slug":"gilmar-mendes-nega-pedido-de-prisao-domiciliar-a-bolsonaro","status":"publish","type":"post","link":"https:\/\/jornalregionalms.com.br\/?p=11290","title":{"rendered":"Gilmar Mendes nega pedido de pris\u00e3o domiciliar a Bolsonaro"},"content":{"rendered":"<\/p>\n<p><a class=\"\" href=\"https:\/\/agenciabrasil.ebc.com.br\/justica\/noticia\/2026-01\/gilmar-mendes-nega-pedido-de-prisao-domiciliar-bolsonaro\"><br \/>\n                    <img decoding=\"async\" src=\"https:\/\/cdn.jsdelivr.net\/gh\/sergiosdlima\/assets-ebc@1.0.0\/abr\/assets\/images\/logo-agenciabrasil.svg\" alt=\"Logo Ag\u00eancia Brasil\"><br \/>\n\t\t\t\t<\/a><\/p>\n<p><strong>O ministro Gilmar Mendes, do Supremo Tribunal Federal (STF), negou um pedido de pris\u00e3o domiciliar em favor de Jair Bolsonaro feito pelo advogado Paulo Emendabili Barros de Carvalhosa, que n\u00e3o comp\u00f5e a banca oficial de defesa do ex-presidente<\/strong>. A decis\u00e3o \u00e9 desta sexta-feira (16).\u00a0<img decoding=\"async\" src=\"https:\/\/agenciabrasil.ebc.com.br\/ebc.png?id=1675261&#038;o=rss\"><img decoding=\"async\" src=\"https:\/\/agenciabrasil.ebc.com.br\/ebc.gif?id=1675261&#038;o=rss\"><\/p>\n<p>O <em>habeas corpus<\/em> (HC) com pedido de pris\u00e3o domiciliar foi apresentado no dia 10 de janeiro e alegava n\u00e3o existirem condi\u00e7\u00f5es adequadas de atendimento m\u00e9dico continuado a Bolsonaro na cela onde cumpria pena, na Superintend\u00eancia da Pol\u00edcia Federal (PF) em Bras\u00edlia. H\u00e1 dois dias, no entanto, o <a href=\"https:\/\/agenciabrasil.ebc.com.br\/justica\/noticia\/2026-01\/moraes-determina-transferencia-de-bolsonaro-para-papudinha\" target=\"_blank\">ex-presidente foi transferido<\/a>, por ordem do ministro Alexandre de Moraes, para a Sala de Estado Maior do 19\u00ba Batalh\u00e3o da Pol\u00edcia Militar do Distrito Federal (PMDF), no Complexo Penitenci\u00e1rio da Papuda, tamb\u00e9m no DF, onde dever\u00e1 seguir cumprindo, em regime fechado, a<a href=\"https:\/\/agenciabrasil.ebc.com.br\/justica\/noticia\/2025-09\/stf-condena-bolsonaro-27-anos-e-tres-meses-de-prisao\" target=\"_blank\"> pena de 27 anos e tr\u00eas meses de pris\u00e3o<\/a> por liderar tentativa de golpe de Estado.<\/p>\n<\/p>\n<h3>Not\u00edcias relacionadas:<\/h3>\n<ul>\n<li><a href=\"https:\/\/agenciabrasil.ebc.com.br\/justica\/noticia\/2026-01\/papudinha-foi-determinada-apos-bolsonaro-pedir-prisao-domiciliar\">Papudinha foi determinada ap\u00f3s Bolsonaro pedir pris\u00e3o domiciliar.<\/a><\/li>\n<li><a href=\"https:\/\/agenciabrasil.ebc.com.br\/justica\/noticia\/2026-01\/moraes-determina-transferencia-de-bolsonaro-para-papudinha\">Moraes determina transfer\u00eancia de Bolsonaro para Papudinha.<\/a><\/li>\n<li><a href=\"https:\/\/agenciabrasil.ebc.com.br\/justica\/noticia\/2026-01\/defesa-de-bolsonaro-volta-pedir-prisao-domiciliar\">Defesa de Bolsonaro volta a pedir pris\u00e3o domiciliar.<\/a><\/li>\n<\/ul>\n<p>Inicialmente, o pedido de pris\u00e3o domiciliar foi distribu\u00eddo por sorteio \u00e0 ministra Carmen L\u00facia, mas, como o Judici\u00e1rio est\u00e1 de recesso, o processo foi redistribu\u00eddo a Moraes, vice-presidente do STF, que responde pelo plant\u00e3o durante o recesso forense. Como o HC questionava uma decis\u00e3o do pr\u00f3prio Moraes, relator da a\u00e7\u00e3o penal da trama golpista,<strong> o ministro redistribuiu o processo para Gilmar Mendes, decano da Corte<\/strong>, conforme previs\u00e3o do Regimento Interno que determina o encaminhamento de a\u00e7\u00f5es por ordem decrescente de antiguidade no tribunal.<\/p>\n<blockquote>\n<p>&#8220;Considerando as peculiaridades do caso concreto, n\u00e3o \u00e9 cab\u00edvel o manejo da via do<em> habeas corpus<\/em> por terceiro, mormente se considerado que h\u00e1 defesa t\u00e9cnica constitu\u00edda e atuante em favor do paciente. Compreens\u00e3o diversa, al\u00e9m de possibilitar eventual desvio de finalidade do writ [rem\u00e9dio] constitucional, poderia propiciar o atropelo da estrat\u00e9gia defensiva, consequ\u00eancia que n\u00e3o se compatibiliza com a protetiva destina\u00e7\u00e3o constitucional do rem\u00e9dio processual&#8221;, escreveu o ministro Gilmar Mendes, em sua decis\u00e3o.<\/p>\n<\/blockquote>\n<p><strong>O ministro ponderou ainda que, embora exercendo compet\u00eancia leg\u00edtima na an\u00e1lise do pedido, uma decis\u00e3o divergente significaria uma &#8220;indevida substitui\u00e7\u00e3o da compet\u00eancia previamente estabelecida&#8221; pelo STF em rela\u00e7\u00e3o ao princ\u00edpio do juiz natural, j\u00e1 que Alexandre de Moraes \u00e9 o magistrado relator da a\u00e7\u00e3o penal envolvendo o ex-presidente Bolsonaro.<\/strong><\/p>\n<p>O <em>habeas corpus<\/em> \u00e9 um dispositivo previsto na Constitui\u00e7\u00e3o Federal que pode ser apresentado por qualquer pessoa, seja em favor pr\u00f3prio ou de terceiros, e n\u00e3o requer proposi\u00e7\u00e3o assinada por um advogado. Al\u00e9m disso, por se tratar de um rem\u00e9dio jur\u00eddico que busca garantir liberdade de locomo\u00e7\u00e3o a pessoas presas, sua tramita\u00e7\u00e3o \u00e9 gratuita, e a an\u00e1lise \u00e9 considerada de urg\u00eancia.<\/p>\n","protected":false},"excerpt":{"rendered":"<p>O ministro Gilmar Mendes, do Supremo Tribunal Federal (STF), negou um pedido de pris\u00e3o domiciliar em favor de Jair Bolsonaro feito pelo advogado Paulo Emendabili Barros de Carvalhosa, que n\u00e3o comp\u00f5e a banca oficial de defesa do ex-presidente. A decis\u00e3o \u00e9 desta sexta-feira (16).\u00a0 O habeas corpus (HC) com pedido de pris\u00e3o domiciliar foi apresentado [&hellip;]<\/p>\n","protected":false},"author":3,"featured_media":11291,"comment_status":"open","ping_status":"open","sticky":false,"template":"","format":"standard","meta":{"site-sidebar-layout":"default","site-content-layout":"","ast-site-content-layout":"","site-content-style":"default","site-sidebar-style":"default","ast-global-header-display":"","ast-banner-title-visibility":"","ast-main-header-display":"","ast-hfb-above-header-display":"","ast-hfb-below-header-display":"","ast-hfb-mobile-header-display":"","site-post-title":"","ast-breadcrumbs-content":"","ast-featured-img":"","footer-sml-layout":"","theme-transparent-header-meta":"","adv-header-id-meta":"","stick-header-meta":"","header-above-stick-meta":"","header-main-stick-meta":"","header-below-stick-meta":"","astra-migrate-meta-layouts":"default","ast-page-background-enabled":"default","ast-page-background-meta":{"desktop":{"background-color":"var(--ast-global-color-4)","background-image":"","background-repeat":"repeat","background-position":"center center","background-size":"auto","background-attachment":"scroll","background-type":"","background-media":"","overlay-type":"","overlay-color":"","overlay-opacity":"","overlay-gradient":""},"tablet":{"background-color":"","background-image":"","background-repeat":"repeat","background-position":"center center","background-size":"auto","background-attachment":"scroll","background-type":"","background-media":"","overlay-type":"","overlay-color":"","overlay-opacity":"","overlay-gradient":""},"mobile":{"background-color":"","background-image":"","background-repeat":"repeat","background-position":"center center","background-size":"auto","background-attachment":"scroll","background-type":"","background-media":"","overlay-type":"","overlay-color":"","overlay-opacity":"","overlay-gradient":""}},"ast-content-background-meta":{"desktop":{"background-color":"var(--ast-global-color-5)","background-image":"","background-repeat":"repeat","background-position":"center center","background-size":"auto","background-attachment":"scroll","background-type":"","background-media":"","overlay-type":"","overlay-color":"","overlay-opacity":"","overlay-gradient":""},"tablet":{"background-color":"var(--ast-global-color-5)","background-image":"","background-repeat":"repeat","background-position":"center center","background-size":"auto","background-attachment":"scroll","background-type":"","background-media":"","overlay-type":"","overlay-color":"","overlay-opacity":"","overlay-gradient":""},"mobile":{"background-color":"var(--ast-global-color-5)","background-image":"","background-repeat":"repeat","background-position":"center center","background-size":"auto","background-attachment":"scroll","background-type":"","background-media":"","overlay-type":"","overlay-color":"","overlay-opacity":"","overlay-gradient":""}},"footnotes":""},"categories":[1],"tags":[],"class_list":["post-11290","post","type-post","status-publish","format-standard","has-post-thumbnail","hentry","category-sem-categoria"],"_links":{"self":[{"href":"https:\/\/jornalregionalms.com.br\/index.php?rest_route=\/wp\/v2\/posts\/11290","targetHints":{"allow":["GET"]}}],"collection":[{"href":"https:\/\/jornalregionalms.com.br\/index.php?rest_route=\/wp\/v2\/posts"}],"about":[{"href":"https:\/\/jornalregionalms.com.br\/index.php?rest_route=\/wp\/v2\/types\/post"}],"author":[{"embeddable":true,"href":"https:\/\/jornalregionalms.com.br\/index.php?rest_route=\/wp\/v2\/users\/3"}],"replies":[{"embeddable":true,"href":"https:\/\/jornalregionalms.com.br\/index.php?rest_route=%2Fwp%2Fv2%2Fcomments&post=11290"}],"version-history":[{"count":0,"href":"https:\/\/jornalregionalms.com.br\/index.php?rest_route=\/wp\/v2\/posts\/11290\/revisions"}],"wp:featuredmedia":[{"embeddable":true,"href":"https:\/\/jornalregionalms.com.br\/index.php?rest_route=\/wp\/v2\/media\/11291"}],"wp:attachment":[{"href":"https:\/\/jornalregionalms.com.br\/index.php?rest_route=%2Fwp%2Fv2%2Fmedia&parent=11290"}],"wp:term":[{"taxonomy":"category","embeddable":true,"href":"https:\/\/jornalregionalms.com.br\/index.php?rest_route=%2Fwp%2Fv2%2Fcategories&post=11290"},{"taxonomy":"post_tag","embeddable":true,"href":"https:\/\/jornalregionalms.com.br\/index.php?rest_route=%2Fwp%2Fv2%2Ftags&post=11290"}],"curies":[{"name":"wp","href":"https:\/\/api.w.org\/{rel}","templated":true}]}}