{"id":11288,"date":"2026-01-17T17:32:32","date_gmt":"2026-01-17T21:32:32","guid":{"rendered":"https:\/\/jornalregionalms.com.br\/?p=11288"},"modified":"2026-01-17T17:32:32","modified_gmt":"2026-01-17T21:32:32","slug":"inscricoes-para-o-pe-de-meia-licenciaturas-comecam-dia-17-de-fevereiro","status":"publish","type":"post","link":"https:\/\/jornalregionalms.com.br\/?p=11288","title":{"rendered":"Inscri\u00e7\u00f5es para o P\u00e9-de-Meia Licenciaturas come\u00e7am dia 17 de fevereiro"},"content":{"rendered":"<\/p>\n<p><a class=\"\" href=\"https:\/\/agenciabrasil.ebc.com.br\/educacao\/noticia\/2026-01\/inscricoes-para-o-pe-de-meia-licenciaturas-comecam-dia-17-de-fevereiro\"><br \/>\n                    <img decoding=\"async\" src=\"https:\/\/cdn.jsdelivr.net\/gh\/sergiosdlima\/assets-ebc@1.0.0\/abr\/assets\/images\/logo-agenciabrasil.svg\" alt=\"Logo Ag\u00eancia Brasil\"><br \/>\n\t\t\t\t<\/a><\/p>\n<p><strong>Estudantes de cursos de gradua\u00e7\u00e3o presenciais que formam professores para a educa\u00e7\u00e3o b\u00e1sica (ensinos infantil, fundamental e m\u00e9dio) interessados em uma das 12 mil bolsas de estudo que a Coordena\u00e7\u00e3o de Aperfei\u00e7oamento de Pessoal de N\u00edvel Superior (Capes) conceder\u00e1 por meio do programa federal Mais Professores para o Brasil poder\u00e3o se inscrever a partir do dia 17 de fevereiro, na <a href=\"http:\/\/freire.capes.gov.br\/\" target=\"_blank\">Plataforma Freire<\/a>.<\/strong><img decoding=\"async\" src=\"https:\/\/agenciabrasil.ebc.com.br\/ebc.png?id=1675258&#038;o=rss\"><img decoding=\"async\" src=\"https:\/\/agenciabrasil.ebc.com.br\/ebc.gif?id=1675258&#038;o=rss\"><\/p>\n<p>Podem se candidatar \u00e0 Bolsa de Atratividade e Forma\u00e7\u00e3o para a Doc\u00eancia \u2013 P\u00e9-de-Meia Licenciaturas os <strong>estudantes que obtiveram nota m\u00e9dia igual ou superior a 650 pontos no Exame Nacional do Ensino M\u00e9dio (Enem) e que ingressaram em um curso presencial de licenciatura a partir do segundo semestre de 2025, por meio do Sistema de Sele\u00e7\u00e3o Unificada (Sisu), do Programa Universidade para Todos (Prouni) ou do processo seletivo do Fundo de Financiamento Estudantil (Fies).<\/strong><\/p>\n<\/p>\n<h3>Not\u00edcias relacionadas:<\/h3>\n<ul>\n<li><a href=\"https:\/\/agenciabrasil.ebc.com.br\/educacao\/noticia\/2025-12\/professores-podem-acumular-cargo-publico-decide-congresso\">Professores podem acumular\u00a0cargo p\u00fablico, decide Congresso.<\/a><\/li>\n<li><a href=\"https:\/\/agenciabrasil.ebc.com.br\/economia\/noticia\/2025-12\/mudancas-no-ir-beneficiarao-735-dos-professores-da-educacao-basica\">Mudan\u00e7as no IR beneficiar\u00e3o 73,5% dos professores da educa\u00e7\u00e3o b\u00e1sica.<\/a><\/li>\n<li><a href=\"https:\/\/agenciabrasil.ebc.com.br\/educacao\/noticia\/2025-12\/violencia-e-censura-afetam-nove-em-cada-dez-professores-brasileiros\">Viol\u00eancia e censura afetam nove em cada dez professores brasileiros.<\/a><\/li>\n<\/ul>\n<p>As bolsas do P\u00e9-de-Meia Licenciaturas garantem aos estudantes contemplados uma<strong> ajuda financeira mensal de R$ 1.050, dos quais R$ 700 podem ser sacados a qualquer momento, enquanto os R$ 350 restantes servir\u00e3o para formar uma poupan\u00e7a,<\/strong> limitada a 48 parcelas (R$16.800\u00a0em valores atuais, sem corre\u00e7\u00e3o), que s\u00f3 poder\u00e1 ser movimentada ap\u00f3s o benefici\u00e1rio come\u00e7ar a dar aulas na rede p\u00fablica de ensino.<\/p>\n<p>Para preservar a bolsa, os estudantes selecionados n\u00e3o s\u00f3 dever\u00e3o se manter matriculados, como ter\u00e3o que ter \u201cdesempenho acad\u00eamico satisfat\u00f3rio\u201d, conforme as normas do curso. Tamb\u00e9m ter\u00e3o que preencher question\u00e1rios e participar das\u00a0avalia\u00e7\u00f5es e outras iniciativas promovidas pela Capes e por suas institui\u00e7\u00f5es de ensino, al\u00e9m de cumprir as demais exig\u00eancias do programa.<\/p>\n<p><strong>Mais informa\u00e7\u00f5es sobre como participar do P\u00e9-de-Meia Licenciaturas podem ser consultadas no<a href=\"https:\/\/www.gov.br\/mec\/pt-br\/mais-professores\/pe-de-meia-licenciaturas\/documentos\/Edital22026.pdf\" target=\"_blank\"> Edital n\u00ba 2\/2026<\/a>,\u00a0que a Capes publicou no <em>Di\u00e1rio Oficial da Uni\u00e3o<\/em> desta sexta-feira (16).<\/strong><\/p>\n<p>Segundo o Minist\u00e9rio da Educa\u00e7\u00e3o, o programa P\u00e9-de-Meia Licenciaturas busca atrair jovens com bom desempenho no Enem para cursos presenciais de forma\u00e7\u00e3o de professores, promovendo a escolha da doc\u00eancia como profiss\u00e3o a fim de ampliar a forma\u00e7\u00e3o de docentes em todo o pa\u00eds, evitando um apag\u00e3o educacional. Atualmente, apenas 3% dos estudantes de 15 anos afirmam querer ser professores, e a taxa de evas\u00e3o varia\u00a0entre 53% nos cursos de pedagogia e 73% em licenciaturas em \u00e1reas como f\u00edsica.<\/p>\n<p>O P\u00e9-de-Meia faz parte do Mais Professores para o Brasil, que tamb\u00e9m conta com o Bolsa Mais Professores, Portal de Forma\u00e7\u00e3o, Prova Nacional Docente e outras a\u00e7\u00f5es de valoriza\u00e7\u00e3o que, de acordo com a pasta, podem beneficiar at\u00e9 2,3 milh\u00f5es de docentes em todo o pa\u00eds.<\/p>\n","protected":false},"excerpt":{"rendered":"<p>Estudantes de cursos de gradua\u00e7\u00e3o presenciais que formam professores para a educa\u00e7\u00e3o b\u00e1sica (ensinos infantil, fundamental e m\u00e9dio) interessados em uma das 12 mil bolsas de estudo que a Coordena\u00e7\u00e3o de Aperfei\u00e7oamento de Pessoal de N\u00edvel Superior (Capes) conceder\u00e1 por meio do programa federal Mais Professores para o Brasil poder\u00e3o se inscrever a partir do [&hellip;]<\/p>\n","protected":false},"author":78,"featured_media":11289,"comment_status":"open","ping_status":"open","sticky":false,"template":"","format":"standard","meta":{"site-sidebar-layout":"default","site-content-layout":"","ast-site-content-layout":"","site-content-style":"default","site-sidebar-style":"default","ast-global-header-display":"","ast-banner-title-visibility":"","ast-main-header-display":"","ast-hfb-above-header-display":"","ast-hfb-below-header-display":"","ast-hfb-mobile-header-display":"","site-post-title":"","ast-breadcrumbs-content":"","ast-featured-img":"","footer-sml-layout":"","theme-transparent-header-meta":"","adv-header-id-meta":"","stick-header-meta":"","header-above-stick-meta":"","header-main-stick-meta":"","header-below-stick-meta":"","astra-migrate-meta-layouts":"default","ast-page-background-enabled":"default","ast-page-background-meta":{"desktop":{"background-color":"var(--ast-global-color-4)","background-image":"","background-repeat":"repeat","background-position":"center center","background-size":"auto","background-attachment":"scroll","background-type":"","background-media":"","overlay-type":"","overlay-color":"","overlay-opacity":"","overlay-gradient":""},"tablet":{"background-color":"","background-image":"","background-repeat":"repeat","background-position":"center center","background-size":"auto","background-attachment":"scroll","background-type":"","background-media":"","overlay-type":"","overlay-color":"","overlay-opacity":"","overlay-gradient":""},"mobile":{"background-color":"","background-image":"","background-repeat":"repeat","background-position":"center center","background-size":"auto","background-attachment":"scroll","background-type":"","background-media":"","overlay-type":"","overlay-color":"","overlay-opacity":"","overlay-gradient":""}},"ast-content-background-meta":{"desktop":{"background-color":"var(--ast-global-color-5)","background-image":"","background-repeat":"repeat","background-position":"center center","background-size":"auto","background-attachment":"scroll","background-type":"","background-media":"","overlay-type":"","overlay-color":"","overlay-opacity":"","overlay-gradient":""},"tablet":{"background-color":"var(--ast-global-color-5)","background-image":"","background-repeat":"repeat","background-position":"center center","background-size":"auto","background-attachment":"scroll","background-type":"","background-media":"","overlay-type":"","overlay-color":"","overlay-opacity":"","overlay-gradient":""},"mobile":{"background-color":"var(--ast-global-color-5)","background-image":"","background-repeat":"repeat","background-position":"center center","background-size":"auto","background-attachment":"scroll","background-type":"","background-media":"","overlay-type":"","overlay-color":"","overlay-opacity":"","overlay-gradient":""}},"footnotes":""},"categories":[123],"tags":[],"class_list":["post-11288","post","type-post","status-publish","format-standard","has-post-thumbnail","hentry","category-politica"],"_links":{"self":[{"href":"https:\/\/jornalregionalms.com.br\/index.php?rest_route=\/wp\/v2\/posts\/11288","targetHints":{"allow":["GET"]}}],"collection":[{"href":"https:\/\/jornalregionalms.com.br\/index.php?rest_route=\/wp\/v2\/posts"}],"about":[{"href":"https:\/\/jornalregionalms.com.br\/index.php?rest_route=\/wp\/v2\/types\/post"}],"author":[{"embeddable":true,"href":"https:\/\/jornalregionalms.com.br\/index.php?rest_route=\/wp\/v2\/users\/78"}],"replies":[{"embeddable":true,"href":"https:\/\/jornalregionalms.com.br\/index.php?rest_route=%2Fwp%2Fv2%2Fcomments&post=11288"}],"version-history":[{"count":0,"href":"https:\/\/jornalregionalms.com.br\/index.php?rest_route=\/wp\/v2\/posts\/11288\/revisions"}],"wp:featuredmedia":[{"embeddable":true,"href":"https:\/\/jornalregionalms.com.br\/index.php?rest_route=\/wp\/v2\/media\/11289"}],"wp:attachment":[{"href":"https:\/\/jornalregionalms.com.br\/index.php?rest_route=%2Fwp%2Fv2%2Fmedia&parent=11288"}],"wp:term":[{"taxonomy":"category","embeddable":true,"href":"https:\/\/jornalregionalms.com.br\/index.php?rest_route=%2Fwp%2Fv2%2Fcategories&post=11288"},{"taxonomy":"post_tag","embeddable":true,"href":"https:\/\/jornalregionalms.com.br\/index.php?rest_route=%2Fwp%2Fv2%2Ftags&post=11288"}],"curies":[{"name":"wp","href":"https:\/\/api.w.org\/{rel}","templated":true}]}}