{"id":11284,"date":"2026-01-17T17:32:30","date_gmt":"2026-01-17T21:32:30","guid":{"rendered":"https:\/\/jornalregionalms.com.br\/?p=11284"},"modified":"2026-01-17T17:32:30","modified_gmt":"2026-01-17T21:32:30","slug":"cni-brasil-acessara-36-do-comercio-global-com-acordo-ue-mercosul","status":"publish","type":"post","link":"https:\/\/jornalregionalms.com.br\/?p=11284","title":{"rendered":"CNI: Brasil acessar\u00e1 36% do com\u00e9rcio global com acordo UE-Mercosul"},"content":{"rendered":"<\/p>\n<p><a class=\"\" href=\"https:\/\/agenciabrasil.ebc.com.br\/economia\/noticia\/2026-01\/cni-brasil-acessara-36-do-comercio-global-com-acordo-ue-mercosul\"><br \/>\n                    <img decoding=\"async\" src=\"https:\/\/cdn.jsdelivr.net\/gh\/sergiosdlima\/assets-ebc@1.0.0\/abr\/assets\/images\/logo-agenciabrasil.svg\" alt=\"Logo Ag\u00eancia Brasil\"><br \/>\n\t\t\t\t<\/a><\/p>\n<p><strong>A Confedera\u00e7\u00e3o Nacional da Ind\u00fastria (CNI) apresentou um levantamento que aponta que o acordo comercial entre Mercosul e Uni\u00e3o Europeia (UE), quando entrar em vigor, vai aumentar de 8% para 36% o acesso brasileiro ao mercado de importa\u00e7\u00f5es mundiais de bens. Isso porque a Uni\u00e3o Europeia, sozinha, respondeu por 28% do com\u00e9rcio global em 2024.<\/strong><img decoding=\"async\" src=\"https:\/\/agenciabrasil.ebc.com.br\/ebc.png?id=1675270&#038;o=rss\"><img decoding=\"async\" src=\"https:\/\/agenciabrasil.ebc.com.br\/ebc.gif?id=1675270&#038;o=rss\"><\/p>\n<p>A an\u00e1lise foi divulgada neste s\u00e1bado (17), ap\u00f3s a <a href=\"https:\/\/agenciabrasil.ebc.com.br\/internacional\/noticia\/2026-01\/lideres-assinam-acordo-mercosul-uniao-europeia\" target=\"_blank\">assinatura do tratado pelos representantes do bloco europeu e dos pa\u00edses integrantes do Mercosul<\/a>, em cerim\u00f4nia em Assun\u00e7\u00e3o, no Paraguai. A entidade industrial brasileira avalia a formaliza\u00e7\u00e3o do acordo \u00e9 uma virada estrat\u00e9gica para a ind\u00fastria brasileira.<\/p>\n<\/p>\n<h3>Not\u00edcias relacionadas:<\/h3>\n<ul>\n<li><a href=\"https:\/\/agenciabrasil.ebc.com.br\/internacional\/noticia\/2026-01\/lideres-assinam-acordo-mercosul-uniao-europeia\">L\u00edderes do Mercosul e da UE assinam acordo e defendem multilateralismo.<\/a><\/li>\n<li><a href=\"https:\/\/agenciabrasil.ebc.com.br\/economia\/noticia\/2026-01\/mdic-cria-portal-com-informacoes-sobre-comercio-entre-mercosul-e-ue\">MDIC cria portal com informa\u00e7\u00f5es sobre com\u00e9rcio entre Mercosul e UE.<\/a><\/li>\n<li><a href=\"https:\/\/agenciabrasil.ebc.com.br\/economia\/noticia\/2026-01\/lula-e-ursula-destacam-que-acordo-mercosul-ue-beneficiara-todos\">Lula e Ursula destacam que acordo Mercosul-UE beneficiar\u00e1 a todos.<\/a><\/li>\n<\/ul>\n<p>O levantamento indica tamb\u00e9m que 54,3% dos produtos negociados, que correspondem a mais de cinco mil itens, ter\u00e3o imposto zerado na Uni\u00e3o Europeia assim que o acordo Mercosul-UE entrar em vigor. J\u00e1 do lado do Mercosul, o Brasil ter\u00e1 prazos mais longos, entre 10 e 15 anos, para reduzir tarifas de 44,1% dos produtos (4,4 mil itens), assegurando uma transi\u00e7\u00e3o gradual e previs\u00edvel.<\/p>\n<blockquote>\n<p>&#8220;Com base nos dados de 2024, 82,7% das exporta\u00e7\u00f5es do Brasil para a UE passar\u00e3o a ingressar no bloco sem tarifa de importa\u00e7\u00e3o desde o in\u00edcio da vig\u00eancia. Por outro lado, o Brasil se comprometeu a zerar imediatamente tarifas de apenas 15,1% das importa\u00e7\u00f5es com origem na Uni\u00e3o Europeia, refor\u00e7ando a diferen\u00e7a favor\u00e1vel ao pa\u00eds&#8221;, avalia a CNI.<\/p>\n<\/blockquote>\n<p>Ap\u00f3s a assinatura, o texto ainda ser\u00e1 submetido \u00e0 ratifica\u00e7\u00e3o do Parlamento Europeu e dos congressos nacionais de cada pa\u00eds integrante do Mercosul. A entrada em vigor da parte comercial do acordo depende da aprova\u00e7\u00e3o legislativa, com previs\u00e3o de implementa\u00e7\u00e3o gradual ao longo dos pr\u00f3ximos anos.<\/p>\n<p>Ainda de acordo com a an\u00e1lise da entidade, o Brasil ter\u00e1, em m\u00e9dia, oito anos adicionais para se adaptar \u00e0 redu\u00e7\u00e3o tarif\u00e1ria, se comparado ao prazo do bloco europeu e considerando o com\u00e9rcio bilateral e o cronograma previsto no Acordo Mercosul-UE.<\/p>\n<blockquote>\n<p>&#8220;A assinatura do acordo \u00e9 um marco hist\u00f3rico para o fortalecimento da ind\u00fastria brasileira, a diversifica\u00e7\u00e3o da pauta exportadora e a integra\u00e7\u00e3o internacional do pa\u00eds ao com\u00e9rcio global\u201d, diz a CNI.<\/p>\n<\/blockquote>\n<p>\u201cEm negocia\u00e7\u00e3o h\u00e1 mais de 25 anos, trata-se do tratado mais moderno e abrangente j\u00e1 negociado pelo Mercosul e vai al\u00e9m da redu\u00e7\u00e3o de tarifas ao incorporar disciplinas que aumentam a previsibilidade regulat\u00f3ria, reduzem custos e criam um ambiente mais favor\u00e1vel aos investimentos, \u00e0 inova\u00e7\u00e3o e \u00e0 cria\u00e7\u00e3o de empregos&#8221;, avalia a entidade.<\/p>\n<p><strong><a href=\"https:\/\/agenciabrasil.ebc.com.br\/economia\/noticia\/2026-01\/entenda-em-13-pontos-o-acordo-mercosul-ue\" target=\"_blank\">>>Entenda em 13 pontos o acordo Mercosul\u2013UE<\/a><\/strong><\/p>\n<h2>Gera\u00e7\u00e3o de empregos<\/h2>\n<p>\u00a0<\/p>\n<div class=\"dnd-widget-wrapper context-cheio_8colunas type-image\">\n<div class=\"dnd-atom-rendered\"><!-- scald=167290:cheio_8colunas --><br \/>\n            <img decoding=\"async\" src=\"https:\/\/agenciabrasil.ebc.com.br\/sites\/default\/files\/thumbnails\/image\/loading_v2.gif\" data-echo=\"https:\/\/imagens.ebc.com.br\/7S9u0DW09YRANlHPAfJloTR7maE=\/754x0\/smart\/https:\/\/agenciabrasil.ebc.com.br\/sites\/default\/files\/thumbnails\/image\/industrias_fabricas_de_motocicletas_industrias_fabricas_santos_fc2610100916.jpg?itok=LcN0Rp1G\" alt=\"F\u00e1brica da Yamaha. Linha de montagem de motocicletas Yamaha. Ch\u00e3o de f\u00e1brica.\nManaus (AM) 26.10.2010 - Foto: Jos\u00e9 Paulo Lacerda\" title=\"CNI\/Jos\u00e9 Paulo Lacerda\/Direitos reservados\"><br \/>\n        <noscript><img decoding=\"async\" src=\"https:\/\/imagens.ebc.com.br\/7S9u0DW09YRANlHPAfJloTR7maE=\/754x0\/smart\/https:\/\/agenciabrasil.ebc.com.br\/sites\/default\/files\/thumbnails\/image\/industrias_fabricas_de_motocicletas_industrias_fabricas_santos_fc2610100916.jpg?itok=LcN0Rp1G\" alt=\"F\u00e1brica da Yamaha. Linha de montagem de motocicletas Yamaha. Ch\u00e3o de f\u00e1brica.\nManaus (AM) 26.10.2010 - Foto: Jos\u00e9 Paulo Lacerda\" title=\"CNI\/Jos\u00e9 Paulo Lacerda\/Direitos reservados\"><\/noscript><br \/>\n    <!-- END scald=167290 --><\/div>\n<div class=\"dnd-caption-wrapper\">\n<div class=\"meta\">Em 2024, segundo a CNI, a cada R$ 1 bilh\u00e3o exportado do Brasil \u00e0 UE foram criados 21,8 mil empregos\u00a0&#8211; Foto: Jos\u00e9 Paulo Lacerda &#8211; <strong>CNI\/Jos\u00e9 Paulo Lacerda\/Direitos reservados<\/strong><!--END copyright=167290--><\/div>\n<\/div>\n<\/div>\n<p>Em 2024, segundo a CNI, a cada R$ 1 bilh\u00e3o exportado do Brasil \u00e0 UE foram criados 21,8 mil empregos e movimentados R$ 441,7 milh\u00f5es em massa salarial e R$ 3,2 bilh\u00f5es em produ\u00e7\u00e3o.<\/p>\n<p>Em rela\u00e7\u00e3o ao setor agroindustrial, o acordo tamb\u00e9m traz resultados positivos, uma vez que cotas negociadas favorecem setores-chave e, no caso da carne bovina, s\u00e3o mais do que o dobro das concedidas pela Uni\u00e3o Europeia a parceiros como o Canad\u00e1 e mais de quatro vezes superiores \u00e0s destinadas ao M\u00e9xico. As cotas de arroz superam o volume atualmente exportado pelo Brasil ao bloco, ampliando o potencial de acesso ao mercado europeu.<\/p>\n<h2>Coopera\u00e7\u00e3o tecnol\u00f3gica<\/h2>\n<p>A assinatura do tratado cria ainda um ambiente favor\u00e1vel para ampliar projetos pesquisa e desenvolvimento voltados \u00e0 sustentabilidade e \u00e0 inova\u00e7\u00e3o tecnol\u00f3gica, aponta a CNI.<\/p>\n<p>&#8220;As novas exig\u00eancias regulat\u00f3rias e de mercado impulsionam oportunidades em tecnologias de descarboniza\u00e7\u00e3o industrial \u2013 como captura, uso e armazenamento de carbono, uso e mineraliza\u00e7\u00e3o de CO\u2082, eletrifica\u00e7\u00e3o com hidrog\u00eanio de baixa emiss\u00e3o, motores h\u00edbrido-flex e reciclagem de baterias e minerais cr\u00edticos \u2013, e no desenvolvimento de bioinsumos para uma agricultura mais resiliente. A articula\u00e7\u00e3o dessas frentes fortalece a coopera\u00e7\u00e3o tecnol\u00f3gica, acelera a transi\u00e7\u00e3o para uma economia de baixo carbono e amplia a competitividade do Brasil no mercado europeu&#8221;, aponta a entidade.<\/p>\n<p>Em 2024, a Uni\u00e3o Europeia foi destino de US$ 48,2 bilh\u00f5es das exporta\u00e7\u00f5es brasileiras, o equivalente a 14,3% do total exportado pelo pa\u00eds, e permanece como o segundo principal mercado externo do Brasil, atr\u00e1s da China. No mesmo per\u00edodo, o bloco respondeu por US$ 47,2 bilh\u00f5es das importa\u00e7\u00f5es brasileiras, 17,9% do total.<\/p>\n<p>A quase totalidade (98,4%) das importa\u00e7\u00f5es brasileiras provenientes da Europa corresponderam a produtos da ind\u00fastria de transforma\u00e7\u00e3o, enquanto 46,3% das exporta\u00e7\u00f5es brasileiras \u00e0 UE foram de bens industriais. Considerando os insumos industriais, a participa\u00e7\u00e3o no com\u00e9rcio em 2024 foi de 56,6% das importa\u00e7\u00f5es origin\u00e1rias do bloco e de 34,2% das exporta\u00e7\u00f5es do Brasil para a Uni\u00e3o Europeia, segundo a CNI.<\/p>\n<p>&#8220;Essa complementaridade contribui para a moderniza\u00e7\u00e3o do parque industrial brasileiro aumentando a competitividade da ind\u00fastria. A UE tamb\u00e9m \u00e9 destaque como o principal investidor no Brasil. Em 2023, o bloco respondeu por 31,6% do estoque de investimento produtivo estrangeiro no pa\u00eds, somando US$ 321,4 bilh\u00f5es. O Brasil foi o maior investidor latino-americano na Uni\u00e3o Europeia: o bloco foi destino de 63,9% dos investimentos brasileiros no exterior&#8221;.<\/p>\n","protected":false},"excerpt":{"rendered":"<p>A Confedera\u00e7\u00e3o Nacional da Ind\u00fastria (CNI) apresentou um levantamento que aponta que o acordo comercial entre Mercosul e Uni\u00e3o Europeia (UE), quando entrar em vigor, vai aumentar de 8% para 36% o acesso brasileiro ao mercado de importa\u00e7\u00f5es mundiais de bens. Isso porque a Uni\u00e3o Europeia, sozinha, respondeu por 28% do com\u00e9rcio global em 2024. [&hellip;]<\/p>\n","protected":false},"author":15,"featured_media":11285,"comment_status":"open","ping_status":"open","sticky":false,"template":"","format":"standard","meta":{"site-sidebar-layout":"default","site-content-layout":"","ast-site-content-layout":"","site-content-style":"default","site-sidebar-style":"default","ast-global-header-display":"","ast-banner-title-visibility":"","ast-main-header-display":"","ast-hfb-above-header-display":"","ast-hfb-below-header-display":"","ast-hfb-mobile-header-display":"","site-post-title":"","ast-breadcrumbs-content":"","ast-featured-img":"","footer-sml-layout":"","theme-transparent-header-meta":"","adv-header-id-meta":"","stick-header-meta":"","header-above-stick-meta":"","header-main-stick-meta":"","header-below-stick-meta":"","astra-migrate-meta-layouts":"default","ast-page-background-enabled":"default","ast-page-background-meta":{"desktop":{"background-color":"var(--ast-global-color-4)","background-image":"","background-repeat":"repeat","background-position":"center center","background-size":"auto","background-attachment":"scroll","background-type":"","background-media":"","overlay-type":"","overlay-color":"","overlay-opacity":"","overlay-gradient":""},"tablet":{"background-color":"","background-image":"","background-repeat":"repeat","background-position":"center center","background-size":"auto","background-attachment":"scroll","background-type":"","background-media":"","overlay-type":"","overlay-color":"","overlay-opacity":"","overlay-gradient":""},"mobile":{"background-color":"","background-image":"","background-repeat":"repeat","background-position":"center center","background-size":"auto","background-attachment":"scroll","background-type":"","background-media":"","overlay-type":"","overlay-color":"","overlay-opacity":"","overlay-gradient":""}},"ast-content-background-meta":{"desktop":{"background-color":"var(--ast-global-color-5)","background-image":"","background-repeat":"repeat","background-position":"center center","background-size":"auto","background-attachment":"scroll","background-type":"","background-media":"","overlay-type":"","overlay-color":"","overlay-opacity":"","overlay-gradient":""},"tablet":{"background-color":"var(--ast-global-color-5)","background-image":"","background-repeat":"repeat","background-position":"center center","background-size":"auto","background-attachment":"scroll","background-type":"","background-media":"","overlay-type":"","overlay-color":"","overlay-opacity":"","overlay-gradient":""},"mobile":{"background-color":"var(--ast-global-color-5)","background-image":"","background-repeat":"repeat","background-position":"center center","background-size":"auto","background-attachment":"scroll","background-type":"","background-media":"","overlay-type":"","overlay-color":"","overlay-opacity":"","overlay-gradient":""}},"footnotes":""},"categories":[126],"tags":[],"class_list":["post-11284","post","type-post","status-publish","format-standard","has-post-thumbnail","hentry","category-policial"],"_links":{"self":[{"href":"https:\/\/jornalregionalms.com.br\/index.php?rest_route=\/wp\/v2\/posts\/11284","targetHints":{"allow":["GET"]}}],"collection":[{"href":"https:\/\/jornalregionalms.com.br\/index.php?rest_route=\/wp\/v2\/posts"}],"about":[{"href":"https:\/\/jornalregionalms.com.br\/index.php?rest_route=\/wp\/v2\/types\/post"}],"author":[{"embeddable":true,"href":"https:\/\/jornalregionalms.com.br\/index.php?rest_route=\/wp\/v2\/users\/15"}],"replies":[{"embeddable":true,"href":"https:\/\/jornalregionalms.com.br\/index.php?rest_route=%2Fwp%2Fv2%2Fcomments&post=11284"}],"version-history":[{"count":0,"href":"https:\/\/jornalregionalms.com.br\/index.php?rest_route=\/wp\/v2\/posts\/11284\/revisions"}],"wp:featuredmedia":[{"embeddable":true,"href":"https:\/\/jornalregionalms.com.br\/index.php?rest_route=\/wp\/v2\/media\/11285"}],"wp:attachment":[{"href":"https:\/\/jornalregionalms.com.br\/index.php?rest_route=%2Fwp%2Fv2%2Fmedia&parent=11284"}],"wp:term":[{"taxonomy":"category","embeddable":true,"href":"https:\/\/jornalregionalms.com.br\/index.php?rest_route=%2Fwp%2Fv2%2Fcategories&post=11284"},{"taxonomy":"post_tag","embeddable":true,"href":"https:\/\/jornalregionalms.com.br\/index.php?rest_route=%2Fwp%2Fv2%2Ftags&post=11284"}],"curies":[{"name":"wp","href":"https:\/\/api.w.org\/{rel}","templated":true}]}}