{"id":11280,"date":"2026-01-17T17:32:24","date_gmt":"2026-01-17T21:32:24","guid":{"rendered":"https:\/\/jornalregionalms.com.br\/?p=11280"},"modified":"2026-01-17T17:32:24","modified_gmt":"2026-01-17T21:32:24","slug":"cristian-ribeira-conquista-mais-um-ouro-na-alemanha","status":"publish","type":"post","link":"https:\/\/jornalregionalms.com.br\/?p=11280","title":{"rendered":"Cristian Ribeira conquista mais um ouro na Alemanha"},"content":{"rendered":"<\/p>\n<p><a class=\"\" href=\"https:\/\/agenciabrasil.ebc.com.br\/esportes\/noticia\/2026-01\/cristian-ribeira-conquista-mais-um-ouro-na-alemanha\"><br \/>\n                    <img decoding=\"async\" src=\"https:\/\/cdn.jsdelivr.net\/gh\/sergiosdlima\/assets-ebc@1.0.0\/abr\/assets\/images\/logo-agenciabrasil.svg\" alt=\"Logo Ag\u00eancia Brasil\"><br \/>\n\t\t\t\t<\/a><\/p>\n<p><strong>O esquiador rondoniense Cristian Ribera conquistou a medalha de ouro na prova de sprint de 1quil\u00f4metro (km) dentro da segunda etapa da temporada de inverno da Copa do Mundo de esqui cross-country, disputada em Finsterau, na Alemanha.<\/strong><img decoding=\"async\" src=\"https:\/\/agenciabrasil.ebc.com.br\/ebc.png?id=1675265&#038;o=rss\"><img decoding=\"async\" src=\"https:\/\/agenciabrasil.ebc.com.br\/ebc.gif?id=1675265&#038;o=rss\"><\/p>\n<p>A vit\u00f3ria deste s\u00e1bado (17) foi a segunda do brasileiro em tr\u00eas dias de competi\u00e7\u00e3o. O esquiador paral\u00edmpico rondoniense j\u00e1 havia levado o ouro da etapa na quinta-feira (15), ao vencer a prova dos 10 km com largada em massa (mass start).<\/p>\n<\/p>\n<h3>Not\u00edcias relacionadas:<\/h3>\n<ul>\n<li><a href=\"https:\/\/agenciabrasil.ebc.com.br\/esportes\/noticia\/2025-03\/copa-de-esqui-cross-country-cristian-ribera-vence-titulo-geral\">Copa de esqui cross-country: Cristian Ribera vence t\u00edtulo geral.<\/a><\/li>\n<li><a href=\"https:\/\/agenciabrasil.ebc.com.br\/esportes\/noticia\/2022-01\/cristian-ribera-e-vice-campeao-mundial-paralimpico-na-noruega\">Cristian Ribera \u00e9 vice-campe\u00e3o mundial paral\u00edmpico na Noruega.<\/a><\/li>\n<\/ul>\n<p><strong>A vit\u00f3ria de hoje veio com o tempo de 2min55s74. A prata ficou com o cazaque Yerbol Khamitov, que marcou 2min56s13, enquanto o bronze foi do chin\u00eas Zhongwu Mao, com 2min58s73.<\/strong><\/p>\n<p>Guilherme Rocha e Robelson Lula tamb\u00e9m disputaram a prova finalizando na 23\u00aa e 29\u00aa coloca\u00e7\u00f5es, respectivamente. No feminino, a paranaense Aline Rocha encerrou a final na quinta coloca\u00e7\u00e3o.\u00a0<\/p>\n","protected":false},"excerpt":{"rendered":"<p>O esquiador rondoniense Cristian Ribera conquistou a medalha de ouro na prova de sprint de 1quil\u00f4metro (km) dentro da segunda etapa da temporada de inverno da Copa do Mundo de esqui cross-country, disputada em Finsterau, na Alemanha. A vit\u00f3ria deste s\u00e1bado (17) foi a segunda do brasileiro em tr\u00eas dias de competi\u00e7\u00e3o. O esquiador paral\u00edmpico [&hellip;]<\/p>\n","protected":false},"author":1,"featured_media":11281,"comment_status":"open","ping_status":"open","sticky":false,"template":"","format":"standard","meta":{"site-sidebar-layout":"default","site-content-layout":"","ast-site-content-layout":"","site-content-style":"default","site-sidebar-style":"default","ast-global-header-display":"","ast-banner-title-visibility":"","ast-main-header-display":"","ast-hfb-above-header-display":"","ast-hfb-below-header-display":"","ast-hfb-mobile-header-display":"","site-post-title":"","ast-breadcrumbs-content":"","ast-featured-img":"","footer-sml-layout":"","theme-transparent-header-meta":"","adv-header-id-meta":"","stick-header-meta":"","header-above-stick-meta":"","header-main-stick-meta":"","header-below-stick-meta":"","astra-migrate-meta-layouts":"default","ast-page-background-enabled":"default","ast-page-background-meta":{"desktop":{"background-color":"var(--ast-global-color-4)","background-image":"","background-repeat":"repeat","background-position":"center center","background-size":"auto","background-attachment":"scroll","background-type":"","background-media":"","overlay-type":"","overlay-color":"","overlay-opacity":"","overlay-gradient":""},"tablet":{"background-color":"","background-image":"","background-repeat":"repeat","background-position":"center center","background-size":"auto","background-attachment":"scroll","background-type":"","background-media":"","overlay-type":"","overlay-color":"","overlay-opacity":"","overlay-gradient":""},"mobile":{"background-color":"","background-image":"","background-repeat":"repeat","background-position":"center center","background-size":"auto","background-attachment":"scroll","background-type":"","background-media":"","overlay-type":"","overlay-color":"","overlay-opacity":"","overlay-gradient":""}},"ast-content-background-meta":{"desktop":{"background-color":"var(--ast-global-color-5)","background-image":"","background-repeat":"repeat","background-position":"center center","background-size":"auto","background-attachment":"scroll","background-type":"","background-media":"","overlay-type":"","overlay-color":"","overlay-opacity":"","overlay-gradient":""},"tablet":{"background-color":"var(--ast-global-color-5)","background-image":"","background-repeat":"repeat","background-position":"center center","background-size":"auto","background-attachment":"scroll","background-type":"","background-media":"","overlay-type":"","overlay-color":"","overlay-opacity":"","overlay-gradient":""},"mobile":{"background-color":"var(--ast-global-color-5)","background-image":"","background-repeat":"repeat","background-position":"center center","background-size":"auto","background-attachment":"scroll","background-type":"","background-media":"","overlay-type":"","overlay-color":"","overlay-opacity":"","overlay-gradient":""}},"footnotes":""},"categories":[1],"tags":[],"class_list":["post-11280","post","type-post","status-publish","format-standard","has-post-thumbnail","hentry","category-sem-categoria"],"_links":{"self":[{"href":"https:\/\/jornalregionalms.com.br\/index.php?rest_route=\/wp\/v2\/posts\/11280","targetHints":{"allow":["GET"]}}],"collection":[{"href":"https:\/\/jornalregionalms.com.br\/index.php?rest_route=\/wp\/v2\/posts"}],"about":[{"href":"https:\/\/jornalregionalms.com.br\/index.php?rest_route=\/wp\/v2\/types\/post"}],"author":[{"embeddable":true,"href":"https:\/\/jornalregionalms.com.br\/index.php?rest_route=\/wp\/v2\/users\/1"}],"replies":[{"embeddable":true,"href":"https:\/\/jornalregionalms.com.br\/index.php?rest_route=%2Fwp%2Fv2%2Fcomments&post=11280"}],"version-history":[{"count":0,"href":"https:\/\/jornalregionalms.com.br\/index.php?rest_route=\/wp\/v2\/posts\/11280\/revisions"}],"wp:featuredmedia":[{"embeddable":true,"href":"https:\/\/jornalregionalms.com.br\/index.php?rest_route=\/wp\/v2\/media\/11281"}],"wp:attachment":[{"href":"https:\/\/jornalregionalms.com.br\/index.php?rest_route=%2Fwp%2Fv2%2Fmedia&parent=11280"}],"wp:term":[{"taxonomy":"category","embeddable":true,"href":"https:\/\/jornalregionalms.com.br\/index.php?rest_route=%2Fwp%2Fv2%2Fcategories&post=11280"},{"taxonomy":"post_tag","embeddable":true,"href":"https:\/\/jornalregionalms.com.br\/index.php?rest_route=%2Fwp%2Fv2%2Ftags&post=11280"}],"curies":[{"name":"wp","href":"https:\/\/api.w.org\/{rel}","templated":true}]}}