{"id":11278,"date":"2026-01-17T17:32:25","date_gmt":"2026-01-17T21:32:25","guid":{"rendered":"https:\/\/jornalregionalms.com.br\/?p=11278"},"modified":"2026-01-17T17:32:25","modified_gmt":"2026-01-17T21:32:25","slug":"calderano-disputa-semifinal-do-star-contender-de-doha-neste-domingo","status":"publish","type":"post","link":"https:\/\/jornalregionalms.com.br\/?p=11278","title":{"rendered":"Calderano disputa semifinal do Star Contender de Doha neste domingo"},"content":{"rendered":"<\/p>\n<p><a class=\"\" href=\"https:\/\/agenciabrasil.ebc.com.br\/esportes\/noticia\/2026-01\/calderano-disputa-semifinal-do-star-contender-de-doha-neste-domingo\"><br \/>\n                    <img decoding=\"async\" src=\"https:\/\/cdn.jsdelivr.net\/gh\/sergiosdlima\/assets-ebc@1.0.0\/abr\/assets\/images\/logo-agenciabrasil.svg\" alt=\"Logo Ag\u00eancia Brasil\"><br \/>\n\t\t\t\t<\/a><\/p>\n<p><strong>O\u00a0\u00a0mesatenista\u00a0Hugo Calderano disputar\u00e1 uma das semifinais do WTT Star Contender de Doha (Catar) neste domingo (18), \u00e0s 7h, hor\u00e1rio de Bras\u00edlia, contra o chin\u00eas Wen Ruibo.<\/strong><img decoding=\"async\" src=\"https:\/\/agenciabrasil.ebc.com.br\/ebc.png?id=1675272&#038;o=rss\"><img decoding=\"async\" src=\"https:\/\/agenciabrasil.ebc.com.br\/ebc.gif?id=1675272&#038;o=rss\"><\/p>\n<p>O brasileiro se garantiu entre os quatro melhores do torneio depois de vencer nas quartas, por\u00a03 sets a 1, neste s\u00e1bado (17,\u00a0o franc\u00eas Simon Gauzy, ex-companheiro de clube. Os dois jogavam pela equipe alem\u00e3 Liebherr Ochsenhausen.<\/p>\n<\/p>\n<h3>Not\u00edcias relacionadas:<\/h3>\n<ul>\n<li><a href=\"https:\/\/agenciabrasil.ebc.com.br\/esportes\/noticia\/2025-09\/hugo-calderano-e-vice-campeao-do-wtt-champions-macau\">Hugo Calderano \u00e9 vice-campe\u00e3o do WTT Champions Macau.<\/a><\/li>\n<li><a href=\"https:\/\/agenciabrasil.ebc.com.br\/esportes\/noticia\/2025-08\/hugo-calderano-comemora-titulo-em-foz-do-iguacu-o-4o-da-temporada\">Hugo Calderano comemora t\u00edtulo em Foz do Igua\u00e7u, o 4\u00ba da temporada.<\/a><\/li>\n<\/ul>\n<p>Mais cedo, nas oitavas, o brasileiro venceu o croata Tomislav Pucar por 3 a 0. A vit\u00f3ria ocorreu em apenas 18 minutos.<\/p>\n<p>Ambos defenderam o clube alem\u00e3o Liebherr Ochsenhausen por alguns anos<\/p>\n","protected":false},"excerpt":{"rendered":"<p>O\u00a0\u00a0mesatenista\u00a0Hugo Calderano disputar\u00e1 uma das semifinais do WTT Star Contender de Doha (Catar) neste domingo (18), \u00e0s 7h, hor\u00e1rio de Bras\u00edlia, contra o chin\u00eas Wen Ruibo. O brasileiro se garantiu entre os quatro melhores do torneio depois de vencer nas quartas, por\u00a03 sets a 1, neste s\u00e1bado (17,\u00a0o franc\u00eas Simon Gauzy, ex-companheiro de clube. Os [&hellip;]<\/p>\n","protected":false},"author":262,"featured_media":11279,"comment_status":"open","ping_status":"open","sticky":false,"template":"","format":"standard","meta":{"site-sidebar-layout":"default","site-content-layout":"","ast-site-content-layout":"","site-content-style":"default","site-sidebar-style":"default","ast-global-header-display":"","ast-banner-title-visibility":"","ast-main-header-display":"","ast-hfb-above-header-display":"","ast-hfb-below-header-display":"","ast-hfb-mobile-header-display":"","site-post-title":"","ast-breadcrumbs-content":"","ast-featured-img":"","footer-sml-layout":"","theme-transparent-header-meta":"","adv-header-id-meta":"","stick-header-meta":"","header-above-stick-meta":"","header-main-stick-meta":"","header-below-stick-meta":"","astra-migrate-meta-layouts":"default","ast-page-background-enabled":"default","ast-page-background-meta":{"desktop":{"background-color":"var(--ast-global-color-4)","background-image":"","background-repeat":"repeat","background-position":"center center","background-size":"auto","background-attachment":"scroll","background-type":"","background-media":"","overlay-type":"","overlay-color":"","overlay-opacity":"","overlay-gradient":""},"tablet":{"background-color":"","background-image":"","background-repeat":"repeat","background-position":"center center","background-size":"auto","background-attachment":"scroll","background-type":"","background-media":"","overlay-type":"","overlay-color":"","overlay-opacity":"","overlay-gradient":""},"mobile":{"background-color":"","background-image":"","background-repeat":"repeat","background-position":"center center","background-size":"auto","background-attachment":"scroll","background-type":"","background-media":"","overlay-type":"","overlay-color":"","overlay-opacity":"","overlay-gradient":""}},"ast-content-background-meta":{"desktop":{"background-color":"var(--ast-global-color-5)","background-image":"","background-repeat":"repeat","background-position":"center center","background-size":"auto","background-attachment":"scroll","background-type":"","background-media":"","overlay-type":"","overlay-color":"","overlay-opacity":"","overlay-gradient":""},"tablet":{"background-color":"var(--ast-global-color-5)","background-image":"","background-repeat":"repeat","background-position":"center center","background-size":"auto","background-attachment":"scroll","background-type":"","background-media":"","overlay-type":"","overlay-color":"","overlay-opacity":"","overlay-gradient":""},"mobile":{"background-color":"var(--ast-global-color-5)","background-image":"","background-repeat":"repeat","background-position":"center center","background-size":"auto","background-attachment":"scroll","background-type":"","background-media":"","overlay-type":"","overlay-color":"","overlay-opacity":"","overlay-gradient":""}},"footnotes":""},"categories":[1],"tags":[],"class_list":["post-11278","post","type-post","status-publish","format-standard","has-post-thumbnail","hentry","category-sem-categoria"],"_links":{"self":[{"href":"https:\/\/jornalregionalms.com.br\/index.php?rest_route=\/wp\/v2\/posts\/11278","targetHints":{"allow":["GET"]}}],"collection":[{"href":"https:\/\/jornalregionalms.com.br\/index.php?rest_route=\/wp\/v2\/posts"}],"about":[{"href":"https:\/\/jornalregionalms.com.br\/index.php?rest_route=\/wp\/v2\/types\/post"}],"author":[{"embeddable":true,"href":"https:\/\/jornalregionalms.com.br\/index.php?rest_route=\/wp\/v2\/users\/262"}],"replies":[{"embeddable":true,"href":"https:\/\/jornalregionalms.com.br\/index.php?rest_route=%2Fwp%2Fv2%2Fcomments&post=11278"}],"version-history":[{"count":0,"href":"https:\/\/jornalregionalms.com.br\/index.php?rest_route=\/wp\/v2\/posts\/11278\/revisions"}],"wp:featuredmedia":[{"embeddable":true,"href":"https:\/\/jornalregionalms.com.br\/index.php?rest_route=\/wp\/v2\/media\/11279"}],"wp:attachment":[{"href":"https:\/\/jornalregionalms.com.br\/index.php?rest_route=%2Fwp%2Fv2%2Fmedia&parent=11278"}],"wp:term":[{"taxonomy":"category","embeddable":true,"href":"https:\/\/jornalregionalms.com.br\/index.php?rest_route=%2Fwp%2Fv2%2Fcategories&post=11278"},{"taxonomy":"post_tag","embeddable":true,"href":"https:\/\/jornalregionalms.com.br\/index.php?rest_route=%2Fwp%2Fv2%2Ftags&post=11278"}],"curies":[{"name":"wp","href":"https:\/\/api.w.org\/{rel}","templated":true}]}}